{"id":7382,"date":"2026-01-28T11:33:19","date_gmt":"2026-01-28T11:33:19","guid":{"rendered":"https:\/\/www.locationlacannecy.fr\/blog\/saint-valentin-escapade-romantique-lac-annecy-alpes\/"},"modified":"2026-01-28T13:23:51","modified_gmt":"2026-01-28T13:23:51","slug":"saint-valentin-escapade-romantique-lac-annecy-alpes","status":"publish","type":"post","link":"https:\/\/www.locationlacannecy.fr\/blog\/en\/saint-valentin-escapade-romantique-lac-annecy-alpes\/","title":{"rendered":"\ud83d\udc95 Valentine&#8217;s Day : treat yourself to an unforgettable romantic getaway at Lake Annecy or in the Alps"},"content":{"rendered":"\t\t<div data-elementor-type=\"wp-post\" data-elementor-id=\"7382\" class=\"elementor elementor-7382 elementor-7319\" data-elementor-post-type=\"post\">\n\t\t\t\t<div class=\"elementor-element elementor-element-34c1d2ec e-flex e-con-boxed e-con e-parent\" data-id=\"34c1d2ec\" data-element_type=\"container\" data-e-type=\"container\">\n\t\t\t\t\t<div class=\"e-con-inner\">\n\t\t\t\t<div class=\"elementor-element elementor-element-66e01807 elementor-widget elementor-widget-text-editor\" data-id=\"66e01807\" data-element_type=\"widget\" data-e-type=\"widget\" data-widget_type=\"text-editor.default\">\n\t\t\t\t<div class=\"elementor-widget-container\">\n\t\t\t\t\t\t\t\t\t<p>Every year, February 14 is the perfect opportunity to celebrate love.<br>But what is Valentine&#8217;s Day really all about? And more importantly, how can you make it truly memorable, far from the clich\u00e9s? <\/p><p>This year, why not swap the traditional dinner at a restaurant for a real break for two, in an exceptional location, conducive to relaxation, sharing, and creating unforgettable memories?<\/p>\t\t\t\t\t\t\t\t<\/div>\n\t\t\t\t<\/div>\n\t\t\t\t<div class=\"elementor-element elementor-element-63869202 elementor-widget elementor-widget-image\" data-id=\"63869202\" data-element_type=\"widget\" data-e-type=\"widget\" data-widget_type=\"image.default\">\n\t\t\t\t<div class=\"elementor-widget-container\">\n\t\t\t\t\t\t\t\t\t\t\t\t\t\t\t<img fetchpriority=\"high\" decoding=\"async\" width=\"800\" height=\"271\" src=\"https:\/\/www.locationlacannecy.fr\/blog\/wp-content\/uploads\/2026\/01\/lvepackstvalentin-1024x347.png\" class=\"attachment-large size-large wp-image-7336\" alt=\"\" srcset=\"https:\/\/www.locationlacannecy.fr\/blog\/wp-content\/uploads\/2026\/01\/lvepackstvalentin-1024x347.png 1024w, https:\/\/www.locationlacannecy.fr\/blog\/wp-content\/uploads\/2026\/01\/lvepackstvalentin-300x102.png 300w, https:\/\/www.locationlacannecy.fr\/blog\/wp-content\/uploads\/2026\/01\/lvepackstvalentin-768x260.png 768w, https:\/\/www.locationlacannecy.fr\/blog\/wp-content\/uploads\/2026\/01\/lvepackstvalentin-1536x520.png 1536w, https:\/\/www.locationlacannecy.fr\/blog\/wp-content\/uploads\/2026\/01\/lvepackstvalentin.png 1920w\" sizes=\"(max-width: 800px) 100vw, 800px\" \/>\t\t\t\t\t\t\t\t\t\t\t\t\t\t\t<\/div>\n\t\t\t\t<\/div>\n\t\t\t\t\t<\/div>\n\t\t\t\t<\/div>\n\t\t<div class=\"elementor-element elementor-element-3127b818 e-flex e-con-boxed e-con e-parent\" data-id=\"3127b818\" data-element_type=\"container\" data-e-type=\"container\">\n\t\t\t\t\t<div class=\"e-con-inner\">\n\t\t\t\t<div class=\"elementor-element elementor-element-3d54c95c elementor-toc--minimized-on-tablet elementor-widget elementor-widget-table-of-contents\" data-id=\"3d54c95c\" data-element_type=\"widget\" data-e-type=\"widget\" data-settings=\"{&quot;headings_by_tags&quot;:[&quot;h3&quot;],&quot;exclude_headings_by_selector&quot;:[],&quot;no_headings_message&quot;:&quot;Aucun titre n\\u2019a \\u00e9t\\u00e9 trouv\\u00e9 sur cette page.&quot;,&quot;marker_view&quot;:&quot;numbers&quot;,&quot;minimize_box&quot;:&quot;yes&quot;,&quot;minimized_on&quot;:&quot;tablet&quot;,&quot;hierarchical_view&quot;:&quot;yes&quot;,&quot;min_height&quot;:{&quot;unit&quot;:&quot;px&quot;,&quot;size&quot;:&quot;&quot;,&quot;sizes&quot;:[]},&quot;min_height_tablet&quot;:{&quot;unit&quot;:&quot;px&quot;,&quot;size&quot;:&quot;&quot;,&quot;sizes&quot;:[]},&quot;min_height_mobile&quot;:{&quot;unit&quot;:&quot;px&quot;,&quot;size&quot;:&quot;&quot;,&quot;sizes&quot;:[]}}\" data-widget_type=\"table-of-contents.default\">\n\t\t\t\t<div class=\"elementor-widget-container\">\n\t\t\t\t\t\t\t\t\t<div class=\"elementor-toc__header\">\n\t\t\t\t\t\t<h4 class=\"elementor-toc__header-title\">\n\t\t\t\tSummary\t\t\t<\/h4>\n\t\t\t\t\t\t\t\t\t\t<div class=\"elementor-toc__toggle-button elementor-toc__toggle-button--expand\" role=\"button\" tabindex=\"0\" aria-controls=\"elementor-toc__3d54c95c\" aria-expanded=\"true\" aria-label=\"Open table of contents\"><svg aria-hidden=\"true\" class=\"e-font-icon-svg e-fas-chevron-down\" viewBox=\"0 0 448 512\" xmlns=\"http:\/\/www.w3.org\/2000\/svg\"><path d=\"M207.029 381.476L12.686 187.132c-9.373-9.373-9.373-24.569 0-33.941l22.667-22.667c9.357-9.357 24.522-9.375 33.901-.04L224 284.505l154.745-154.021c9.379-9.335 24.544-9.317 33.901.04l22.667 22.667c9.373 9.373 9.373 24.569 0 33.941L240.971 381.476c-9.373 9.372-24.569 9.372-33.942 0z\"><\/path><\/svg><\/div>\n\t\t\t\t<div class=\"elementor-toc__toggle-button elementor-toc__toggle-button--collapse\" role=\"button\" tabindex=\"0\" aria-controls=\"elementor-toc__3d54c95c\" aria-expanded=\"true\" aria-label=\"Close table of contents\"><svg aria-hidden=\"true\" class=\"e-font-icon-svg e-fas-chevron-up\" viewBox=\"0 0 448 512\" xmlns=\"http:\/\/www.w3.org\/2000\/svg\"><path d=\"M240.971 130.524l194.343 194.343c9.373 9.373 9.373 24.569 0 33.941l-22.667 22.667c-9.357 9.357-24.522 9.375-33.901.04L224 227.495 69.255 381.516c-9.379 9.335-24.544 9.317-33.901-.04l-22.667-22.667c-9.373-9.373-9.373-24.569 0-33.941L207.03 130.525c9.372-9.373 24.568-9.373 33.941-.001z\"><\/path><\/svg><\/div>\n\t\t\t\t\t<\/div>\n\t\t\t\t<div id=\"elementor-toc__3d54c95c\" class=\"elementor-toc__body\">\n\t\t\t<div class=\"elementor-toc__spinner-container\">\n\t\t\t\t<svg class=\"elementor-toc__spinner eicon-animation-spin e-font-icon-svg e-eicon-loading\" aria-hidden=\"true\" viewBox=\"0 0 1000 1000\" xmlns=\"http:\/\/www.w3.org\/2000\/svg\"><path d=\"M500 975V858C696 858 858 696 858 500S696 142 500 142 142 304 142 500H25C25 237 238 25 500 25S975 237 975 500 763 975 500 975Z\"><\/path><\/svg>\t\t\t<\/div>\n\t\t<\/div>\n\t\t\t\t\t\t<\/div>\n\t\t\t\t<\/div>\n\t\t\t\t<div class=\"elementor-element elementor-element-203d6a2f elementor-widget elementor-widget-heading\" data-id=\"203d6a2f\" data-element_type=\"widget\" data-e-type=\"widget\" data-widget_type=\"heading.default\">\n\t\t\t\t<div class=\"elementor-widget-container\">\n\t\t\t\t\t<h3 class=\"elementor-heading-title elementor-size-default\">\ud83d\udc8c Valentine's Day: a holiday dedicated to love <\/h3>\t\t\t\t<\/div>\n\t\t\t\t<\/div>\n\t\t\t\t\t<\/div>\n\t\t\t\t<\/div>\n\t\t<div class=\"elementor-element elementor-element-52f82e6 e-flex e-con-boxed e-con e-parent\" data-id=\"52f82e6\" data-element_type=\"container\" data-e-type=\"container\">\n\t\t\t\t\t<div class=\"e-con-inner\">\n\t\t<div class=\"elementor-element elementor-element-8879deb e-con-full e-flex e-con e-child\" data-id=\"8879deb\" data-element_type=\"container\" data-e-type=\"container\">\n\t\t\t\t<div class=\"elementor-element elementor-element-4b414b1 elementor-widget elementor-widget-text-editor\" data-id=\"4b414b1\" data-element_type=\"widget\" data-e-type=\"widget\" data-widget_type=\"text-editor.default\">\n\t\t\t\t<div class=\"elementor-widget-container\">\n\t\t\t\t\t\t\t\t\t<p><br><\/p><p><br><\/p><p>Valentine&#8217;s Day is known as the holiday for lovers. \ud83c\udf39<\/p>\n<p>It originates from the story of Saint Valentine, a symbol of love and commitment.<\/p>\n<p>Today, it has become a special time to slow down and reconnect. More than just a gift, the best present is still time spent together. <\/p>\n<p>And what better way to mark the occasion than a stay in charming accommodation?<\/p>\t\t\t\t\t\t\t\t<\/div>\n\t\t\t\t<\/div>\n\t\t\t\t<\/div>\n\t\t<div class=\"elementor-element elementor-element-240bdd9 e-con-full e-flex e-con e-child\" data-id=\"240bdd9\" data-element_type=\"container\" data-e-type=\"container\">\n\t\t\t\t<div class=\"elementor-element elementor-element-1470534 elementor-widget elementor-widget-image\" data-id=\"1470534\" data-element_type=\"widget\" data-e-type=\"widget\" data-widget_type=\"image.default\">\n\t\t\t\t<div class=\"elementor-widget-container\">\n\t\t\t\t\t\t\t\t\t\t\t\t\t\t\t<img decoding=\"async\" width=\"800\" height=\"534\" src=\"https:\/\/www.locationlacannecy.fr\/blog\/wp-content\/uploads\/2026\/01\/Amour-1024x683.jpeg\" class=\"attachment-large size-large wp-image-7334\" alt=\"\" srcset=\"https:\/\/www.locationlacannecy.fr\/blog\/wp-content\/uploads\/2026\/01\/Amour-1024x683.jpeg 1024w, https:\/\/www.locationlacannecy.fr\/blog\/wp-content\/uploads\/2026\/01\/Amour-300x200.jpeg 300w, https:\/\/www.locationlacannecy.fr\/blog\/wp-content\/uploads\/2026\/01\/Amour-768x512.jpeg 768w, https:\/\/www.locationlacannecy.fr\/blog\/wp-content\/uploads\/2026\/01\/Amour-1536x1024.jpeg 1536w, https:\/\/www.locationlacannecy.fr\/blog\/wp-content\/uploads\/2026\/01\/Amour-2048x1365.jpeg 2048w\" sizes=\"(max-width: 800px) 100vw, 800px\" \/>\t\t\t\t\t\t\t\t\t\t\t\t\t\t\t<\/div>\n\t\t\t\t<\/div>\n\t\t\t\t<\/div>\n\t\t\t\t\t<\/div>\n\t\t\t\t<\/div>\n\t\t<div class=\"elementor-element elementor-element-6bd1708 e-flex e-con-boxed e-con e-parent\" data-id=\"6bd1708\" data-element_type=\"container\" data-e-type=\"container\">\n\t\t\t\t\t<div class=\"e-con-inner\">\n\t\t\t\t<div class=\"elementor-element elementor-element-e441613 elementor-widget-divider--view-line elementor-widget elementor-widget-divider\" data-id=\"e441613\" data-element_type=\"widget\" data-e-type=\"widget\" data-widget_type=\"divider.default\">\n\t\t\t\t<div class=\"elementor-widget-container\">\n\t\t\t\t\t\t\t<div class=\"elementor-divider\">\n\t\t\t<span class=\"elementor-divider-separator\">\n\t\t\t\t\t\t<\/span>\n\t\t<\/div>\n\t\t\t\t\t\t<\/div>\n\t\t\t\t<\/div>\n\t\t\t\t\t<\/div>\n\t\t\t\t<\/div>\n\t\t<div class=\"elementor-element elementor-element-c2c03c9 e-flex e-con-boxed e-con e-parent\" data-id=\"c2c03c9\" data-element_type=\"container\" data-e-type=\"container\">\n\t\t\t\t\t<div class=\"e-con-inner\">\n\t\t\t\t<div class=\"elementor-element elementor-element-54bd6d1 elementor-widget elementor-widget-heading\" data-id=\"54bd6d1\" data-element_type=\"widget\" data-e-type=\"widget\" data-widget_type=\"heading.default\">\n\t\t\t\t<div class=\"elementor-widget-container\">\n\t\t\t\t\t<h3 class=\"elementor-heading-title elementor-size-default\">\ud83c\udfe1<\/span>Exceptional accommodations for a romantic getaway with LLA Selections<\/p><\/h3>\t\t\t\t<\/div>\n\t\t\t\t<\/div>\n\t\t\t\t\t<\/div>\n\t\t\t\t<\/div>\n\t\t<div class=\"elementor-element elementor-element-abd1325 e-flex e-con-boxed e-con e-parent\" data-id=\"abd1325\" data-element_type=\"container\" data-e-type=\"container\">\n\t\t\t\t\t<div class=\"e-con-inner\">\n\t\t\t\t<div class=\"elementor-element elementor-element-3e67982 elementor-widget elementor-widget-text-editor\" data-id=\"3e67982\" data-element_type=\"widget\" data-e-type=\"widget\" data-widget_type=\"text-editor.default\">\n\t\t\t\t<div class=\"elementor-widget-container\">\n\t\t\t\t\t\t\t\t\t<p>At LLA Selections, we have selected accommodations designed to create unique moments for two, in the heart of Lake Annecy and the Alps.<\/p>\t\t\t\t\t\t\t\t<\/div>\n\t\t\t\t<\/div>\n\t\t\t\t\t<\/div>\n\t\t\t\t<\/div>\n\t\t<div class=\"elementor-element elementor-element-b686e36 e-flex e-con-boxed e-con e-parent\" data-id=\"b686e36\" data-element_type=\"container\" data-e-type=\"container\">\n\t\t\t\t\t<div class=\"e-con-inner\">\n\t\t\t\t<div class=\"elementor-element elementor-element-85a5de8 elementor-arrows-position-inside elementor-pagination-position-outside elementor-widget elementor-widget-image-carousel\" data-id=\"85a5de8\" data-element_type=\"widget\" data-e-type=\"widget\" data-settings=\"{&quot;navigation&quot;:&quot;both&quot;,&quot;autoplay&quot;:&quot;yes&quot;,&quot;pause_on_hover&quot;:&quot;yes&quot;,&quot;pause_on_interaction&quot;:&quot;yes&quot;,&quot;autoplay_speed&quot;:5000,&quot;infinite&quot;:&quot;yes&quot;,&quot;speed&quot;:500}\" data-widget_type=\"image-carousel.default\">\n\t\t\t\t<div class=\"elementor-widget-container\">\n\t\t\t\t\t\t\t<div class=\"elementor-image-carousel-wrapper swiper\" role=\"region\" aria-roledescription=\"carousel\" aria-label=\"Image Carousel\" dir=\"ltr\">\n\t\t\t<div class=\"elementor-image-carousel swiper-wrapper\" aria-live=\"off\">\n\t\t\t\t\t\t\t\t<div class=\"swiper-slide\" role=\"group\" aria-roledescription=\"slide\" aria-label=\"1 of 11\"><a data-elementor-open-lightbox=\"yes\" data-elementor-lightbox-slideshow=\"85a5de8\" data-elementor-lightbox-title=\"LLA-Selections-Le-Bel-Epoque-Annecy3\" data-e-action-hash=\"#elementor-action%3Aaction%3Dlightbox%26settings%3DeyJpZCI6NzM0NCwidXJsIjoiaHR0cHM6XC9cL3d3dy5sb2NhdGlvbmxhY2FubmVjeS5mclwvYmxvZ1wvd3AtY29udGVudFwvdXBsb2Fkc1wvMjAyNlwvMDFcL0xMQS1TZWxlY3Rpb25zLUxlLUJlbC1FcG9xdWUtQW5uZWN5My5qcGciLCJzbGlkZXNob3ciOiI4NWE1ZGU4In0%3D\" href=\"https:\/\/www.locationlacannecy.fr\"><figure class=\"swiper-slide-inner\"><img decoding=\"async\" class=\"swiper-slide-image\" src=\"https:\/\/www.locationlacannecy.fr\/blog\/wp-content\/uploads\/2026\/01\/LLA-Selections-Le-Bel-Epoque-Annecy3-300x200.jpg\" alt=\"Chambre Cocooning\" \/><\/figure><\/a><\/div><div class=\"swiper-slide\" role=\"group\" aria-roledescription=\"slide\" aria-label=\"2 of 11\"><a data-elementor-open-lightbox=\"yes\" data-elementor-lightbox-slideshow=\"85a5de8\" data-elementor-lightbox-title=\"LLA_Evasion_Export_Web--4\" data-e-action-hash=\"#elementor-action%3Aaction%3Dlightbox%26settings%3DeyJpZCI6NzM0MiwidXJsIjoiaHR0cHM6XC9cL3d3dy5sb2NhdGlvbmxhY2FubmVjeS5mclwvYmxvZ1wvd3AtY29udGVudFwvdXBsb2Fkc1wvMjAyNlwvMDFcL0xMQV9FdmFzaW9uX0V4cG9ydF9XZWItNC5qcGciLCJzbGlkZXNob3ciOiI4NWE1ZGU4In0%3D\" href=\"https:\/\/www.locationlacannecy.fr\"><figure class=\"swiper-slide-inner\"><img decoding=\"async\" class=\"swiper-slide-image\" src=\"https:\/\/www.locationlacannecy.fr\/blog\/wp-content\/uploads\/2026\/01\/LLA_Evasion_Export_Web-4-300x200.jpg\" alt=\"Vue Lac - Loft Evasion\" \/><\/figure><\/a><\/div><div class=\"swiper-slide\" role=\"group\" aria-roledescription=\"slide\" aria-label=\"3 of 11\"><a data-elementor-open-lightbox=\"yes\" data-elementor-lightbox-slideshow=\"85a5de8\" data-elementor-lightbox-title=\"LLA_Evasion_Export_Web--9\" data-e-action-hash=\"#elementor-action%3Aaction%3Dlightbox%26settings%3DeyJpZCI6NzM0MCwidXJsIjoiaHR0cHM6XC9cL3d3dy5sb2NhdGlvbmxhY2FubmVjeS5mclwvYmxvZ1wvd3AtY29udGVudFwvdXBsb2Fkc1wvMjAyNlwvMDFcL0xMQV9FdmFzaW9uX0V4cG9ydF9XZWItOS5qcGciLCJzbGlkZXNob3ciOiI4NWE1ZGU4In0%3D\" href=\"https:\/\/www.locationlacannecy.fr\"><figure class=\"swiper-slide-inner\"><img decoding=\"async\" class=\"swiper-slide-image\" src=\"https:\/\/www.locationlacannecy.fr\/blog\/wp-content\/uploads\/2026\/01\/LLA_Evasion_Export_Web-9-300x200.jpg\" alt=\"Espace nuit - Loft Evasion\" \/><\/figure><\/a><\/div><div class=\"swiper-slide\" role=\"group\" aria-roledescription=\"slide\" aria-label=\"4 of 11\"><a data-elementor-open-lightbox=\"yes\" data-elementor-lightbox-slideshow=\"85a5de8\" data-elementor-lightbox-title=\"LLA-Selections-Le-Bel-Epoque-Annecy8\" data-e-action-hash=\"#elementor-action%3Aaction%3Dlightbox%26settings%3DeyJpZCI6NzM0NiwidXJsIjoiaHR0cHM6XC9cL3d3dy5sb2NhdGlvbmxhY2FubmVjeS5mclwvYmxvZ1wvd3AtY29udGVudFwvdXBsb2Fkc1wvMjAyNlwvMDFcL0xMQS1TZWxlY3Rpb25zLUxlLUJlbC1FcG9xdWUtQW5uZWN5OC5qcGciLCJzbGlkZXNob3ciOiI4NWE1ZGU4In0%3D\" href=\"https:\/\/www.locationlacannecy.fr\"><figure class=\"swiper-slide-inner\"><img decoding=\"async\" class=\"swiper-slide-image\" src=\"https:\/\/www.locationlacannecy.fr\/blog\/wp-content\/uploads\/2026\/01\/LLA-Selections-Le-Bel-Epoque-Annecy8-300x200.jpg\" alt=\"Pi\u00e8ce \u00e0 vivre - Bel Epoque\" \/><\/figure><\/a><\/div><div class=\"swiper-slide\" role=\"group\" aria-roledescription=\"slide\" aria-label=\"5 of 11\"><a data-elementor-open-lightbox=\"yes\" data-elementor-lightbox-slideshow=\"85a5de8\" data-elementor-lightbox-title=\"LLA_BaieDesVoiles_Export_Web-1282\" data-e-action-hash=\"#elementor-action%3Aaction%3Dlightbox%26settings%3DeyJpZCI6NzM0OCwidXJsIjoiaHR0cHM6XC9cL3d3dy5sb2NhdGlvbmxhY2FubmVjeS5mclwvYmxvZ1wvd3AtY29udGVudFwvdXBsb2Fkc1wvMjAyNlwvMDFcL0xMQV9CYWllRGVzVm9pbGVzX0V4cG9ydF9XZWItMTI4Mi5qcGciLCJzbGlkZXNob3ciOiI4NWE1ZGU4In0%3D\" href=\"https:\/\/www.locationlacannecy.fr\"><figure class=\"swiper-slide-inner\"><img decoding=\"async\" class=\"swiper-slide-image\" src=\"https:\/\/www.locationlacannecy.fr\/blog\/wp-content\/uploads\/2026\/01\/LLA_BaieDesVoiles_Export_Web-1282-300x200.jpg\" alt=\"Vue Ch\u00e2teau de Duingt - BDV 206\" \/><\/figure><\/a><\/div><div class=\"swiper-slide\" role=\"group\" aria-roledescription=\"slide\" aria-label=\"6 of 11\"><a data-elementor-open-lightbox=\"yes\" data-elementor-lightbox-slideshow=\"85a5de8\" data-elementor-lightbox-title=\"Bredannaz-eaux-cristallines-webb5\" data-e-action-hash=\"#elementor-action%3Aaction%3Dlightbox%26settings%3DeyJpZCI6NzM1MCwidXJsIjoiaHR0cHM6XC9cL3d3dy5sb2NhdGlvbmxhY2FubmVjeS5mclwvYmxvZ1wvd3AtY29udGVudFwvdXBsb2Fkc1wvMjAyNlwvMDFcL0JyZWRhbm5hei1lYXV4LWNyaXN0YWxsaW5lcy13ZWJiNS5qcGciLCJzbGlkZXNob3ciOiI4NWE1ZGU4In0%3D\" href=\"https:\/\/www.locationlacannecy.fr\"><figure class=\"swiper-slide-inner\"><img decoding=\"async\" class=\"swiper-slide-image\" src=\"https:\/\/www.locationlacannecy.fr\/blog\/wp-content\/uploads\/2026\/01\/Bredannaz-eaux-cristallines-webb5-300x200.jpg\" alt=\"Salon de jardin - Eaux Cristallines\" \/><\/figure><\/a><\/div><div class=\"swiper-slide\" role=\"group\" aria-roledescription=\"slide\" aria-label=\"7 of 11\"><a data-elementor-open-lightbox=\"yes\" data-elementor-lightbox-slideshow=\"85a5de8\" data-elementor-lightbox-title=\"LLA_eaux-cristalline_Export_Web--15\" data-e-action-hash=\"#elementor-action%3Aaction%3Dlightbox%26settings%3DeyJpZCI6NzM1MiwidXJsIjoiaHR0cHM6XC9cL3d3dy5sb2NhdGlvbmxhY2FubmVjeS5mclwvYmxvZ1wvd3AtY29udGVudFwvdXBsb2Fkc1wvMjAyNlwvMDFcL0xMQV9lYXV4LWNyaXN0YWxsaW5lX0V4cG9ydF9XZWItMTUuanBnIiwic2xpZGVzaG93IjoiODVhNWRlOCJ9\" href=\"https:\/\/www.locationlacannecy.fr\"><figure class=\"swiper-slide-inner\"><img decoding=\"async\" class=\"swiper-slide-image\" src=\"https:\/\/www.locationlacannecy.fr\/blog\/wp-content\/uploads\/2026\/01\/LLA_eaux-cristalline_Export_Web-15-300x200.jpg\" alt=\"Salon - Eaux Cristallines\" \/><\/figure><\/a><\/div><div class=\"swiper-slide\" role=\"group\" aria-roledescription=\"slide\" aria-label=\"8 of 11\"><a data-elementor-open-lightbox=\"yes\" data-elementor-lightbox-slideshow=\"85a5de8\" data-elementor-lightbox-title=\"LLA_SereniaStJo_Export_Web--12\" data-e-action-hash=\"#elementor-action%3Aaction%3Dlightbox%26settings%3DeyJpZCI6NzM1NCwidXJsIjoiaHR0cHM6XC9cL3d3dy5sb2NhdGlvbmxhY2FubmVjeS5mclwvYmxvZ1wvd3AtY29udGVudFwvdXBsb2Fkc1wvMjAyNlwvMDFcL0xMQV9TZXJlbmlhU3RKb19FeHBvcnRfV2ViLTEyLmpwZyIsInNsaWRlc2hvdyI6Ijg1YTVkZTgifQ%3D%3D\" href=\"https:\/\/www.locationlacannecy.fr\"><figure class=\"swiper-slide-inner\"><img decoding=\"async\" class=\"swiper-slide-image\" src=\"https:\/\/www.locationlacannecy.fr\/blog\/wp-content\/uploads\/2026\/01\/LLA_SereniaStJo_Export_Web-12-300x200.jpg\" alt=\"Salon - Villa Serenya\" \/><\/figure><\/a><\/div><div class=\"swiper-slide\" role=\"group\" aria-roledescription=\"slide\" aria-label=\"9 of 11\"><a data-elementor-open-lightbox=\"yes\" data-elementor-lightbox-slideshow=\"85a5de8\" data-elementor-lightbox-title=\"LLA_StJorioz_Export_Web--16\" data-e-action-hash=\"#elementor-action%3Aaction%3Dlightbox%26settings%3DeyJpZCI6NzM1NiwidXJsIjoiaHR0cHM6XC9cL3d3dy5sb2NhdGlvbmxhY2FubmVjeS5mclwvYmxvZ1wvd3AtY29udGVudFwvdXBsb2Fkc1wvMjAyNlwvMDFcL0xMQV9TdEpvcmlvel9FeHBvcnRfV2ViLTE2LmpwZyIsInNsaWRlc2hvdyI6Ijg1YTVkZTgifQ%3D%3D\" href=\"https:\/\/www.locationlacannecy.fr\"><figure class=\"swiper-slide-inner\"><img decoding=\"async\" class=\"swiper-slide-image\" src=\"https:\/\/www.locationlacannecy.fr\/blog\/wp-content\/uploads\/2026\/01\/LLA_StJorioz_Export_Web-16-300x200.jpg\" alt=\"Salon - Le Cosy Tournette\" \/><\/figure><\/a><\/div><div class=\"swiper-slide\" role=\"group\" aria-roledescription=\"slide\" aria-label=\"10 of 11\"><a data-elementor-open-lightbox=\"yes\" data-elementor-lightbox-slideshow=\"85a5de8\" data-elementor-lightbox-title=\"Chicissime-maison-talloires-93\" data-e-action-hash=\"#elementor-action%3Aaction%3Dlightbox%26settings%3DeyJpZCI6NzM1OCwidXJsIjoiaHR0cHM6XC9cL3d3dy5sb2NhdGlvbmxhY2FubmVjeS5mclwvYmxvZ1wvd3AtY29udGVudFwvdXBsb2Fkc1wvMjAyNlwvMDFcL0NoaWNpc3NpbWUtbWFpc29uLXRhbGxvaXJlcy05My1zY2FsZWQuanBnIiwic2xpZGVzaG93IjoiODVhNWRlOCJ9\" href=\"https:\/\/www.locationlacannecy.fr\"><figure class=\"swiper-slide-inner\"><img decoding=\"async\" class=\"swiper-slide-image\" src=\"https:\/\/www.locationlacannecy.fr\/blog\/wp-content\/uploads\/2026\/01\/Chicissime-maison-talloires-93-300x200.jpg\" alt=\"Chambre - Le Chicissime\" \/><\/figure><\/a><\/div><div class=\"swiper-slide\" role=\"group\" aria-roledescription=\"slide\" aria-label=\"11 of 11\"><a data-elementor-open-lightbox=\"yes\" data-elementor-lightbox-slideshow=\"85a5de8\" data-elementor-lightbox-title=\"LLA_CoconVeyrier_Export_Web--12\" data-e-action-hash=\"#elementor-action%3Aaction%3Dlightbox%26settings%3DeyJpZCI6NzM2MCwidXJsIjoiaHR0cHM6XC9cL3d3dy5sb2NhdGlvbmxhY2FubmVjeS5mclwvYmxvZ1wvd3AtY29udGVudFwvdXBsb2Fkc1wvMjAyNlwvMDFcL0xMQV9Db2NvblZleXJpZXJfRXhwb3J0X1dlYi0xMi5qcGciLCJzbGlkZXNob3ciOiI4NWE1ZGU4In0%3D\" href=\"https:\/\/www.locationlacannecy.fr\"><figure class=\"swiper-slide-inner\"><img decoding=\"async\" class=\"swiper-slide-image\" src=\"https:\/\/www.locationlacannecy.fr\/blog\/wp-content\/uploads\/2026\/01\/LLA_CoconVeyrier_Export_Web-12-300x200.jpg\" alt=\"Salon - Cocon du Veyrier\" \/><\/figure><\/a><\/div>\t\t\t<\/div>\n\t\t\t\t\t\t\t\t\t\t\t\t<div class=\"elementor-swiper-button elementor-swiper-button-prev\" role=\"button\" tabindex=\"0\">\n\t\t\t\t\t\t<svg aria-hidden=\"true\" class=\"e-font-icon-svg e-eicon-chevron-left\" viewBox=\"0 0 1000 1000\" xmlns=\"http:\/\/www.w3.org\/2000\/svg\"><path d=\"M646 125C629 125 613 133 604 142L308 442C296 454 292 471 292 487 292 504 296 521 308 533L604 854C617 867 629 875 646 875 663 875 679 871 692 858 704 846 713 829 713 812 713 796 708 779 692 767L438 487 692 225C700 217 708 204 708 187 708 171 704 154 692 142 675 129 663 125 646 125Z\"><\/path><\/svg>\t\t\t\t\t<\/div>\n\t\t\t\t\t<div class=\"elementor-swiper-button elementor-swiper-button-next\" role=\"button\" tabindex=\"0\">\n\t\t\t\t\t\t<svg aria-hidden=\"true\" class=\"e-font-icon-svg e-eicon-chevron-right\" viewBox=\"0 0 1000 1000\" xmlns=\"http:\/\/www.w3.org\/2000\/svg\"><path d=\"M696 533C708 521 713 504 713 487 713 471 708 454 696 446L400 146C388 133 375 125 354 125 338 125 325 129 313 142 300 154 292 171 292 187 292 204 296 221 308 233L563 492 304 771C292 783 288 800 288 817 288 833 296 850 308 863 321 871 338 875 354 875 371 875 388 867 400 854L696 533Z\"><\/path><\/svg>\t\t\t\t\t<\/div>\n\t\t\t\t\n\t\t\t\t\t\t\t\t\t<div class=\"swiper-pagination\"><\/div>\n\t\t\t\t\t\t\t\t\t<\/div>\n\t\t\t\t\t\t<\/div>\n\t\t\t\t<\/div>\n\t\t\t\t\t<\/div>\n\t\t\t\t<\/div>\n\t\t<div class=\"elementor-element elementor-element-c27897d e-flex e-con-boxed e-con e-parent\" data-id=\"c27897d\" data-element_type=\"container\" data-e-type=\"container\">\n\t\t\t\t\t<div class=\"e-con-inner\">\n\t\t\t\t<div class=\"elementor-element elementor-element-031293b elementor-widget elementor-widget-text-editor\" data-id=\"031293b\" data-element_type=\"widget\" data-e-type=\"widget\" data-widget_type=\"text-editor.default\">\n\t\t\t\t<div class=\"elementor-widget-container\">\n\t\t\t\t\t\t\t\t\t<p>Whether you dream :<\/p><ul><li>a pampering weekend,<\/li><li>a nature getaway,<\/li><li>or a chic and refined getaway,<\/li><\/ul><p>Our accommodations offer the perfect setting for enjoying complete privacy.<\/p><p>\u2728 And to make your experience even more special, take advantage of our<a href=\"https:\/\/lla-conciergerie.com\/services-conciergerie-lac-annecy-alpes\/accueil-romantique\/\"> Love Pack<\/a>, designed to awaken the senses and make your stay even more romantic.<\/p>\t\t\t\t\t\t\t\t<\/div>\n\t\t\t\t<\/div>\n\t\t\t\t\t<\/div>\n\t\t\t\t<\/div>\n\t\t<div class=\"elementor-element elementor-element-0a86607 e-flex e-con-boxed e-con e-parent\" data-id=\"0a86607\" data-element_type=\"container\" data-e-type=\"container\">\n\t\t\t\t\t<div class=\"e-con-inner\">\n\t\t\t\t<div class=\"elementor-element elementor-element-aa7929d elementor-align-center elementor-widget elementor-widget-button\" data-id=\"aa7929d\" data-element_type=\"widget\" data-e-type=\"widget\" data-widget_type=\"button.default\">\n\t\t\t\t<div class=\"elementor-widget-container\">\n\t\t\t\t\t\t\t\t\t<div class=\"elementor-button-wrapper\">\n\t\t\t\t\t<a class=\"elementor-button elementor-button-link elementor-size-sm elementor-animation-push\" href=\"https:\/\/lla-conciergerie.com\/services-conciergerie-lac-annecy-alpes\/accueil-romantique\/\">\n\t\t\t\t\t\t<span class=\"elementor-button-content-wrapper\">\n\t\t\t\t\t\t\t\t\t<span class=\"elementor-button-text\">Learn more about the Love Pack<\/span>\n\t\t\t\t\t<\/span>\n\t\t\t\t\t<\/a>\n\t\t\t\t<\/div>\n\t\t\t\t\t\t\t\t<\/div>\n\t\t\t\t<\/div>\n\t\t\t\t\t<\/div>\n\t\t\t\t<\/div>\n\t\t<div class=\"elementor-element elementor-element-6b8e154 e-flex e-con-boxed e-con e-parent\" data-id=\"6b8e154\" data-element_type=\"container\" data-e-type=\"container\">\n\t\t\t\t\t<div class=\"e-con-inner\">\n\t\t\t\t<div class=\"elementor-element elementor-element-93edc15 elementor-widget elementor-widget-heading\" data-id=\"93edc15\" data-element_type=\"widget\" data-e-type=\"widget\" data-widget_type=\"heading.default\">\n\t\t\t\t<div class=\"elementor-widget-container\">\n\t\t\t\t\t<h3 class=\"elementor-heading-title elementor-size-default\">\ud83d\udc91 What romantic activities can you enjoy during your stay?\n<\/h3>\t\t\t\t<\/div>\n\t\t\t\t<\/div>\n\t\t\t\t\t<\/div>\n\t\t\t\t<\/div>\n\t\t<div class=\"elementor-element elementor-element-d87afc6 e-flex e-con-boxed e-con e-parent\" data-id=\"d87afc6\" data-element_type=\"container\" data-e-type=\"container\">\n\t\t\t\t\t<div class=\"e-con-inner\">\n\t\t\t\t<div class=\"elementor-element elementor-element-bf44ede elementor-widget elementor-widget-text-editor\" data-id=\"bf44ede\" data-element_type=\"widget\" data-e-type=\"widget\" data-widget_type=\"text-editor.default\">\n\t\t\t\t<div class=\"elementor-widget-container\">\n\t\t\t\t\t\t\t\t\t<h6><em>Enjoy yourself&#8230; we&#8217;ll take care of the rest.<\/em><\/h6>\t\t\t\t\t\t\t\t<\/div>\n\t\t\t\t<\/div>\n\t\t\t\t\t<\/div>\n\t\t\t\t<\/div>\n\t\t<div class=\"elementor-element elementor-element-ee29562 e-flex e-con-boxed e-con e-parent\" data-id=\"ee29562\" data-element_type=\"container\" data-e-type=\"container\">\n\t\t\t\t\t<div class=\"e-con-inner\">\n\t\t\t\t<div class=\"elementor-element elementor-element-374b4a9 elementor-widget elementor-widget-text-editor\" data-id=\"374b4a9\" data-element_type=\"widget\" data-e-type=\"widget\" data-widget_type=\"text-editor.default\">\n\t\t\t\t<div class=\"elementor-widget-container\">\n\t\t\t\t\t\t\t\t\t<p>A beautiful home is essential. But shared experiences make all the difference. <\/p><p>LLA Selections organizes your stay and activities for you, so that you can fully enjoy this romantic getaway.<\/p>\t\t\t\t\t\t\t\t<\/div>\n\t\t\t\t<\/div>\n\t\t\t\t\t<\/div>\n\t\t\t\t<\/div>\n\t\t<div class=\"elementor-element elementor-element-d7a7adf e-flex e-con-boxed e-con e-parent\" data-id=\"d7a7adf\" data-element_type=\"container\" data-e-type=\"container\">\n\t\t\t\t\t<div class=\"e-con-inner\">\n\t\t<div class=\"elementor-element elementor-element-fdd304c e-con-full e-flex e-con e-child\" data-id=\"fdd304c\" data-element_type=\"container\" data-e-type=\"container\">\n\t\t\t\t<div class=\"elementor-element elementor-element-54fed27 elementor-widget elementor-widget-text-editor\" data-id=\"54fed27\" data-element_type=\"widget\" data-e-type=\"widget\" data-widget_type=\"text-editor.default\">\n\t\t\t\t<div class=\"elementor-widget-container\">\n\t\t\t\t\t\t\t\t\t<p style=\"text-align: left;\"> <\/p><p style=\"text-align: left;\">Refined cuisine, moments of well-being, unique experiences, and much more&#8230;<\/p><p style=\"text-align: left;\">Enjoy a romantic meal delivered to your accommodation, a wine tasting, a massage at home, a guided walk in Annecy, or even an excursion on the lake with fondue.<\/p><p style=\"text-align: left;\">An unusual dinner in a snow groomer, a tour of the Savoyard vineyards, moments of relaxation&#8230;<\/p><p style=\"text-align: left;\">Everything is designed to create a tailor-made stay that reflects your personality.<\/p>\t\t\t\t\t\t\t\t<\/div>\n\t\t\t\t<\/div>\n\t\t<div class=\"elementor-element elementor-element-c13a61c e-con-full e-flex e-con e-child\" data-id=\"c13a61c\" data-element_type=\"container\" data-e-type=\"container\">\n\t\t\t\t<div class=\"elementor-element elementor-element-7c7b142 elementor-align-center elementor-widget elementor-widget-button\" data-id=\"7c7b142\" data-element_type=\"widget\" data-e-type=\"widget\" data-widget_type=\"button.default\">\n\t\t\t\t<div class=\"elementor-widget-container\">\n\t\t\t\t\t\t\t\t\t<div class=\"elementor-button-wrapper\">\n\t\t\t\t\t<a class=\"elementor-button elementor-button-link elementor-size-sm elementor-animation-pulse-shrink\" href=\"https:\/\/lla-conciergerie.com\">\n\t\t\t\t\t\t<span class=\"elementor-button-content-wrapper\">\n\t\t\t\t\t\t\t\t\t<span class=\"elementor-button-text\">Discover our services and activities<\/span>\n\t\t\t\t\t<\/span>\n\t\t\t\t\t<\/a>\n\t\t\t\t<\/div>\n\t\t\t\t\t\t\t\t<\/div>\n\t\t\t\t<\/div>\n\t\t\t\t<\/div>\n\t\t\t\t<\/div>\n\t\t<div class=\"elementor-element elementor-element-24a3cf8 e-con-full e-flex e-con e-child\" data-id=\"24a3cf8\" data-element_type=\"container\" data-e-type=\"container\">\n\t\t\t\t<div class=\"elementor-element elementor-element-1f36ffa elementor-widget elementor-widget-image\" data-id=\"1f36ffa\" data-element_type=\"widget\" data-e-type=\"widget\" data-widget_type=\"image.default\">\n\t\t\t\t<div class=\"elementor-widget-container\">\n\t\t\t\t\t\t\t\t\t\t\t\t\t\t\t<img decoding=\"async\" width=\"800\" height=\"640\" src=\"https:\/\/www.locationlacannecy.fr\/blog\/wp-content\/uploads\/2026\/01\/Services-conciergerie.png\" class=\"attachment-large size-large wp-image-7372\" alt=\"\" srcset=\"https:\/\/www.locationlacannecy.fr\/blog\/wp-content\/uploads\/2026\/01\/Services-conciergerie.png 1000w, https:\/\/www.locationlacannecy.fr\/blog\/wp-content\/uploads\/2026\/01\/Services-conciergerie-300x240.png 300w, https:\/\/www.locationlacannecy.fr\/blog\/wp-content\/uploads\/2026\/01\/Services-conciergerie-768x614.png 768w\" sizes=\"(max-width: 800px) 100vw, 800px\" \/>\t\t\t\t\t\t\t\t\t\t\t\t\t\t\t<\/div>\n\t\t\t\t<\/div>\n\t\t\t\t<\/div>\n\t\t\t\t\t<\/div>\n\t\t\t\t<\/div>\n\t\t<div class=\"elementor-element elementor-element-43930b7 e-flex e-con-boxed e-con e-parent\" data-id=\"43930b7\" data-element_type=\"container\" data-e-type=\"container\">\n\t\t\t\t\t<div class=\"e-con-inner\">\n\t\t\t\t<div class=\"elementor-element elementor-element-905b4ff elementor-widget elementor-widget-heading\" data-id=\"905b4ff\" data-element_type=\"widget\" data-e-type=\"widget\" data-widget_type=\"heading.default\">\n\t\t\t\t<div class=\"elementor-widget-container\">\n\t\t\t\t\t<h3 class=\"elementor-heading-title elementor-size-default\">\u2764\ufe0f What if this Valentine's Day became a real memory?\n<\/h3>\t\t\t\t<\/div>\n\t\t\t\t<\/div>\n\t\t\t\t\t<\/div>\n\t\t\t\t<\/div>\n\t\t<div class=\"elementor-element elementor-element-a15be69 e-flex e-con-boxed e-con e-parent\" data-id=\"a15be69\" data-element_type=\"container\" data-e-type=\"container\">\n\t\t\t\t\t<div class=\"e-con-inner\">\n\t\t\t\t<div class=\"elementor-element elementor-element-9cf5bf7 elementor-widget elementor-widget-text-editor\" data-id=\"9cf5bf7\" data-element_type=\"widget\" data-e-type=\"widget\" data-widget_type=\"text-editor.default\">\n\t\t\t\t<div class=\"elementor-widget-container\">\n\t\t\t\t\t\t\t\t\t<p>Valentine&#8217;s Day is not just a date on the calendar. It is an opportunity to get together, surprise each other, and strengthen bonds. <\/p><p>With LLA Selections, turn this celebration into an experience to be enjoyed to the fullest, in accommodation that suits you and through moments that will remain etched in your memory.<\/p><p><br>Whether you are looking for a cozy apartment, a spacious house, or a villa by the water, we will find the perfect place for you. <\/p>\t\t\t\t\t\t\t\t<\/div>\n\t\t\t\t<\/div>\n\t\t\t\t\t<\/div>\n\t\t\t\t<\/div>\n\t\t<div class=\"elementor-element elementor-element-5e39d5d e-flex e-con-boxed e-con e-parent\" data-id=\"5e39d5d\" data-element_type=\"container\" data-e-type=\"container\">\n\t\t\t\t\t<div class=\"e-con-inner\">\n\t\t\t\t<div class=\"elementor-element elementor-element-4bacaf9 elementor-widget elementor-widget-grid\" data-id=\"4bacaf9\" data-element_type=\"widget\" data-e-type=\"widget\" data-widget_type=\"grid.default\">\n\t\t\t\t<div class=\"elementor-widget-container\">\n\t\t\t\t\t\t\t<div class=\"its--row alojamientos-recomendados\">\n\n\t\t\t<div class=\"alojamientos-recomendados-container\">\n\n\t\t\t\t\t\n\t\t\t\t\t<a href=\"https:\/\/www.locationlacannecy.fr\/en\/rentals\/house-saint-jorioz-cosy-spirit-5-maison-au-calme-avec-vue-123506.html\" rel=\"nofollow\" style=\"width: 23%;\">\n\t\t\t\t\t\t<div class=\"apartamento-box\">\n\t\t\t\t\t\t\t<div class=\"imagen_recomendados\">\n\t\t\t\t\t\t\t\t<img decoding=\"async\" src=\"https:\/\/crs.avantio.com\/fotos\/2\/14041365219c289bbf1e388afa5cdd540371e75aa9\/big165579757892666f31bf503c05d3495bc5fdc0593d.jpg\" alt=\"Cosy spirit 5*,Maison au Calme avec vue\">\n\t\t\t\t\t\t\t<\/div>\n\t\t\t\t\t\t\t<div class=\"info\">\n\t\t\t\t\t\t\t\t<div class=\"ubicacion\">\n\t\t\t\t\t\t\t\t\t<i class=\"fa-solid fa-location-dot icono-mapa\"><\/i><span class=\"ubicacion-texto\">Saint-Jorioz - Haute-Savoie <\/span>\n\t\t\t\t\t\t\t\t<\/div>\n\t\t\t\t\t\t\t\t<H4 class=\"titulo-alojamiento\">\n\t\t\t\t\t\t\t\t\tCosy spirit 5*,Maison au Calme avec vue\t\t\t\t\t\t\t\t<\/H4>\n\t\t\t\t\t\t\t\t<p class=\"precio-alojamiento\">From <span class=\"precio\">295.00\u20ac<\/span> per night<\/p>\n\t\t\t\t\t\t\t<\/div>\n\t\t\t\t\t\t<\/div>\n\t\t\t\t\t<\/a> \n\t\t\t\t\t\t\n\t\t\t\t\t<a href=\"https:\/\/www.locationlacannecy.fr\/en\/rentals\/chalet-veyrier-du-lac-veyrier-cottage-de-charme-en-duplex-vue-lac-131223.html\" rel=\"nofollow\" style=\"width: 23%;\">\n\t\t\t\t\t\t<div class=\"apartamento-box\">\n\t\t\t\t\t\t\t<div class=\"imagen_recomendados\">\n\t\t\t\t\t\t\t\t<img decoding=\"async\" src=\"https:\/\/crs.avantio.com\/fotos\/2\/1420997884794653bde8598a6a91704ba7a8a552cb\/big14575876048e67d83cd3d915cc32bd6b103d644ec6.jpg\" alt=\"VEYRIER - Cottage de Charme en Duplex Vue Lac\">\n\t\t\t\t\t\t\t<\/div>\n\t\t\t\t\t\t\t<div class=\"info\">\n\t\t\t\t\t\t\t\t<div class=\"ubicacion\">\n\t\t\t\t\t\t\t\t\t<i class=\"fa-solid fa-location-dot icono-mapa\"><\/i><span class=\"ubicacion-texto\">Veyrier-du-Lac - Haute-Savoie <\/span>\n\t\t\t\t\t\t\t\t<\/div>\n\t\t\t\t\t\t\t\t<H4 class=\"titulo-alojamiento\">\n\t\t\t\t\t\t\t\t\tVEYRIER - Cottage de Charme en Duplex Vue Lac\t\t\t\t\t\t\t\t<\/H4>\n\t\t\t\t\t\t\t\t<p class=\"precio-alojamiento\">From <span class=\"precio\">94.08\u20ac<\/span> per night<\/p>\n\t\t\t\t\t\t\t<\/div>\n\t\t\t\t\t\t<\/div>\n\t\t\t\t\t<\/a> \n\t\t\t\t\t\t\n\t\t\t\t\t<a href=\"https:\/\/www.locationlacannecy.fr\/en\/rentals\/apartment-talloires-montmin-talloires-superbe-vue-lac-terrasse-piscine-137499.html\" rel=\"nofollow\" style=\"width: 23%;\">\n\t\t\t\t\t\t<div class=\"apartamento-box\">\n\t\t\t\t\t\t\t<div class=\"imagen_recomendados\">\n\t\t\t\t\t\t\t\t<img decoding=\"async\" src=\"https:\/\/crs.avantio.com\/fotos\/2\/1480078703f3b043ce8c2c78433862f07c6456bd51\/big1683035098f4cca43c37f03d7b25a5c53fe3af01dc.jpg\" alt=\"TALLOIRES- Superbe vue lac, Terrasse & Piscine\">\n\t\t\t\t\t\t\t<\/div>\n\t\t\t\t\t\t\t<div class=\"info\">\n\t\t\t\t\t\t\t\t<div class=\"ubicacion\">\n\t\t\t\t\t\t\t\t\t<i class=\"fa-solid fa-location-dot icono-mapa\"><\/i><span class=\"ubicacion-texto\">Talloires-montmin - Haute-Savoie <\/span>\n\t\t\t\t\t\t\t\t<\/div>\n\t\t\t\t\t\t\t\t<H4 class=\"titulo-alojamiento\">\n\t\t\t\t\t\t\t\t\tTALLOIRES- Superbe vue lac, Terrasse & Piscine\t\t\t\t\t\t\t\t<\/H4>\n\t\t\t\t\t\t\t\t<p class=\"precio-alojamiento\">From <span class=\"precio\">161.28\u20ac<\/span> per night<\/p>\n\t\t\t\t\t\t\t<\/div>\n\t\t\t\t\t\t<\/div>\n\t\t\t\t\t<\/a> \n\t\t\t\t\t\t\n\t\t\t\t\t<a href=\"https:\/\/www.locationlacannecy.fr\/en\/rentals\/house-veyrier-du-lac-veyrier-maison-avec-acces-direct-au-lac-ponton-153158.html\" rel=\"nofollow\" style=\"width: 23%;\">\n\t\t\t\t\t\t<div class=\"apartamento-box\">\n\t\t\t\t\t\t\t<div class=\"imagen_recomendados\">\n\t\t\t\t\t\t\t\t<img decoding=\"async\" src=\"https:\/\/crs.avantio.com\/fotos\/2\/1453126085ac0640e629861b77a03217445a88cf5b\/big1636442966d82011fe9ec66df29d84e6154d890501.jpg\" alt=\"VEYRIER - Maison avec acces direct au lac & Ponton\">\n\t\t\t\t\t\t\t<\/div>\n\t\t\t\t\t\t\t<div class=\"info\">\n\t\t\t\t\t\t\t\t<div class=\"ubicacion\">\n\t\t\t\t\t\t\t\t\t<i class=\"fa-solid fa-location-dot icono-mapa\"><\/i><span class=\"ubicacion-texto\">Veyrier-du-Lac - Haute-Savoie <\/span>\n\t\t\t\t\t\t\t\t<\/div>\n\t\t\t\t\t\t\t\t<H4 class=\"titulo-alojamiento\">\n\t\t\t\t\t\t\t\t\tVEYRIER - Maison avec acces direct au lac & Ponton\t\t\t\t\t\t\t\t<\/H4>\n\t\t\t\t\t\t\t\t<p class=\"precio-alojamiento\">From <span class=\"precio\">347.20\u20ac<\/span> per night<\/p>\n\t\t\t\t\t\t\t<\/div>\n\t\t\t\t\t\t<\/div>\n\t\t\t\t\t<\/a> \n\t\t\t\t\t\t\t\t<\/div>\n\t\t\t<\/div>\n\t\t\t\t\t\t<\/div>\n\t\t\t\t<\/div>\n\t\t\t\t\t<\/div>\n\t\t\t\t<\/div>\n\t\t<div class=\"elementor-element elementor-element-9e09357 e-flex e-con-boxed e-con e-parent\" data-id=\"9e09357\" data-element_type=\"container\" data-e-type=\"container\">\n\t\t\t\t\t<div class=\"e-con-inner\">\n\t\t\t\t<div class=\"elementor-element elementor-element-fca2296 elementor-shape-circle elementor-grid-0 e-grid-align-center elementor-widget elementor-widget-social-icons\" data-id=\"fca2296\" data-element_type=\"widget\" data-e-type=\"widget\" data-widget_type=\"social-icons.default\">\n\t\t\t\t<div class=\"elementor-widget-container\">\n\t\t\t\t\t\t\t<div class=\"elementor-social-icons-wrapper elementor-grid\" role=\"list\">\n\t\t\t\t\t\t\t<span class=\"elementor-grid-item\" role=\"listitem\">\n\t\t\t\t\t<a class=\"elementor-icon elementor-social-icon elementor-social-icon-facebook elementor-repeater-item-20a8d17\" href=\"https:\/\/www.facebook.com\/locationsaisonnieredeluxealpesetlacs\/\" target=\"_blank\">\n\t\t\t\t\t\t<span class=\"elementor-screen-only\">Facebook<\/span>\n\t\t\t\t\t\t<svg aria-hidden=\"true\" class=\"e-font-icon-svg e-fab-facebook\" viewBox=\"0 0 512 512\" xmlns=\"http:\/\/www.w3.org\/2000\/svg\"><path d=\"M504 256C504 119 393 8 256 8S8 119 8 256c0 123.78 90.69 226.38 209.25 245V327.69h-63V256h63v-54.64c0-62.15 37-96.48 93.67-96.48 27.14 0 55.52 4.84 55.52 4.84v61h-31.28c-30.8 0-40.41 19.12-40.41 38.73V256h68.78l-11 71.69h-57.78V501C413.31 482.38 504 379.78 504 256z\"><\/path><\/svg>\t\t\t\t\t<\/a>\n\t\t\t\t<\/span>\n\t\t\t\t\t\t\t<span class=\"elementor-grid-item\" role=\"listitem\">\n\t\t\t\t\t<a class=\"elementor-icon elementor-social-icon elementor-social-icon-youtube elementor-repeater-item-f7801a9\" href=\"https:\/\/www.youtube.com\/@locationlacannecy-location7330\" target=\"_blank\">\n\t\t\t\t\t\t<span class=\"elementor-screen-only\">Youtube<\/span>\n\t\t\t\t\t\t<svg aria-hidden=\"true\" class=\"e-font-icon-svg e-fab-youtube\" viewBox=\"0 0 576 512\" xmlns=\"http:\/\/www.w3.org\/2000\/svg\"><path d=\"M549.655 124.083c-6.281-23.65-24.787-42.276-48.284-48.597C458.781 64 288 64 288 64S117.22 64 74.629 75.486c-23.497 6.322-42.003 24.947-48.284 48.597-11.412 42.867-11.412 132.305-11.412 132.305s0 89.438 11.412 132.305c6.281 23.65 24.787 41.5 48.284 47.821C117.22 448 288 448 288 448s170.78 0 213.371-11.486c23.497-6.321 42.003-24.171 48.284-47.821 11.412-42.867 11.412-132.305 11.412-132.305s0-89.438-11.412-132.305zm-317.51 213.508V175.185l142.739 81.205-142.739 81.201z\"><\/path><\/svg>\t\t\t\t\t<\/a>\n\t\t\t\t<\/span>\n\t\t\t\t\t\t\t<span class=\"elementor-grid-item\" role=\"listitem\">\n\t\t\t\t\t<a class=\"elementor-icon elementor-social-icon elementor-social-icon-instagram elementor-repeater-item-055792a\" href=\"https:\/\/www.instagram.com\/lla_selections\/\" target=\"_blank\">\n\t\t\t\t\t\t<span class=\"elementor-screen-only\">Instagram<\/span>\n\t\t\t\t\t\t<svg aria-hidden=\"true\" class=\"e-font-icon-svg e-fab-instagram\" viewBox=\"0 0 448 512\" xmlns=\"http:\/\/www.w3.org\/2000\/svg\"><path d=\"M224.1 141c-63.6 0-114.9 51.3-114.9 114.9s51.3 114.9 114.9 114.9S339 319.5 339 255.9 287.7 141 224.1 141zm0 189.6c-41.1 0-74.7-33.5-74.7-74.7s33.5-74.7 74.7-74.7 74.7 33.5 74.7 74.7-33.6 74.7-74.7 74.7zm146.4-194.3c0 14.9-12 26.8-26.8 26.8-14.9 0-26.8-12-26.8-26.8s12-26.8 26.8-26.8 26.8 12 26.8 26.8zm76.1 27.2c-1.7-35.9-9.9-67.7-36.2-93.9-26.2-26.2-58-34.4-93.9-36.2-37-2.1-147.9-2.1-184.9 0-35.8 1.7-67.6 9.9-93.9 36.1s-34.4 58-36.2 93.9c-2.1 37-2.1 147.9 0 184.9 1.7 35.9 9.9 67.7 36.2 93.9s58 34.4 93.9 36.2c37 2.1 147.9 2.1 184.9 0 35.9-1.7 67.7-9.9 93.9-36.2 26.2-26.2 34.4-58 36.2-93.9 2.1-37 2.1-147.8 0-184.8zM398.8 388c-7.8 19.6-22.9 34.7-42.6 42.6-29.5 11.7-99.5 9-132.1 9s-102.7 2.6-132.1-9c-19.6-7.8-34.7-22.9-42.6-42.6-11.7-29.5-9-99.5-9-132.1s-2.6-102.7 9-132.1c7.8-19.6 22.9-34.7 42.6-42.6 29.5-11.7 99.5-9 132.1-9s102.7-2.6 132.1 9c19.6 7.8 34.7 22.9 42.6 42.6 11.7 29.5 9 99.5 9 132.1s2.7 102.7-9 132.1z\"><\/path><\/svg>\t\t\t\t\t<\/a>\n\t\t\t\t<\/span>\n\t\t\t\t\t\t\t<span class=\"elementor-grid-item\" role=\"listitem\">\n\t\t\t\t\t<a class=\"elementor-icon elementor-social-icon elementor-social-icon-linkedin elementor-repeater-item-05b611a\" href=\"\" target=\"_blank\">\n\t\t\t\t\t\t<span class=\"elementor-screen-only\">Linkedin<\/span>\n\t\t\t\t\t\t<svg aria-hidden=\"true\" class=\"e-font-icon-svg e-fab-linkedin\" viewBox=\"0 0 448 512\" xmlns=\"http:\/\/www.w3.org\/2000\/svg\"><path d=\"M416 32H31.9C14.3 32 0 46.5 0 64.3v383.4C0 465.5 14.3 480 31.9 480H416c17.6 0 32-14.5 32-32.3V64.3c0-17.8-14.4-32.3-32-32.3zM135.4 416H69V202.2h66.5V416zm-33.2-243c-21.3 0-38.5-17.3-38.5-38.5S80.9 96 102.2 96c21.2 0 38.5 17.3 38.5 38.5 0 21.3-17.2 38.5-38.5 38.5zm282.1 243h-66.4V312c0-24.8-.5-56.7-34.5-56.7-34.6 0-39.9 27-39.9 54.9V416h-66.4V202.2h63.7v29.2h.9c8.9-16.8 30.6-34.5 62.9-34.5 67.2 0 79.7 44.3 79.7 101.9V416z\"><\/path><\/svg>\t\t\t\t\t<\/a>\n\t\t\t\t<\/span>\n\t\t\t\t\t<\/div>\n\t\t\t\t\t\t<\/div>\n\t\t\t\t<\/div>\n\t\t\t\t\t<\/div>\n\t\t\t\t<\/div>\n\t\t\t\t<\/div>\n\t\t","protected":false},"excerpt":{"rendered":"<p>Every year, February 14 is the perfect opportunity to celebrate love.But what is Valentine&#8217;s Day really all about? And more importantly, how can you make it truly memorable, far from the clich\u00e9s? This year, why not swap the traditional dinner at a restaurant for a real break for two, in an exceptional location, conducive to [&hellip;]<\/p>\n","protected":false},"author":2,"featured_media":7336,"comment_status":"closed","ping_status":"open","sticky":false,"template":"","format":"standard","meta":{"footnotes":""},"categories":[80,112,52],"tags":[],"class_list":["post-7382","post","type-post","status-publish","format-standard","has-post-thumbnail","hentry","category-events","category-french-alps","category-lake-annecy"],"yoast_head":"<!-- This site is optimized with the Yoast SEO plugin v27.4 - https:\/\/yoast.com\/product\/yoast-seo-wordpress\/ -->\n<title>Valentine&#039;s Day at Lake Annecy: a romantic getaway for lovers in the Alps<\/title>\n<meta name=\"description\" content=\"Fancy a romantic getaway for Valentine&#039;s Day? Treat yourself to a romantic break at Lake Annecy or in the Alps: cozy accommodation, magical landscapes, and unforgettable moments.\" \/>\n<meta name=\"robots\" content=\"index, follow, max-snippet:-1, max-image-preview:large, max-video-preview:-1\" \/>\n<link rel=\"canonical\" href=\"https:\/\/www.locationlacannecy.fr\/blog\/en\/saint-valentin-escapade-romantique-lac-annecy-alpes\/\" \/>\n<meta property=\"og:locale\" content=\"en_US\" \/>\n<meta property=\"og:type\" content=\"article\" \/>\n<meta property=\"og:title\" content=\"Valentine&#039;s Day at Lake Annecy: a romantic getaway for lovers in the Alps\" \/>\n<meta property=\"og:description\" content=\"Fancy a romantic getaway for Valentine&#039;s Day? Treat yourself to a romantic break at Lake Annecy or in the Alps: cozy accommodation, magical landscapes, and unforgettable moments.\" \/>\n<meta property=\"og:url\" content=\"https:\/\/www.locationlacannecy.fr\/blog\/en\/saint-valentin-escapade-romantique-lac-annecy-alpes\/\" \/>\n<meta property=\"og:site_name\" content=\"Tourism at Lake Annecy and in the Northern Alps\" \/>\n<meta property=\"article:publisher\" content=\"https:\/\/www.facebook.com\/locationlacannecy\" \/>\n<meta property=\"article:author\" content=\"https:\/\/www.facebook.com\/locationsaisonnieredeluxealpesetlacs\" \/>\n<meta property=\"article:published_time\" content=\"2026-01-28T11:33:19+00:00\" \/>\n<meta property=\"article:modified_time\" content=\"2026-01-28T13:23:51+00:00\" \/>\n<meta property=\"og:image\" content=\"https:\/\/www.locationlacannecy.fr\/blog\/wp-content\/uploads\/2026\/01\/lvepackstvalentin.png\" \/>\n\t<meta property=\"og:image:width\" content=\"1920\" \/>\n\t<meta property=\"og:image:height\" content=\"650\" \/>\n\t<meta property=\"og:image:type\" content=\"image\/png\" \/>\n<meta name=\"author\" content=\"locationlacannecy\" \/>\n<meta name=\"twitter:card\" content=\"summary_large_image\" \/>\n<meta name=\"twitter:label1\" content=\"Written by\" \/>\n\t<meta name=\"twitter:data1\" content=\"locationlacannecy\" \/>\n\t<meta name=\"twitter:label2\" content=\"Est. reading time\" \/>\n\t<meta name=\"twitter:data2\" content=\"2 minutes\" \/>\n<script type=\"application\/ld+json\" class=\"yoast-schema-graph\">{\"@context\":\"https:\\\/\\\/schema.org\",\"@graph\":[{\"@type\":\"Article\",\"@id\":\"https:\\\/\\\/www.locationlacannecy.fr\\\/blog\\\/en\\\/saint-valentin-escapade-romantique-lac-annecy-alpes\\\/#article\",\"isPartOf\":{\"@id\":\"https:\\\/\\\/www.locationlacannecy.fr\\\/blog\\\/en\\\/saint-valentin-escapade-romantique-lac-annecy-alpes\\\/\"},\"author\":{\"name\":\"locationlacannecy\",\"@id\":\"https:\\\/\\\/www.locationlacannecy.fr\\\/blog\\\/en\\\/#\\\/schema\\\/person\\\/7fab390e122a0e75a3a1e342801fac68\"},\"headline\":\"\ud83d\udc95 Valentine&#8217;s Day : treat yourself to an unforgettable romantic getaway at Lake Annecy or in the Alps\",\"datePublished\":\"2026-01-28T11:33:19+00:00\",\"dateModified\":\"2026-01-28T13:23:51+00:00\",\"mainEntityOfPage\":{\"@id\":\"https:\\\/\\\/www.locationlacannecy.fr\\\/blog\\\/en\\\/saint-valentin-escapade-romantique-lac-annecy-alpes\\\/\"},\"wordCount\":513,\"publisher\":{\"@id\":\"https:\\\/\\\/www.locationlacannecy.fr\\\/blog\\\/en\\\/#organization\"},\"image\":{\"@id\":\"https:\\\/\\\/www.locationlacannecy.fr\\\/blog\\\/en\\\/saint-valentin-escapade-romantique-lac-annecy-alpes\\\/#primaryimage\"},\"thumbnailUrl\":\"https:\\\/\\\/www.locationlacannecy.fr\\\/blog\\\/wp-content\\\/uploads\\\/2026\\\/01\\\/lvepackstvalentin.png\",\"articleSection\":[\"Events\",\"French Alps\",\"Lake Annecy\"],\"inLanguage\":\"en\"},{\"@type\":\"WebPage\",\"@id\":\"https:\\\/\\\/www.locationlacannecy.fr\\\/blog\\\/en\\\/saint-valentin-escapade-romantique-lac-annecy-alpes\\\/\",\"url\":\"https:\\\/\\\/www.locationlacannecy.fr\\\/blog\\\/en\\\/saint-valentin-escapade-romantique-lac-annecy-alpes\\\/\",\"name\":\"Valentine's Day at Lake Annecy: a romantic getaway for lovers in the Alps\",\"isPartOf\":{\"@id\":\"https:\\\/\\\/www.locationlacannecy.fr\\\/blog\\\/en\\\/#website\"},\"primaryImageOfPage\":{\"@id\":\"https:\\\/\\\/www.locationlacannecy.fr\\\/blog\\\/en\\\/saint-valentin-escapade-romantique-lac-annecy-alpes\\\/#primaryimage\"},\"image\":{\"@id\":\"https:\\\/\\\/www.locationlacannecy.fr\\\/blog\\\/en\\\/saint-valentin-escapade-romantique-lac-annecy-alpes\\\/#primaryimage\"},\"thumbnailUrl\":\"https:\\\/\\\/www.locationlacannecy.fr\\\/blog\\\/wp-content\\\/uploads\\\/2026\\\/01\\\/lvepackstvalentin.png\",\"datePublished\":\"2026-01-28T11:33:19+00:00\",\"dateModified\":\"2026-01-28T13:23:51+00:00\",\"description\":\"Fancy a romantic getaway for Valentine's Day? Treat yourself to a romantic break at Lake Annecy or in the Alps: cozy accommodation, magical landscapes, and unforgettable moments.\",\"breadcrumb\":{\"@id\":\"https:\\\/\\\/www.locationlacannecy.fr\\\/blog\\\/en\\\/saint-valentin-escapade-romantique-lac-annecy-alpes\\\/#breadcrumb\"},\"inLanguage\":\"en\",\"potentialAction\":[{\"@type\":\"ReadAction\",\"target\":[\"https:\\\/\\\/www.locationlacannecy.fr\\\/blog\\\/en\\\/saint-valentin-escapade-romantique-lac-annecy-alpes\\\/\"]}]},{\"@type\":\"ImageObject\",\"inLanguage\":\"en\",\"@id\":\"https:\\\/\\\/www.locationlacannecy.fr\\\/blog\\\/en\\\/saint-valentin-escapade-romantique-lac-annecy-alpes\\\/#primaryimage\",\"url\":\"https:\\\/\\\/www.locationlacannecy.fr\\\/blog\\\/wp-content\\\/uploads\\\/2026\\\/01\\\/lvepackstvalentin.png\",\"contentUrl\":\"https:\\\/\\\/www.locationlacannecy.fr\\\/blog\\\/wp-content\\\/uploads\\\/2026\\\/01\\\/lvepackstvalentin.png\",\"width\":1920,\"height\":650},{\"@type\":\"BreadcrumbList\",\"@id\":\"https:\\\/\\\/www.locationlacannecy.fr\\\/blog\\\/en\\\/saint-valentin-escapade-romantique-lac-annecy-alpes\\\/#breadcrumb\",\"itemListElement\":[{\"@type\":\"ListItem\",\"position\":1,\"name\":\"Home\",\"item\":\"https:\\\/\\\/www.locationlacannecy.fr\\\/blog\\\/en\\\/\"},{\"@type\":\"ListItem\",\"position\":2,\"name\":\"\ud83d\udc95 Valentine&#8217;s Day : treat yourself to an unforgettable romantic getaway at Lake Annecy or in the Alps\"}]},{\"@type\":\"WebSite\",\"@id\":\"https:\\\/\\\/www.locationlacannecy.fr\\\/blog\\\/en\\\/#website\",\"url\":\"https:\\\/\\\/www.locationlacannecy.fr\\\/blog\\\/en\\\/\",\"name\":\"https:\\\/\\\/www.locationlacannecy.fr\\\/blog\\\/\",\"description\":\"by LLA Selections \\\/\\\/ Location Lac Annecy\",\"publisher\":{\"@id\":\"https:\\\/\\\/www.locationlacannecy.fr\\\/blog\\\/en\\\/#organization\"},\"alternateName\":\"https:\\\/\\\/www.locationlacannecy.fr\",\"potentialAction\":[{\"@type\":\"SearchAction\",\"target\":{\"@type\":\"EntryPoint\",\"urlTemplate\":\"https:\\\/\\\/www.locationlacannecy.fr\\\/blog\\\/en\\\/?s={search_term_string}\"},\"query-input\":{\"@type\":\"PropertyValueSpecification\",\"valueRequired\":true,\"valueName\":\"search_term_string\"}}],\"inLanguage\":\"en\"},{\"@type\":\"Organization\",\"@id\":\"https:\\\/\\\/www.locationlacannecy.fr\\\/blog\\\/en\\\/#organization\",\"name\":\"Blog de Location lac Annecy\",\"url\":\"https:\\\/\\\/www.locationlacannecy.fr\\\/blog\\\/en\\\/\",\"logo\":{\"@type\":\"ImageObject\",\"inLanguage\":\"en\",\"@id\":\"https:\\\/\\\/www.locationlacannecy.fr\\\/blog\\\/en\\\/#\\\/schema\\\/logo\\\/image\\\/\",\"url\":\"https:\\\/\\\/www.locationlacannecy.fr\\\/blog\\\/wp-content\\\/uploads\\\/2023\\\/01\\\/LLA-Selections-Publication-Facebook.png\",\"contentUrl\":\"https:\\\/\\\/www.locationlacannecy.fr\\\/blog\\\/wp-content\\\/uploads\\\/2023\\\/01\\\/LLA-Selections-Publication-Facebook.png\",\"width\":940,\"height\":788,\"caption\":\"Blog de Location lac Annecy\"},\"image\":{\"@id\":\"https:\\\/\\\/www.locationlacannecy.fr\\\/blog\\\/en\\\/#\\\/schema\\\/logo\\\/image\\\/\"},\"sameAs\":[\"https:\\\/\\\/www.facebook.com\\\/locationlacannecy\",\"https:\\\/\\\/www.instagram.com\\\/locationsaisonnierealpes\\\/\",\"https:\\\/\\\/www.linkedin.com\\\/company\\\/location-lac-annecy-lla\\\/\"]},{\"@type\":\"Person\",\"@id\":\"https:\\\/\\\/www.locationlacannecy.fr\\\/blog\\\/en\\\/#\\\/schema\\\/person\\\/7fab390e122a0e75a3a1e342801fac68\",\"name\":\"locationlacannecy\",\"image\":{\"@type\":\"ImageObject\",\"inLanguage\":\"en\",\"@id\":\"https:\\\/\\\/secure.gravatar.com\\\/avatar\\\/2815d245b271634a0f5e1904b52bc658d5e1ae6c29cde71497fe4f86690e1c41?s=96&d=mm&r=g\",\"url\":\"https:\\\/\\\/secure.gravatar.com\\\/avatar\\\/2815d245b271634a0f5e1904b52bc658d5e1ae6c29cde71497fe4f86690e1c41?s=96&d=mm&r=g\",\"contentUrl\":\"https:\\\/\\\/secure.gravatar.com\\\/avatar\\\/2815d245b271634a0f5e1904b52bc658d5e1ae6c29cde71497fe4f86690e1c41?s=96&d=mm&r=g\",\"caption\":\"locationlacannecy\"},\"description\":\"Nous sommes une \u00e9quipe de professionnels de la location saisonni\u00e8re ayant acquis une exp\u00e9rience significative dans l\u2019accueil, l\u2019hospitalit\u00e9, l\u2019intendance, la logistique, le service clients. Nous exer\u00e7ons notre activit\u00e9 de professionnels de la location saisonni\u00e8re au bord du lac d'Annecy, la Clusaz, Courchevel, M\u00e9ribel, Chamonix, \u2026\",\"sameAs\":[\"https:\\\/\\\/www.locationlacannecy.fr\",\"https:\\\/\\\/www.facebook.com\\\/locationsaisonnieredeluxealpesetlacs\",\"https:\\\/\\\/www.instagram.com\\\/locationsaisonnierealpes\\\/\",\"https:\\\/\\\/www.youtube.com\\\/@locationlacannecy-location7330\\\/featured\"],\"url\":\"https:\\\/\\\/www.locationlacannecy.fr\\\/blog\\\/en\\\/author\\\/locationlacannecy\\\/\"}]}<\/script>\n<!-- \/ Yoast SEO plugin. -->","yoast_head_json":{"title":"Valentine's Day at Lake Annecy: a romantic getaway for lovers in the Alps","description":"Fancy a romantic getaway for Valentine's Day? Treat yourself to a romantic break at Lake Annecy or in the Alps: cozy accommodation, magical landscapes, and unforgettable moments.","robots":{"index":"index","follow":"follow","max-snippet":"max-snippet:-1","max-image-preview":"max-image-preview:large","max-video-preview":"max-video-preview:-1"},"canonical":"https:\/\/www.locationlacannecy.fr\/blog\/en\/saint-valentin-escapade-romantique-lac-annecy-alpes\/","og_locale":"en_US","og_type":"article","og_title":"Valentine's Day at Lake Annecy: a romantic getaway for lovers in the Alps","og_description":"Fancy a romantic getaway for Valentine's Day? Treat yourself to a romantic break at Lake Annecy or in the Alps: cozy accommodation, magical landscapes, and unforgettable moments.","og_url":"https:\/\/www.locationlacannecy.fr\/blog\/en\/saint-valentin-escapade-romantique-lac-annecy-alpes\/","og_site_name":"Tourism at Lake Annecy and in the Northern Alps","article_publisher":"https:\/\/www.facebook.com\/locationlacannecy","article_author":"https:\/\/www.facebook.com\/locationsaisonnieredeluxealpesetlacs","article_published_time":"2026-01-28T11:33:19+00:00","article_modified_time":"2026-01-28T13:23:51+00:00","og_image":[{"width":1920,"height":650,"url":"https:\/\/www.locationlacannecy.fr\/blog\/wp-content\/uploads\/2026\/01\/lvepackstvalentin.png","type":"image\/png"}],"author":"locationlacannecy","twitter_card":"summary_large_image","twitter_misc":{"Written by":"locationlacannecy","Est. reading time":"2 minutes"},"schema":{"@context":"https:\/\/schema.org","@graph":[{"@type":"Article","@id":"https:\/\/www.locationlacannecy.fr\/blog\/en\/saint-valentin-escapade-romantique-lac-annecy-alpes\/#article","isPartOf":{"@id":"https:\/\/www.locationlacannecy.fr\/blog\/en\/saint-valentin-escapade-romantique-lac-annecy-alpes\/"},"author":{"name":"locationlacannecy","@id":"https:\/\/www.locationlacannecy.fr\/blog\/en\/#\/schema\/person\/7fab390e122a0e75a3a1e342801fac68"},"headline":"\ud83d\udc95 Valentine&#8217;s Day : treat yourself to an unforgettable romantic getaway at Lake Annecy or in the Alps","datePublished":"2026-01-28T11:33:19+00:00","dateModified":"2026-01-28T13:23:51+00:00","mainEntityOfPage":{"@id":"https:\/\/www.locationlacannecy.fr\/blog\/en\/saint-valentin-escapade-romantique-lac-annecy-alpes\/"},"wordCount":513,"publisher":{"@id":"https:\/\/www.locationlacannecy.fr\/blog\/en\/#organization"},"image":{"@id":"https:\/\/www.locationlacannecy.fr\/blog\/en\/saint-valentin-escapade-romantique-lac-annecy-alpes\/#primaryimage"},"thumbnailUrl":"https:\/\/www.locationlacannecy.fr\/blog\/wp-content\/uploads\/2026\/01\/lvepackstvalentin.png","articleSection":["Events","French Alps","Lake Annecy"],"inLanguage":"en"},{"@type":"WebPage","@id":"https:\/\/www.locationlacannecy.fr\/blog\/en\/saint-valentin-escapade-romantique-lac-annecy-alpes\/","url":"https:\/\/www.locationlacannecy.fr\/blog\/en\/saint-valentin-escapade-romantique-lac-annecy-alpes\/","name":"Valentine's Day at Lake Annecy: a romantic getaway for lovers in the Alps","isPartOf":{"@id":"https:\/\/www.locationlacannecy.fr\/blog\/en\/#website"},"primaryImageOfPage":{"@id":"https:\/\/www.locationlacannecy.fr\/blog\/en\/saint-valentin-escapade-romantique-lac-annecy-alpes\/#primaryimage"},"image":{"@id":"https:\/\/www.locationlacannecy.fr\/blog\/en\/saint-valentin-escapade-romantique-lac-annecy-alpes\/#primaryimage"},"thumbnailUrl":"https:\/\/www.locationlacannecy.fr\/blog\/wp-content\/uploads\/2026\/01\/lvepackstvalentin.png","datePublished":"2026-01-28T11:33:19+00:00","dateModified":"2026-01-28T13:23:51+00:00","description":"Fancy a romantic getaway for Valentine's Day? Treat yourself to a romantic break at Lake Annecy or in the Alps: cozy accommodation, magical landscapes, and unforgettable moments.","breadcrumb":{"@id":"https:\/\/www.locationlacannecy.fr\/blog\/en\/saint-valentin-escapade-romantique-lac-annecy-alpes\/#breadcrumb"},"inLanguage":"en","potentialAction":[{"@type":"ReadAction","target":["https:\/\/www.locationlacannecy.fr\/blog\/en\/saint-valentin-escapade-romantique-lac-annecy-alpes\/"]}]},{"@type":"ImageObject","inLanguage":"en","@id":"https:\/\/www.locationlacannecy.fr\/blog\/en\/saint-valentin-escapade-romantique-lac-annecy-alpes\/#primaryimage","url":"https:\/\/www.locationlacannecy.fr\/blog\/wp-content\/uploads\/2026\/01\/lvepackstvalentin.png","contentUrl":"https:\/\/www.locationlacannecy.fr\/blog\/wp-content\/uploads\/2026\/01\/lvepackstvalentin.png","width":1920,"height":650},{"@type":"BreadcrumbList","@id":"https:\/\/www.locationlacannecy.fr\/blog\/en\/saint-valentin-escapade-romantique-lac-annecy-alpes\/#breadcrumb","itemListElement":[{"@type":"ListItem","position":1,"name":"Home","item":"https:\/\/www.locationlacannecy.fr\/blog\/en\/"},{"@type":"ListItem","position":2,"name":"\ud83d\udc95 Valentine&#8217;s Day : treat yourself to an unforgettable romantic getaway at Lake Annecy or in the Alps"}]},{"@type":"WebSite","@id":"https:\/\/www.locationlacannecy.fr\/blog\/en\/#website","url":"https:\/\/www.locationlacannecy.fr\/blog\/en\/","name":"https:\/\/www.locationlacannecy.fr\/blog\/","description":"by LLA Selections \/\/ Location Lac Annecy","publisher":{"@id":"https:\/\/www.locationlacannecy.fr\/blog\/en\/#organization"},"alternateName":"https:\/\/www.locationlacannecy.fr","potentialAction":[{"@type":"SearchAction","target":{"@type":"EntryPoint","urlTemplate":"https:\/\/www.locationlacannecy.fr\/blog\/en\/?s={search_term_string}"},"query-input":{"@type":"PropertyValueSpecification","valueRequired":true,"valueName":"search_term_string"}}],"inLanguage":"en"},{"@type":"Organization","@id":"https:\/\/www.locationlacannecy.fr\/blog\/en\/#organization","name":"Blog de Location lac Annecy","url":"https:\/\/www.locationlacannecy.fr\/blog\/en\/","logo":{"@type":"ImageObject","inLanguage":"en","@id":"https:\/\/www.locationlacannecy.fr\/blog\/en\/#\/schema\/logo\/image\/","url":"https:\/\/www.locationlacannecy.fr\/blog\/wp-content\/uploads\/2023\/01\/LLA-Selections-Publication-Facebook.png","contentUrl":"https:\/\/www.locationlacannecy.fr\/blog\/wp-content\/uploads\/2023\/01\/LLA-Selections-Publication-Facebook.png","width":940,"height":788,"caption":"Blog de Location lac Annecy"},"image":{"@id":"https:\/\/www.locationlacannecy.fr\/blog\/en\/#\/schema\/logo\/image\/"},"sameAs":["https:\/\/www.facebook.com\/locationlacannecy","https:\/\/www.instagram.com\/locationsaisonnierealpes\/","https:\/\/www.linkedin.com\/company\/location-lac-annecy-lla\/"]},{"@type":"Person","@id":"https:\/\/www.locationlacannecy.fr\/blog\/en\/#\/schema\/person\/7fab390e122a0e75a3a1e342801fac68","name":"locationlacannecy","image":{"@type":"ImageObject","inLanguage":"en","@id":"https:\/\/secure.gravatar.com\/avatar\/2815d245b271634a0f5e1904b52bc658d5e1ae6c29cde71497fe4f86690e1c41?s=96&d=mm&r=g","url":"https:\/\/secure.gravatar.com\/avatar\/2815d245b271634a0f5e1904b52bc658d5e1ae6c29cde71497fe4f86690e1c41?s=96&d=mm&r=g","contentUrl":"https:\/\/secure.gravatar.com\/avatar\/2815d245b271634a0f5e1904b52bc658d5e1ae6c29cde71497fe4f86690e1c41?s=96&d=mm&r=g","caption":"locationlacannecy"},"description":"Nous sommes une \u00e9quipe de professionnels de la location saisonni\u00e8re ayant acquis une exp\u00e9rience significative dans l\u2019accueil, l\u2019hospitalit\u00e9, l\u2019intendance, la logistique, le service clients. Nous exer\u00e7ons notre activit\u00e9 de professionnels de la location saisonni\u00e8re au bord du lac d'Annecy, la Clusaz, Courchevel, M\u00e9ribel, Chamonix, \u2026","sameAs":["https:\/\/www.locationlacannecy.fr","https:\/\/www.facebook.com\/locationsaisonnieredeluxealpesetlacs","https:\/\/www.instagram.com\/locationsaisonnierealpes\/","https:\/\/www.youtube.com\/@locationlacannecy-location7330\/featured"],"url":"https:\/\/www.locationlacannecy.fr\/blog\/en\/author\/locationlacannecy\/"}]}},"_links":{"self":[{"href":"https:\/\/www.locationlacannecy.fr\/blog\/en\/wp-json\/wp\/v2\/posts\/7382","targetHints":{"allow":["GET"]}}],"collection":[{"href":"https:\/\/www.locationlacannecy.fr\/blog\/en\/wp-json\/wp\/v2\/posts"}],"about":[{"href":"https:\/\/www.locationlacannecy.fr\/blog\/en\/wp-json\/wp\/v2\/types\/post"}],"author":[{"embeddable":true,"href":"https:\/\/www.locationlacannecy.fr\/blog\/en\/wp-json\/wp\/v2\/users\/2"}],"replies":[{"embeddable":true,"href":"https:\/\/www.locationlacannecy.fr\/blog\/en\/wp-json\/wp\/v2\/comments?post=7382"}],"version-history":[{"count":1,"href":"https:\/\/www.locationlacannecy.fr\/blog\/en\/wp-json\/wp\/v2\/posts\/7382\/revisions"}],"predecessor-version":[{"id":7383,"href":"https:\/\/www.locationlacannecy.fr\/blog\/en\/wp-json\/wp\/v2\/posts\/7382\/revisions\/7383"}],"wp:featuredmedia":[{"embeddable":true,"href":"https:\/\/www.locationlacannecy.fr\/blog\/en\/wp-json\/wp\/v2\/media\/7336"}],"wp:attachment":[{"href":"https:\/\/www.locationlacannecy.fr\/blog\/en\/wp-json\/wp\/v2\/media?parent=7382"}],"wp:term":[{"taxonomy":"category","embeddable":true,"href":"https:\/\/www.locationlacannecy.fr\/blog\/en\/wp-json\/wp\/v2\/categories?post=7382"},{"taxonomy":"post_tag","embeddable":true,"href":"https:\/\/www.locationlacannecy.fr\/blog\/en\/wp-json\/wp\/v2\/tags?post=7382"}],"curies":[{"name":"wp","href":"https:\/\/api.w.org\/{rel}","templated":true}]}}