{"id":8160,"date":"2026-02-17T09:00:00","date_gmt":"2026-02-17T09:00:00","guid":{"rendered":"https:\/\/www.locationlacannecy.fr\/blog\/balade-gourmande-au-marche-dannecy\/"},"modified":"2026-02-24T14:23:24","modified_gmt":"2026-02-24T14:23:24","slug":"balade-gourmande-au-marche-dannecy","status":"publish","type":"post","link":"https:\/\/www.locationlacannecy.fr\/blog\/en\/balade-gourmande-au-marche-dannecy\/","title":{"rendered":"Annecy Market Food Tour: A Flavorful Experience in the Heart of the Old Town"},"content":{"rendered":"\t\t<div data-elementor-type=\"wp-post\" data-elementor-id=\"8160\" class=\"elementor elementor-8160 elementor-7906\" data-elementor-post-type=\"post\">\n\t\t\t\t<div class=\"elementor-element elementor-element-77e69962 e-flex e-con-boxed e-con e-parent\" data-id=\"77e69962\" data-element_type=\"container\" data-e-type=\"container\">\n\t\t\t\t\t<div class=\"e-con-inner\">\n\t\t\t\t<div class=\"elementor-element elementor-element-77fe9adb elementor-widget elementor-widget-text-editor\" data-id=\"77fe9adb\" data-element_type=\"widget\" data-e-type=\"widget\" data-widget_type=\"text-editor.default\">\n\t\t\t\t<div class=\"elementor-widget-container\">\n\t\t\t\t\t\t\t\t\t<p>It&#8217;s impossible to stay in Annecy without strolling through its famous market.<\/p><p>A true local institution, the <a href=\"https:\/\/www.locationlacannecy.fr\/blog\/en\/market-days-in-annecy\/\">Annecy market<\/a> is an invitation to discovery, encounters, and gourmet delights.<\/p><p>With our <strong>Annecy Market<\/strong> <a href=\"https:\/\/lla-conciergerie.com\/services-conciergerie-lac-annecy-alpes\/balade-gourmande-au-marche-dannecy\/\">food tour<\/a>, experience an authentic and privileged journey, combining tastings, artisanal craftsmanship, and Savoyard specialties.<\/p>\t\t\t\t\t\t\t\t<\/div>\n\t\t\t\t<\/div>\n\t\t\t\t\t<\/div>\n\t\t\t\t<\/div>\n\t\t<div class=\"elementor-element elementor-element-5872ca6c e-flex e-con-boxed e-con e-parent\" data-id=\"5872ca6c\" data-element_type=\"container\" data-e-type=\"container\">\n\t\t\t\t\t<div class=\"e-con-inner\">\n\t\t\t\t<div class=\"elementor-element elementor-element-2e63e13 elementor-toc--minimized-on-tablet elementor-widget elementor-widget-table-of-contents\" data-id=\"2e63e13\" data-element_type=\"widget\" data-e-type=\"widget\" data-settings=\"{&quot;headings_by_tags&quot;:[&quot;h3&quot;],&quot;exclude_headings_by_selector&quot;:[],&quot;no_headings_message&quot;:&quot;Aucun titre n\\u2019a \\u00e9t\\u00e9 trouv\\u00e9 sur cette page.&quot;,&quot;marker_view&quot;:&quot;numbers&quot;,&quot;minimize_box&quot;:&quot;yes&quot;,&quot;minimized_on&quot;:&quot;tablet&quot;,&quot;hierarchical_view&quot;:&quot;yes&quot;,&quot;min_height&quot;:{&quot;unit&quot;:&quot;px&quot;,&quot;size&quot;:&quot;&quot;,&quot;sizes&quot;:[]},&quot;min_height_tablet&quot;:{&quot;unit&quot;:&quot;px&quot;,&quot;size&quot;:&quot;&quot;,&quot;sizes&quot;:[]},&quot;min_height_mobile&quot;:{&quot;unit&quot;:&quot;px&quot;,&quot;size&quot;:&quot;&quot;,&quot;sizes&quot;:[]}}\" data-widget_type=\"table-of-contents.default\">\n\t\t\t\t<div class=\"elementor-widget-container\">\n\t\t\t\t\t\t\t\t\t<div class=\"elementor-toc__header\">\n\t\t\t\t\t\t<h4 class=\"elementor-toc__header-title\">\n\t\t\t\tSummary\t\t\t<\/h4>\n\t\t\t\t\t\t\t\t\t\t<div class=\"elementor-toc__toggle-button elementor-toc__toggle-button--expand\" role=\"button\" tabindex=\"0\" aria-controls=\"elementor-toc__2e63e13\" aria-expanded=\"true\" aria-label=\"Open table of contents\"><svg aria-hidden=\"true\" class=\"e-font-icon-svg e-fas-chevron-down\" viewBox=\"0 0 448 512\" xmlns=\"http:\/\/www.w3.org\/2000\/svg\"><path d=\"M207.029 381.476L12.686 187.132c-9.373-9.373-9.373-24.569 0-33.941l22.667-22.667c9.357-9.357 24.522-9.375 33.901-.04L224 284.505l154.745-154.021c9.379-9.335 24.544-9.317 33.901.04l22.667 22.667c9.373 9.373 9.373 24.569 0 33.941L240.971 381.476c-9.373 9.372-24.569 9.372-33.942 0z\"><\/path><\/svg><\/div>\n\t\t\t\t<div class=\"elementor-toc__toggle-button elementor-toc__toggle-button--collapse\" role=\"button\" tabindex=\"0\" aria-controls=\"elementor-toc__2e63e13\" aria-expanded=\"true\" aria-label=\"Close table of contents\"><svg aria-hidden=\"true\" class=\"e-font-icon-svg e-fas-chevron-up\" viewBox=\"0 0 448 512\" xmlns=\"http:\/\/www.w3.org\/2000\/svg\"><path d=\"M240.971 130.524l194.343 194.343c9.373 9.373 9.373 24.569 0 33.941l-22.667 22.667c-9.357 9.357-24.522 9.375-33.901.04L224 227.495 69.255 381.516c-9.379 9.335-24.544 9.317-33.901-.04l-22.667-22.667c-9.373-9.373-9.373-24.569 0-33.941L207.03 130.525c9.372-9.373 24.568-9.373 33.941-.001z\"><\/path><\/svg><\/div>\n\t\t\t\t\t<\/div>\n\t\t\t\t<div id=\"elementor-toc__2e63e13\" class=\"elementor-toc__body\">\n\t\t\t<div class=\"elementor-toc__spinner-container\">\n\t\t\t\t<svg class=\"elementor-toc__spinner eicon-animation-spin e-font-icon-svg e-eicon-loading\" aria-hidden=\"true\" viewBox=\"0 0 1000 1000\" xmlns=\"http:\/\/www.w3.org\/2000\/svg\"><path d=\"M500 975V858C696 858 858 696 858 500S696 142 500 142 142 304 142 500H25C25 237 238 25 500 25S975 237 975 500 763 975 500 975Z\"><\/path><\/svg>\t\t\t<\/div>\n\t\t<\/div>\n\t\t\t\t\t\t<\/div>\n\t\t\t\t<\/div>\n\t\t\t\t<div class=\"elementor-element elementor-element-30f8ce59 elementor-widget elementor-widget-heading\" data-id=\"30f8ce59\" data-element_type=\"widget\" data-e-type=\"widget\" data-widget_type=\"heading.default\">\n\t\t\t\t<div class=\"elementor-widget-container\">\n\t\t\t\t\t<h3 class=\"elementor-heading-title elementor-size-default\">An Iconic Market in the Heart of the Old Town\n<\/h3>\t\t\t\t<\/div>\n\t\t\t\t<\/div>\n\t\t\t\t\t<\/div>\n\t\t\t\t<\/div>\n\t\t<div class=\"elementor-element elementor-element-5489b901 e-flex e-con-boxed e-con e-parent\" data-id=\"5489b901\" data-element_type=\"container\" data-e-type=\"container\">\n\t\t\t\t\t<div class=\"e-con-inner\">\n\t\t<div class=\"elementor-element elementor-element-6408c912 e-con-full e-flex e-con e-child\" data-id=\"6408c912\" data-element_type=\"container\" data-e-type=\"container\">\n\t\t\t\t<div class=\"elementor-element elementor-element-640e506b elementor-widget elementor-widget-text-editor\" data-id=\"640e506b\" data-element_type=\"widget\" data-e-type=\"widget\" data-widget_type=\"text-editor.default\">\n\t\t\t\t<div class=\"elementor-widget-container\">\n\t\t\t\t\t\t\t\t\t<p> <\/p><p>Located in the cobbled streets of the old town, <strong>the Annecy market<\/strong> mainly takes place on <strong>Rue Sainte-Claire<\/strong> and <strong>around the historic old town.<\/strong><\/p><p><strong>Three times a week<\/strong> (Tuesday, Friday, and Sunday mornings), the colorful stalls bring the historic center to life, offering a true spectacle of flavors and scents.<\/p><p>Farm cheeses, artisanal cured meats, sourdough breads, seasonal fruits and vegetables, mountain honey, homemade jams\u2026 The market abounds with local products carefully selected by passionate producers.<\/p>\t\t\t\t\t\t\t\t<\/div>\n\t\t\t\t<\/div>\n\t\t\t\t<\/div>\n\t\t<div class=\"elementor-element elementor-element-338e8704 e-con-full e-flex e-con e-child\" data-id=\"338e8704\" data-element_type=\"container\" data-e-type=\"container\">\n\t\t\t\t<div class=\"elementor-element elementor-element-23fc3c38 elementor-widget elementor-widget-image\" data-id=\"23fc3c38\" data-element_type=\"widget\" data-e-type=\"widget\" data-widget_type=\"image.default\">\n\t\t\t\t<div class=\"elementor-widget-container\">\n\t\t\t\t\t\t\t\t\t\t\t\t\t\t\t<img fetchpriority=\"high\" decoding=\"async\" width=\"800\" height=\"563\" src=\"https:\/\/www.locationlacannecy.fr\/blog\/wp-content\/uploads\/2026\/02\/marche-annecy-1024x720.jpeg\" class=\"attachment-large size-large wp-image-7937\" alt=\"\" srcset=\"https:\/\/www.locationlacannecy.fr\/blog\/wp-content\/uploads\/2026\/02\/marche-annecy-1024x720.jpeg 1024w, https:\/\/www.locationlacannecy.fr\/blog\/wp-content\/uploads\/2026\/02\/marche-annecy-300x211.jpeg 300w, https:\/\/www.locationlacannecy.fr\/blog\/wp-content\/uploads\/2026\/02\/marche-annecy-768x540.jpeg 768w, https:\/\/www.locationlacannecy.fr\/blog\/wp-content\/uploads\/2026\/02\/marche-annecy.jpeg 1500w\" sizes=\"(max-width: 800px) 100vw, 800px\" \/>\t\t\t\t\t\t\t\t\t\t\t\t\t\t\t<\/div>\n\t\t\t\t<\/div>\n\t\t\t\t<\/div>\n\t\t\t\t\t<\/div>\n\t\t\t\t<\/div>\n\t\t<div class=\"elementor-element elementor-element-259d4466 e-flex e-con-boxed e-con e-parent\" data-id=\"259d4466\" data-element_type=\"container\" data-e-type=\"container\">\n\t\t\t\t\t<div class=\"e-con-inner\">\n\t\t\t\t<div class=\"elementor-element elementor-element-5dedfb9a elementor-widget-divider--view-line elementor-widget elementor-widget-divider\" data-id=\"5dedfb9a\" data-element_type=\"widget\" data-e-type=\"widget\" data-widget_type=\"divider.default\">\n\t\t\t\t<div class=\"elementor-widget-container\">\n\t\t\t\t\t\t\t<div class=\"elementor-divider\">\n\t\t\t<span class=\"elementor-divider-separator\">\n\t\t\t\t\t\t<\/span>\n\t\t<\/div>\n\t\t\t\t\t\t<\/div>\n\t\t\t\t<\/div>\n\t\t\t\t\t<\/div>\n\t\t\t\t<\/div>\n\t\t<div class=\"elementor-element elementor-element-3cdef19e e-flex e-con-boxed e-con e-parent\" data-id=\"3cdef19e\" data-element_type=\"container\" data-e-type=\"container\">\n\t\t\t\t\t<div class=\"e-con-inner\">\n\t\t\t\t<div class=\"elementor-element elementor-element-7ee15644 elementor-widget elementor-widget-heading\" data-id=\"7ee15644\" data-element_type=\"widget\" data-e-type=\"widget\" data-widget_type=\"heading.default\">\n\t\t\t\t<div class=\"elementor-widget-container\">\n\t\t\t\t\t<h3 class=\"elementor-heading-title elementor-size-default\">A Guided Gourmet Experience\n<\/h3>\t\t\t\t<\/div>\n\t\t\t\t<\/div>\n\t\t\t\t\t<\/div>\n\t\t\t\t<\/div>\n\t\t<div class=\"elementor-element elementor-element-2f377995 e-flex e-con-boxed e-con e-parent\" data-id=\"2f377995\" data-element_type=\"container\" data-e-type=\"container\">\n\t\t\t\t\t<div class=\"e-con-inner\">\n\t\t\t\t<div class=\"elementor-element elementor-element-52193e8e elementor-widget elementor-widget-text-editor\" data-id=\"52193e8e\" data-element_type=\"widget\" data-e-type=\"widget\" data-widget_type=\"text-editor.default\">\n\t\t\t\t<div class=\"elementor-widget-container\">\n\t\t\t\t\t\t\t\t\t<p>Our food tour is not limited to a simple market visit. <strong>Accompanied by a passionate local guide<\/strong>, you will meet the artisans and producers who contribute to the region&#8217;s rich gastronomy.<\/p><p><strong>Highlights:<\/strong><\/p><ul><li>Discovery of Savoyard Specialties<\/li><li>Cheese tastings (Reblochon, Tomme, Abondance\u2026)<\/li><li>Local cured meats and regional products<\/li><li>Artisanal sweet treats<\/li><li>Anecdotes and History of the Annecy Market<\/li><\/ul><p>Your guide will share their best addresses, tips, and local culinary secrets with you, in a friendly and authentic atmosphere.<\/p>\t\t\t\t\t\t\t\t<\/div>\n\t\t\t\t<\/div>\n\t\t\t\t<div class=\"elementor-element elementor-element-29bbb3b elementor-widget-divider--view-line elementor-widget elementor-widget-divider\" data-id=\"29bbb3b\" data-element_type=\"widget\" data-e-type=\"widget\" data-widget_type=\"divider.default\">\n\t\t\t\t<div class=\"elementor-widget-container\">\n\t\t\t\t\t\t\t<div class=\"elementor-divider\">\n\t\t\t<span class=\"elementor-divider-separator\">\n\t\t\t\t\t\t<\/span>\n\t\t<\/div>\n\t\t\t\t\t\t<\/div>\n\t\t\t\t<\/div>\n\t\t\t\t\t<\/div>\n\t\t\t\t<\/div>\n\t\t<div class=\"elementor-element elementor-element-41c672a0 e-flex e-con-boxed e-con e-parent\" data-id=\"41c672a0\" data-element_type=\"container\" data-e-type=\"container\">\n\t\t\t\t\t<div class=\"e-con-inner\">\n\t\t\t\t<div class=\"elementor-element elementor-element-dc70769 elementor-widget elementor-widget-heading\" data-id=\"dc70769\" data-element_type=\"widget\" data-e-type=\"widget\" data-widget_type=\"heading.default\">\n\t\t\t\t<div class=\"elementor-widget-container\">\n\t\t\t\t\t<h3 class=\"elementor-heading-title elementor-size-default\">An Immersion in the Savoyard Art of Living\n\n<\/h3>\t\t\t\t<\/div>\n\t\t\t\t<\/div>\n\t\t\t\t\t<\/div>\n\t\t\t\t<\/div>\n\t\t<div class=\"elementor-element elementor-element-4a0fd227 e-flex e-con-boxed e-con e-parent\" data-id=\"4a0fd227\" data-element_type=\"container\" data-e-type=\"container\">\n\t\t\t\t\t<div class=\"e-con-inner\">\n\t\t\t\t<div class=\"elementor-element elementor-element-73ef1b5f elementor-widget elementor-widget-text-editor\" data-id=\"73ef1b5f\" data-element_type=\"widget\" data-e-type=\"widget\" data-widget_type=\"text-editor.default\">\n\t\t\t\t<div class=\"elementor-widget-container\">\n\t\t\t\t\t\t\t\t\t<p>The food tour is also an immersion in the Annecy way of life. Between the medieval arcades, the canals, and the bustling market, you will discover Annecy in a different way: through its flavors and its people. <\/p><p>Remember to book your accommodation with <a href=\"https:\/\/www.locationlacannecy.fr\">LLA Selections<\/a>: <\/p>\t\t\t\t\t\t\t\t<\/div>\n\t\t\t\t<\/div>\n\t\t\t\t\t<\/div>\n\t\t\t\t<\/div>\n\t\t<div class=\"elementor-element elementor-element-846e053 e-flex e-con-boxed e-con e-parent\" data-id=\"846e053\" data-element_type=\"container\" data-e-type=\"container\">\n\t\t\t\t\t<div class=\"e-con-inner\">\n\t\t\t\t<div class=\"elementor-element elementor-element-1e55792b elementor-arrows-position-inside elementor-pagination-position-outside elementor-widget elementor-widget-image-carousel\" data-id=\"1e55792b\" data-element_type=\"widget\" data-e-type=\"widget\" data-settings=\"{&quot;navigation&quot;:&quot;both&quot;,&quot;autoplay&quot;:&quot;yes&quot;,&quot;pause_on_hover&quot;:&quot;yes&quot;,&quot;pause_on_interaction&quot;:&quot;yes&quot;,&quot;autoplay_speed&quot;:5000,&quot;infinite&quot;:&quot;yes&quot;,&quot;speed&quot;:500}\" data-widget_type=\"image-carousel.default\">\n\t\t\t\t<div class=\"elementor-widget-container\">\n\t\t\t\t\t\t\t<div class=\"elementor-image-carousel-wrapper swiper\" role=\"region\" aria-roledescription=\"carousel\" aria-label=\"Image Carousel\" dir=\"ltr\">\n\t\t\t<div class=\"elementor-image-carousel swiper-wrapper\" aria-live=\"off\">\n\t\t\t\t\t\t\t\t<div class=\"swiper-slide\" role=\"group\" aria-roledescription=\"slide\" aria-label=\"1 of 11\"><a data-elementor-open-lightbox=\"yes\" data-elementor-lightbox-slideshow=\"1e55792b\" data-elementor-lightbox-title=\"LLA-Selections-Le-Bel-Epoque-Annecy3\" data-e-action-hash=\"#elementor-action%3Aaction%3Dlightbox%26settings%3DeyJpZCI6NzM0NCwidXJsIjoiaHR0cHM6XC9cL3d3dy5sb2NhdGlvbmxhY2FubmVjeS5mclwvYmxvZ1wvd3AtY29udGVudFwvdXBsb2Fkc1wvMjAyNlwvMDFcL0xMQS1TZWxlY3Rpb25zLUxlLUJlbC1FcG9xdWUtQW5uZWN5My5qcGciLCJzbGlkZXNob3ciOiIxZTU1NzkyYiJ9\" href=\"https:\/\/www.locationlacannecy.fr\"><figure class=\"swiper-slide-inner\"><img decoding=\"async\" class=\"swiper-slide-image\" src=\"https:\/\/www.locationlacannecy.fr\/blog\/wp-content\/uploads\/2026\/01\/LLA-Selections-Le-Bel-Epoque-Annecy3-300x200.jpg\" alt=\"Chambre Cocooning\" \/><\/figure><\/a><\/div><div class=\"swiper-slide\" role=\"group\" aria-roledescription=\"slide\" aria-label=\"2 of 11\"><a data-elementor-open-lightbox=\"yes\" data-elementor-lightbox-slideshow=\"1e55792b\" data-elementor-lightbox-title=\"LLA_Evasion_Export_Web--4\" data-e-action-hash=\"#elementor-action%3Aaction%3Dlightbox%26settings%3DeyJpZCI6NzM0MiwidXJsIjoiaHR0cHM6XC9cL3d3dy5sb2NhdGlvbmxhY2FubmVjeS5mclwvYmxvZ1wvd3AtY29udGVudFwvdXBsb2Fkc1wvMjAyNlwvMDFcL0xMQV9FdmFzaW9uX0V4cG9ydF9XZWItNC5qcGciLCJzbGlkZXNob3ciOiIxZTU1NzkyYiJ9\" href=\"https:\/\/www.locationlacannecy.fr\"><figure class=\"swiper-slide-inner\"><img decoding=\"async\" class=\"swiper-slide-image\" src=\"https:\/\/www.locationlacannecy.fr\/blog\/wp-content\/uploads\/2026\/01\/LLA_Evasion_Export_Web-4-300x200.jpg\" alt=\"Vue Lac - Loft Evasion\" \/><\/figure><\/a><\/div><div class=\"swiper-slide\" role=\"group\" aria-roledescription=\"slide\" aria-label=\"3 of 11\"><a data-elementor-open-lightbox=\"yes\" data-elementor-lightbox-slideshow=\"1e55792b\" data-elementor-lightbox-title=\"LLA_Evasion_Export_Web--9\" data-e-action-hash=\"#elementor-action%3Aaction%3Dlightbox%26settings%3DeyJpZCI6NzM0MCwidXJsIjoiaHR0cHM6XC9cL3d3dy5sb2NhdGlvbmxhY2FubmVjeS5mclwvYmxvZ1wvd3AtY29udGVudFwvdXBsb2Fkc1wvMjAyNlwvMDFcL0xMQV9FdmFzaW9uX0V4cG9ydF9XZWItOS5qcGciLCJzbGlkZXNob3ciOiIxZTU1NzkyYiJ9\" href=\"https:\/\/www.locationlacannecy.fr\"><figure class=\"swiper-slide-inner\"><img decoding=\"async\" class=\"swiper-slide-image\" src=\"https:\/\/www.locationlacannecy.fr\/blog\/wp-content\/uploads\/2026\/01\/LLA_Evasion_Export_Web-9-300x200.jpg\" alt=\"Espace nuit - Loft Evasion\" \/><\/figure><\/a><\/div><div class=\"swiper-slide\" role=\"group\" aria-roledescription=\"slide\" aria-label=\"4 of 11\"><a data-elementor-open-lightbox=\"yes\" data-elementor-lightbox-slideshow=\"1e55792b\" data-elementor-lightbox-title=\"LLA-Selections-Le-Bel-Epoque-Annecy8\" data-e-action-hash=\"#elementor-action%3Aaction%3Dlightbox%26settings%3DeyJpZCI6NzM0NiwidXJsIjoiaHR0cHM6XC9cL3d3dy5sb2NhdGlvbmxhY2FubmVjeS5mclwvYmxvZ1wvd3AtY29udGVudFwvdXBsb2Fkc1wvMjAyNlwvMDFcL0xMQS1TZWxlY3Rpb25zLUxlLUJlbC1FcG9xdWUtQW5uZWN5OC5qcGciLCJzbGlkZXNob3ciOiIxZTU1NzkyYiJ9\" href=\"https:\/\/www.locationlacannecy.fr\"><figure class=\"swiper-slide-inner\"><img decoding=\"async\" class=\"swiper-slide-image\" src=\"https:\/\/www.locationlacannecy.fr\/blog\/wp-content\/uploads\/2026\/01\/LLA-Selections-Le-Bel-Epoque-Annecy8-300x200.jpg\" alt=\"Pi\u00e8ce \u00e0 vivre - Bel Epoque\" \/><\/figure><\/a><\/div><div class=\"swiper-slide\" role=\"group\" aria-roledescription=\"slide\" aria-label=\"5 of 11\"><a data-elementor-open-lightbox=\"yes\" data-elementor-lightbox-slideshow=\"1e55792b\" data-elementor-lightbox-title=\"LLA_BaieDesVoiles_Export_Web-1282\" data-e-action-hash=\"#elementor-action%3Aaction%3Dlightbox%26settings%3DeyJpZCI6NzM0OCwidXJsIjoiaHR0cHM6XC9cL3d3dy5sb2NhdGlvbmxhY2FubmVjeS5mclwvYmxvZ1wvd3AtY29udGVudFwvdXBsb2Fkc1wvMjAyNlwvMDFcL0xMQV9CYWllRGVzVm9pbGVzX0V4cG9ydF9XZWItMTI4Mi5qcGciLCJzbGlkZXNob3ciOiIxZTU1NzkyYiJ9\" href=\"https:\/\/www.locationlacannecy.fr\"><figure class=\"swiper-slide-inner\"><img decoding=\"async\" class=\"swiper-slide-image\" src=\"https:\/\/www.locationlacannecy.fr\/blog\/wp-content\/uploads\/2026\/01\/LLA_BaieDesVoiles_Export_Web-1282-300x200.jpg\" alt=\"Vue Ch\u00e2teau de Duingt - BDV 206\" \/><\/figure><\/a><\/div><div class=\"swiper-slide\" role=\"group\" aria-roledescription=\"slide\" aria-label=\"6 of 11\"><a data-elementor-open-lightbox=\"yes\" data-elementor-lightbox-slideshow=\"1e55792b\" data-elementor-lightbox-title=\"Bredannaz-eaux-cristallines-webb5\" data-e-action-hash=\"#elementor-action%3Aaction%3Dlightbox%26settings%3DeyJpZCI6NzM1MCwidXJsIjoiaHR0cHM6XC9cL3d3dy5sb2NhdGlvbmxhY2FubmVjeS5mclwvYmxvZ1wvd3AtY29udGVudFwvdXBsb2Fkc1wvMjAyNlwvMDFcL0JyZWRhbm5hei1lYXV4LWNyaXN0YWxsaW5lcy13ZWJiNS5qcGciLCJzbGlkZXNob3ciOiIxZTU1NzkyYiJ9\" href=\"https:\/\/www.locationlacannecy.fr\"><figure class=\"swiper-slide-inner\"><img decoding=\"async\" class=\"swiper-slide-image\" src=\"https:\/\/www.locationlacannecy.fr\/blog\/wp-content\/uploads\/2026\/01\/Bredannaz-eaux-cristallines-webb5-300x200.jpg\" alt=\"Salon de jardin - Eaux Cristallines\" \/><\/figure><\/a><\/div><div class=\"swiper-slide\" role=\"group\" aria-roledescription=\"slide\" aria-label=\"7 of 11\"><a data-elementor-open-lightbox=\"yes\" data-elementor-lightbox-slideshow=\"1e55792b\" data-elementor-lightbox-title=\"LLA_eaux-cristalline_Export_Web--15\" data-e-action-hash=\"#elementor-action%3Aaction%3Dlightbox%26settings%3DeyJpZCI6NzM1MiwidXJsIjoiaHR0cHM6XC9cL3d3dy5sb2NhdGlvbmxhY2FubmVjeS5mclwvYmxvZ1wvd3AtY29udGVudFwvdXBsb2Fkc1wvMjAyNlwvMDFcL0xMQV9lYXV4LWNyaXN0YWxsaW5lX0V4cG9ydF9XZWItMTUuanBnIiwic2xpZGVzaG93IjoiMWU1NTc5MmIifQ%3D%3D\" href=\"https:\/\/www.locationlacannecy.fr\"><figure class=\"swiper-slide-inner\"><img decoding=\"async\" class=\"swiper-slide-image\" src=\"https:\/\/www.locationlacannecy.fr\/blog\/wp-content\/uploads\/2026\/01\/LLA_eaux-cristalline_Export_Web-15-300x200.jpg\" alt=\"Salon - Eaux Cristallines\" \/><\/figure><\/a><\/div><div class=\"swiper-slide\" role=\"group\" aria-roledescription=\"slide\" aria-label=\"8 of 11\"><a data-elementor-open-lightbox=\"yes\" data-elementor-lightbox-slideshow=\"1e55792b\" data-elementor-lightbox-title=\"LLA_SereniaStJo_Export_Web--12\" data-e-action-hash=\"#elementor-action%3Aaction%3Dlightbox%26settings%3DeyJpZCI6NzM1NCwidXJsIjoiaHR0cHM6XC9cL3d3dy5sb2NhdGlvbmxhY2FubmVjeS5mclwvYmxvZ1wvd3AtY29udGVudFwvdXBsb2Fkc1wvMjAyNlwvMDFcL0xMQV9TZXJlbmlhU3RKb19FeHBvcnRfV2ViLTEyLmpwZyIsInNsaWRlc2hvdyI6IjFlNTU3OTJiIn0%3D\" href=\"https:\/\/www.locationlacannecy.fr\"><figure class=\"swiper-slide-inner\"><img decoding=\"async\" class=\"swiper-slide-image\" src=\"https:\/\/www.locationlacannecy.fr\/blog\/wp-content\/uploads\/2026\/01\/LLA_SereniaStJo_Export_Web-12-300x200.jpg\" alt=\"Salon - Villa Serenya\" \/><\/figure><\/a><\/div><div class=\"swiper-slide\" role=\"group\" aria-roledescription=\"slide\" aria-label=\"9 of 11\"><a data-elementor-open-lightbox=\"yes\" data-elementor-lightbox-slideshow=\"1e55792b\" data-elementor-lightbox-title=\"LLA_StJorioz_Export_Web--16\" data-e-action-hash=\"#elementor-action%3Aaction%3Dlightbox%26settings%3DeyJpZCI6NzM1NiwidXJsIjoiaHR0cHM6XC9cL3d3dy5sb2NhdGlvbmxhY2FubmVjeS5mclwvYmxvZ1wvd3AtY29udGVudFwvdXBsb2Fkc1wvMjAyNlwvMDFcL0xMQV9TdEpvcmlvel9FeHBvcnRfV2ViLTE2LmpwZyIsInNsaWRlc2hvdyI6IjFlNTU3OTJiIn0%3D\" href=\"https:\/\/www.locationlacannecy.fr\"><figure class=\"swiper-slide-inner\"><img decoding=\"async\" class=\"swiper-slide-image\" src=\"https:\/\/www.locationlacannecy.fr\/blog\/wp-content\/uploads\/2026\/01\/LLA_StJorioz_Export_Web-16-300x200.jpg\" alt=\"Salon - Le Cosy Tournette\" \/><\/figure><\/a><\/div><div class=\"swiper-slide\" role=\"group\" aria-roledescription=\"slide\" aria-label=\"10 of 11\"><a data-elementor-open-lightbox=\"yes\" data-elementor-lightbox-slideshow=\"1e55792b\" data-elementor-lightbox-title=\"Chicissime-maison-talloires-93\" data-e-action-hash=\"#elementor-action%3Aaction%3Dlightbox%26settings%3DeyJpZCI6NzM1OCwidXJsIjoiaHR0cHM6XC9cL3d3dy5sb2NhdGlvbmxhY2FubmVjeS5mclwvYmxvZ1wvd3AtY29udGVudFwvdXBsb2Fkc1wvMjAyNlwvMDFcL0NoaWNpc3NpbWUtbWFpc29uLXRhbGxvaXJlcy05My1zY2FsZWQuanBnIiwic2xpZGVzaG93IjoiMWU1NTc5MmIifQ%3D%3D\" href=\"https:\/\/www.locationlacannecy.fr\"><figure class=\"swiper-slide-inner\"><img decoding=\"async\" class=\"swiper-slide-image\" src=\"https:\/\/www.locationlacannecy.fr\/blog\/wp-content\/uploads\/2026\/01\/Chicissime-maison-talloires-93-300x200.jpg\" alt=\"Chambre - Le Chicissime\" \/><\/figure><\/a><\/div><div class=\"swiper-slide\" role=\"group\" aria-roledescription=\"slide\" aria-label=\"11 of 11\"><a data-elementor-open-lightbox=\"yes\" data-elementor-lightbox-slideshow=\"1e55792b\" data-elementor-lightbox-title=\"LLA_CoconVeyrier_Export_Web--12\" data-e-action-hash=\"#elementor-action%3Aaction%3Dlightbox%26settings%3DeyJpZCI6NzM2MCwidXJsIjoiaHR0cHM6XC9cL3d3dy5sb2NhdGlvbmxhY2FubmVjeS5mclwvYmxvZ1wvd3AtY29udGVudFwvdXBsb2Fkc1wvMjAyNlwvMDFcL0xMQV9Db2NvblZleXJpZXJfRXhwb3J0X1dlYi0xMi5qcGciLCJzbGlkZXNob3ciOiIxZTU1NzkyYiJ9\" href=\"https:\/\/www.locationlacannecy.fr\"><figure class=\"swiper-slide-inner\"><img decoding=\"async\" class=\"swiper-slide-image\" src=\"https:\/\/www.locationlacannecy.fr\/blog\/wp-content\/uploads\/2026\/01\/LLA_CoconVeyrier_Export_Web-12-300x200.jpg\" alt=\"Salon - Cocon du Veyrier\" \/><\/figure><\/a><\/div>\t\t\t<\/div>\n\t\t\t\t\t\t\t\t\t\t\t\t<div class=\"elementor-swiper-button elementor-swiper-button-prev\" role=\"button\" tabindex=\"0\">\n\t\t\t\t\t\t<svg aria-hidden=\"true\" class=\"e-font-icon-svg e-eicon-chevron-left\" viewBox=\"0 0 1000 1000\" xmlns=\"http:\/\/www.w3.org\/2000\/svg\"><path d=\"M646 125C629 125 613 133 604 142L308 442C296 454 292 471 292 487 292 504 296 521 308 533L604 854C617 867 629 875 646 875 663 875 679 871 692 858 704 846 713 829 713 812 713 796 708 779 692 767L438 487 692 225C700 217 708 204 708 187 708 171 704 154 692 142 675 129 663 125 646 125Z\"><\/path><\/svg>\t\t\t\t\t<\/div>\n\t\t\t\t\t<div class=\"elementor-swiper-button elementor-swiper-button-next\" role=\"button\" tabindex=\"0\">\n\t\t\t\t\t\t<svg aria-hidden=\"true\" class=\"e-font-icon-svg e-eicon-chevron-right\" viewBox=\"0 0 1000 1000\" xmlns=\"http:\/\/www.w3.org\/2000\/svg\"><path d=\"M696 533C708 521 713 504 713 487 713 471 708 454 696 446L400 146C388 133 375 125 354 125 338 125 325 129 313 142 300 154 292 171 292 187 292 204 296 221 308 233L563 492 304 771C292 783 288 800 288 817 288 833 296 850 308 863 321 871 338 875 354 875 371 875 388 867 400 854L696 533Z\"><\/path><\/svg>\t\t\t\t\t<\/div>\n\t\t\t\t\n\t\t\t\t\t\t\t\t\t<div class=\"swiper-pagination\"><\/div>\n\t\t\t\t\t\t\t\t\t<\/div>\n\t\t\t\t\t\t<\/div>\n\t\t\t\t<\/div>\n\t\t\t\t\t<\/div>\n\t\t\t\t<\/div>\n\t\t<div class=\"elementor-element elementor-element-17c3449 e-flex e-con-boxed e-con e-parent\" data-id=\"17c3449\" data-element_type=\"container\" data-e-type=\"container\">\n\t\t\t\t\t<div class=\"e-con-inner\">\n\t\t\t\t<div class=\"elementor-element elementor-element-4f216042 elementor-widget elementor-widget-heading\" data-id=\"4f216042\" data-element_type=\"widget\" data-e-type=\"widget\" data-widget_type=\"heading.default\">\n\t\t\t\t<div class=\"elementor-widget-container\">\n\t\t\t\t\t<h3 class=\"elementor-heading-title elementor-size-default\">Important Information about the Annecy Market Food Tour<\/h3>\t\t\t\t<\/div>\n\t\t\t\t<\/div>\n\t\t\t\t\t<\/div>\n\t\t\t\t<\/div>\n\t\t<div class=\"elementor-element elementor-element-efac633 e-flex e-con-boxed e-con e-parent\" data-id=\"efac633\" data-element_type=\"container\" data-e-type=\"container\">\n\t\t\t\t\t<div class=\"e-con-inner\">\n\t\t\t\t<div class=\"elementor-element elementor-element-4e09a77 e-n-tabs-mobile elementor-widget elementor-widget-n-tabs\" data-id=\"4e09a77\" data-element_type=\"widget\" data-e-type=\"widget\" data-settings=\"{&quot;tabs_justify_horizontal&quot;:&quot;center&quot;,&quot;horizontal_scroll&quot;:&quot;disable&quot;}\" data-widget_type=\"nested-tabs.default\">\n\t\t\t\t<div class=\"elementor-widget-container\">\n\t\t\t\t\t\t\t<div class=\"e-n-tabs\" data-widget-number=\"81828471\" aria-label=\"Tabs. Open items with Enter or Space, close with Escape and navigate using the Arrow keys.\">\n\t\t\t<div class=\"e-n-tabs-heading\" role=\"tablist\">\n\t\t\t\t\t<button id=\"e-n-tab-title-818284711\" data-tab-title-id=\"e-n-tab-title-818284711\" class=\"e-n-tab-title\" aria-selected=\"true\" data-tab-index=\"1\" role=\"tab\" tabindex=\"0\" aria-controls=\"e-n-tab-content-818284711\" style=\"--n-tabs-title-order: 1;\">\n\t\t\t\t\t\t<span class=\"e-n-tab-title-text\">\n\t\t\t\t\u2665 Which days does the food tour take place?\t\t\t<\/span>\n\t\t<\/button>\n\t\t\t\t<button id=\"e-n-tab-title-818284712\" data-tab-title-id=\"e-n-tab-title-818284712\" class=\"e-n-tab-title\" aria-selected=\"false\" data-tab-index=\"2\" role=\"tab\" tabindex=\"-1\" aria-controls=\"e-n-tab-content-818284712\" style=\"--n-tabs-title-order: 2;\">\n\t\t\t\t\t\t<span class=\"e-n-tab-title-text\">\n\t\t\t\t\u2665 How long does the experience last?\t\t\t<\/span>\n\t\t<\/button>\n\t\t\t\t<button id=\"e-n-tab-title-818284713\" data-tab-title-id=\"e-n-tab-title-818284713\" class=\"e-n-tab-title\" aria-selected=\"false\" data-tab-index=\"3\" role=\"tab\" tabindex=\"-1\" aria-controls=\"e-n-tab-content-818284713\" style=\"--n-tabs-title-order: 3;\">\n\t\t\t\t\t\t<span class=\"e-n-tab-title-text\">\n\t\t\t\t\u2665 Are tastings included?\t\t\t<\/span>\n\t\t<\/button>\n\t\t\t\t<button id=\"e-n-tab-title-818284714\" data-tab-title-id=\"e-n-tab-title-818284714\" class=\"e-n-tab-title\" aria-selected=\"false\" data-tab-index=\"4\" role=\"tab\" tabindex=\"-1\" aria-controls=\"e-n-tab-content-818284714\" style=\"--n-tabs-title-order: 4;\">\n\t\t\t\t\t\t<span class=\"e-n-tab-title-text\">\n\t\t\t\t\u2665 Is the activity suitable for children?\t\t\t<\/span>\n\t\t<\/button>\n\t\t\t\t<button id=\"e-n-tab-title-818284715\" data-tab-title-id=\"e-n-tab-title-818284715\" class=\"e-n-tab-title\" aria-selected=\"false\" data-tab-index=\"5\" role=\"tab\" tabindex=\"-1\" aria-controls=\"e-n-tab-content-818284715\" style=\"--n-tabs-title-order: 5;\">\n\t\t\t\t\t\t<span class=\"e-n-tab-title-text\">\n\t\t\t\t\u2665 Can the tour be privatized?\t\t\t<\/span>\n\t\t<\/button>\n\t\t\t\t\t<\/div>\n\t\t\t<div class=\"e-n-tabs-content\">\n\t\t\t\t<div id=\"e-n-tab-content-818284711\" role=\"tabpanel\" aria-labelledby=\"e-n-tab-title-818284711\" data-tab-index=\"1\" style=\"--n-tabs-title-order: 1;\" class=\"e-active elementor-element elementor-element-cb5b6cc e-con-full e-flex e-con e-child\" data-id=\"cb5b6cc\" data-element_type=\"container\" data-e-type=\"container\">\n\t\t<div class=\"elementor-element elementor-element-9afbd24 e-flex e-con-boxed e-con e-child\" data-id=\"9afbd24\" data-element_type=\"container\" data-e-type=\"container\">\n\t\t\t\t\t<div class=\"e-con-inner\">\n\t\t\t\t<div class=\"elementor-element elementor-element-1325dc3 elementor-widget elementor-widget-text-editor\" data-id=\"1325dc3\" data-element_type=\"widget\" data-e-type=\"widget\" data-widget_type=\"text-editor.default\">\n\t\t\t\t<div class=\"elementor-widget-container\">\n\t\t\t\t\t\t\t\t\t<p>The tour is organized on market days, generally Tuesday, Friday, and Sunday mornings.<\/p>\t\t\t\t\t\t\t\t<\/div>\n\t\t\t\t<\/div>\n\t\t\t\t\t<\/div>\n\t\t\t\t<\/div>\n\t\t\t\t<\/div>\n\t\t<div id=\"e-n-tab-content-818284712\" role=\"tabpanel\" aria-labelledby=\"e-n-tab-title-818284712\" data-tab-index=\"2\" style=\"--n-tabs-title-order: 2;\" class=\" elementor-element elementor-element-b72ff61 e-con-full e-flex e-con e-child\" data-id=\"b72ff61\" data-element_type=\"container\" data-e-type=\"container\">\n\t\t<div class=\"elementor-element elementor-element-b359322 e-flex e-con-boxed e-con e-child\" data-id=\"b359322\" data-element_type=\"container\" data-e-type=\"container\">\n\t\t\t\t\t<div class=\"e-con-inner\">\n\t\t\t\t<div class=\"elementor-element elementor-element-aaed226 elementor-widget elementor-widget-text-editor\" data-id=\"aaed226\" data-element_type=\"widget\" data-e-type=\"widget\" data-widget_type=\"text-editor.default\">\n\t\t\t\t<div class=\"elementor-widget-container\">\n\t\t\t\t\t\t\t\t\t<p>The visit lasts on average between 2 and 2.5 hours, depending on the group&#8217;s pace and interactions with producers.<\/p>\t\t\t\t\t\t\t\t<\/div>\n\t\t\t\t<\/div>\n\t\t\t\t\t<\/div>\n\t\t\t\t<\/div>\n\t\t\t\t<\/div>\n\t\t<div id=\"e-n-tab-content-818284713\" role=\"tabpanel\" aria-labelledby=\"e-n-tab-title-818284713\" data-tab-index=\"3\" style=\"--n-tabs-title-order: 3;\" class=\" elementor-element elementor-element-86cd1b7 e-con-full e-flex e-con e-child\" data-id=\"86cd1b7\" data-element_type=\"container\" data-e-type=\"container\">\n\t\t<div class=\"elementor-element elementor-element-963f669 e-flex e-con-boxed e-con e-child\" data-id=\"963f669\" data-element_type=\"container\" data-e-type=\"container\">\n\t\t\t\t\t<div class=\"e-con-inner\">\n\t\t\t\t<div class=\"elementor-element elementor-element-ada681c elementor-widget elementor-widget-text-editor\" data-id=\"ada681c\" data-element_type=\"widget\" data-e-type=\"widget\" data-widget_type=\"text-editor.default\">\n\t\t\t\t<div class=\"elementor-widget-container\">\n\t\t\t\t\t\t\t\t\t<p>Yes, tastings of several local products are included in the experience.<\/p>\t\t\t\t\t\t\t\t<\/div>\n\t\t\t\t<\/div>\n\t\t\t\t\t<\/div>\n\t\t\t\t<\/div>\n\t\t\t\t<\/div>\n\t\t<div id=\"e-n-tab-content-818284714\" role=\"tabpanel\" aria-labelledby=\"e-n-tab-title-818284714\" data-tab-index=\"4\" style=\"--n-tabs-title-order: 4;\" class=\" elementor-element elementor-element-504bb21 e-flex e-con-boxed e-con e-child\" data-id=\"504bb21\" data-element_type=\"container\" data-e-type=\"container\">\n\t\t\t\t\t<div class=\"e-con-inner\">\n\t\t<div class=\"elementor-element elementor-element-befe185 e-con-full e-flex e-con e-child\" data-id=\"befe185\" data-element_type=\"container\" data-e-type=\"container\">\n\t\t\t\t<div class=\"elementor-element elementor-element-5980be9 elementor-widget elementor-widget-text-editor\" data-id=\"5980be9\" data-element_type=\"widget\" data-e-type=\"widget\" data-widget_type=\"text-editor.default\">\n\t\t\t\t<div class=\"elementor-widget-container\">\n\t\t\t\t\t\t\t\t\t<p>Yes, the tour is friendly and accessible to families. Children particularly enjoy the sweet tastings and the lively market atmosphere. <\/p>\t\t\t\t\t\t\t\t<\/div>\n\t\t\t\t<\/div>\n\t\t\t\t<\/div>\n\t\t\t\t\t<\/div>\n\t\t\t\t<\/div>\n\t\t<div id=\"e-n-tab-content-818284715\" role=\"tabpanel\" aria-labelledby=\"e-n-tab-title-818284715\" data-tab-index=\"5\" style=\"--n-tabs-title-order: 5;\" class=\" elementor-element elementor-element-e4d92ae e-flex e-con-boxed e-con e-child\" data-id=\"e4d92ae\" data-element_type=\"container\" data-e-type=\"container\">\n\t\t\t\t\t<div class=\"e-con-inner\">\n\t\t<div class=\"elementor-element elementor-element-75937b8 e-con-full e-flex e-con e-child\" data-id=\"75937b8\" data-element_type=\"container\" data-e-type=\"container\">\n\t\t\t\t<div class=\"elementor-element elementor-element-cdaedc8 elementor-widget elementor-widget-text-editor\" data-id=\"cdaedc8\" data-element_type=\"widget\" data-e-type=\"widget\" data-widget_type=\"text-editor.default\">\n\t\t\t\t<div class=\"elementor-widget-container\">\n\t\t\t\t\t\t\t\t\t<p>Yes, it is possible to organize a private food tour for a group, a special event, or a particular occasion.<\/p>\t\t\t\t\t\t\t\t<\/div>\n\t\t\t\t<\/div>\n\t\t\t\t<\/div>\n\t\t\t\t\t<\/div>\n\t\t\t\t<\/div>\n\t\t\t\t\t<\/div>\n\t\t<\/div>\n\t\t\t\t\t\t<\/div>\n\t\t\t\t<\/div>\n\t\t\t\t\t<\/div>\n\t\t\t\t<\/div>\n\t\t<div class=\"elementor-element elementor-element-3bc1e9f e-flex e-con-boxed e-con e-parent\" data-id=\"3bc1e9f\" data-element_type=\"container\" data-e-type=\"container\">\n\t\t\t\t\t<div class=\"e-con-inner\">\n\t\t\t\t<div class=\"elementor-element elementor-element-801420f elementor-widget elementor-widget-heading\" data-id=\"801420f\" data-element_type=\"widget\" data-e-type=\"widget\" data-widget_type=\"heading.default\">\n\t\t\t\t<div class=\"elementor-widget-container\">\n\t\t\t\t\t<h3 class=\"elementor-heading-title elementor-size-default\">An Ideal Activity All Year Round\n<\/h3>\t\t\t\t<\/div>\n\t\t\t\t<\/div>\n\t\t\t\t\t<\/div>\n\t\t\t\t<\/div>\n\t\t<div class=\"elementor-element elementor-element-792f955 e-flex e-con-boxed e-con e-parent\" data-id=\"792f955\" data-element_type=\"container\" data-e-type=\"container\">\n\t\t\t\t\t<div class=\"e-con-inner\">\n\t\t<div class=\"elementor-element elementor-element-e92338b e-con-full e-flex e-con e-child\" data-id=\"e92338b\" data-element_type=\"container\" data-e-type=\"container\">\n\t\t\t\t<div class=\"elementor-element elementor-element-3325729 elementor-widget elementor-widget-image\" data-id=\"3325729\" data-element_type=\"widget\" data-e-type=\"widget\" data-widget_type=\"image.default\">\n\t\t\t\t<div class=\"elementor-widget-container\">\n\t\t\t\t\t\t\t\t\t\t\t\t\t\t\t<img decoding=\"async\" width=\"800\" height=\"534\" src=\"https:\/\/www.locationlacannecy.fr\/blog\/wp-content\/uploads\/2026\/02\/annecy-fleurs-1024x683.jpeg\" class=\"attachment-large size-large wp-image-7941\" alt=\"\" srcset=\"https:\/\/www.locationlacannecy.fr\/blog\/wp-content\/uploads\/2026\/02\/annecy-fleurs-1024x683.jpeg 1024w, https:\/\/www.locationlacannecy.fr\/blog\/wp-content\/uploads\/2026\/02\/annecy-fleurs-300x200.jpeg 300w, https:\/\/www.locationlacannecy.fr\/blog\/wp-content\/uploads\/2026\/02\/annecy-fleurs-768x512.jpeg 768w, https:\/\/www.locationlacannecy.fr\/blog\/wp-content\/uploads\/2026\/02\/annecy-fleurs-1536x1025.jpeg 1536w, https:\/\/www.locationlacannecy.fr\/blog\/wp-content\/uploads\/2026\/02\/annecy-fleurs-2048x1366.jpeg 2048w\" sizes=\"(max-width: 800px) 100vw, 800px\" \/>\t\t\t\t\t\t\t\t\t\t\t\t\t\t\t<\/div>\n\t\t\t\t<\/div>\n\t\t\t\t<\/div>\n\t\t<div class=\"elementor-element elementor-element-68ca24b e-con-full e-flex e-con e-child\" data-id=\"68ca24b\" data-element_type=\"container\" data-e-type=\"container\">\n\t\t\t\t<div class=\"elementor-element elementor-element-752c218 elementor-widget elementor-widget-text-editor\" data-id=\"752c218\" data-element_type=\"widget\" data-e-type=\"widget\" data-widget_type=\"text-editor.default\">\n\t\t\t\t<div class=\"elementor-widget-container\">\n\t\t\t\t\t\t\t\t\t<p> <\/p><p> <\/p><p>The <strong>Annecy market evolves with the seasons<\/strong>: red fruits in summer, alpine cheeses, winter specialties\u2026 Each period offers a different palette of flavors.<\/p><p>The food tour adapts to seasonal products for an ever-renewed experience.<\/p>\t\t\t\t\t\t\t\t<\/div>\n\t\t\t\t<\/div>\n\t\t\t\t<\/div>\n\t\t\t\t\t<\/div>\n\t\t\t\t<\/div>\n\t\t<div class=\"elementor-element elementor-element-14d9813d e-flex e-con-boxed e-con e-parent\" data-id=\"14d9813d\" data-element_type=\"container\" data-e-type=\"container\">\n\t\t\t\t\t<div class=\"e-con-inner\">\n\t\t\t\t<div class=\"elementor-element elementor-element-4ec8ddd7 elementor-shape-circle elementor-grid-0 e-grid-align-center elementor-widget elementor-widget-social-icons\" data-id=\"4ec8ddd7\" data-element_type=\"widget\" data-e-type=\"widget\" data-widget_type=\"social-icons.default\">\n\t\t\t\t<div class=\"elementor-widget-container\">\n\t\t\t\t\t\t\t<div class=\"elementor-social-icons-wrapper elementor-grid\" role=\"list\">\n\t\t\t\t\t\t\t<span class=\"elementor-grid-item\" role=\"listitem\">\n\t\t\t\t\t<a class=\"elementor-icon elementor-social-icon elementor-social-icon-facebook elementor-repeater-item-20a8d17\" href=\"https:\/\/www.facebook.com\/locationsaisonnieredeluxealpesetlacs\/\" target=\"_blank\">\n\t\t\t\t\t\t<span class=\"elementor-screen-only\">Facebook<\/span>\n\t\t\t\t\t\t<svg aria-hidden=\"true\" class=\"e-font-icon-svg e-fab-facebook\" viewBox=\"0 0 512 512\" xmlns=\"http:\/\/www.w3.org\/2000\/svg\"><path d=\"M504 256C504 119 393 8 256 8S8 119 8 256c0 123.78 90.69 226.38 209.25 245V327.69h-63V256h63v-54.64c0-62.15 37-96.48 93.67-96.48 27.14 0 55.52 4.84 55.52 4.84v61h-31.28c-30.8 0-40.41 19.12-40.41 38.73V256h68.78l-11 71.69h-57.78V501C413.31 482.38 504 379.78 504 256z\"><\/path><\/svg>\t\t\t\t\t<\/a>\n\t\t\t\t<\/span>\n\t\t\t\t\t\t\t<span class=\"elementor-grid-item\" role=\"listitem\">\n\t\t\t\t\t<a class=\"elementor-icon elementor-social-icon elementor-social-icon-youtube elementor-repeater-item-f7801a9\" href=\"https:\/\/www.youtube.com\/@locationlacannecy-location7330\" target=\"_blank\">\n\t\t\t\t\t\t<span class=\"elementor-screen-only\">Youtube<\/span>\n\t\t\t\t\t\t<svg aria-hidden=\"true\" class=\"e-font-icon-svg e-fab-youtube\" viewBox=\"0 0 576 512\" xmlns=\"http:\/\/www.w3.org\/2000\/svg\"><path d=\"M549.655 124.083c-6.281-23.65-24.787-42.276-48.284-48.597C458.781 64 288 64 288 64S117.22 64 74.629 75.486c-23.497 6.322-42.003 24.947-48.284 48.597-11.412 42.867-11.412 132.305-11.412 132.305s0 89.438 11.412 132.305c6.281 23.65 24.787 41.5 48.284 47.821C117.22 448 288 448 288 448s170.78 0 213.371-11.486c23.497-6.321 42.003-24.171 48.284-47.821 11.412-42.867 11.412-132.305 11.412-132.305s0-89.438-11.412-132.305zm-317.51 213.508V175.185l142.739 81.205-142.739 81.201z\"><\/path><\/svg>\t\t\t\t\t<\/a>\n\t\t\t\t<\/span>\n\t\t\t\t\t\t\t<span class=\"elementor-grid-item\" role=\"listitem\">\n\t\t\t\t\t<a class=\"elementor-icon elementor-social-icon elementor-social-icon-instagram elementor-repeater-item-055792a\" href=\"https:\/\/www.instagram.com\/lla_selections\/\" target=\"_blank\">\n\t\t\t\t\t\t<span class=\"elementor-screen-only\">Instagram<\/span>\n\t\t\t\t\t\t<svg aria-hidden=\"true\" class=\"e-font-icon-svg e-fab-instagram\" viewBox=\"0 0 448 512\" xmlns=\"http:\/\/www.w3.org\/2000\/svg\"><path d=\"M224.1 141c-63.6 0-114.9 51.3-114.9 114.9s51.3 114.9 114.9 114.9S339 319.5 339 255.9 287.7 141 224.1 141zm0 189.6c-41.1 0-74.7-33.5-74.7-74.7s33.5-74.7 74.7-74.7 74.7 33.5 74.7 74.7-33.6 74.7-74.7 74.7zm146.4-194.3c0 14.9-12 26.8-26.8 26.8-14.9 0-26.8-12-26.8-26.8s12-26.8 26.8-26.8 26.8 12 26.8 26.8zm76.1 27.2c-1.7-35.9-9.9-67.7-36.2-93.9-26.2-26.2-58-34.4-93.9-36.2-37-2.1-147.9-2.1-184.9 0-35.8 1.7-67.6 9.9-93.9 36.1s-34.4 58-36.2 93.9c-2.1 37-2.1 147.9 0 184.9 1.7 35.9 9.9 67.7 36.2 93.9s58 34.4 93.9 36.2c37 2.1 147.9 2.1 184.9 0 35.9-1.7 67.7-9.9 93.9-36.2 26.2-26.2 34.4-58 36.2-93.9 2.1-37 2.1-147.8 0-184.8zM398.8 388c-7.8 19.6-22.9 34.7-42.6 42.6-29.5 11.7-99.5 9-132.1 9s-102.7 2.6-132.1-9c-19.6-7.8-34.7-22.9-42.6-42.6-11.7-29.5-9-99.5-9-132.1s-2.6-102.7 9-132.1c7.8-19.6 22.9-34.7 42.6-42.6 29.5-11.7 99.5-9 132.1-9s102.7-2.6 132.1 9c19.6 7.8 34.7 22.9 42.6 42.6 11.7 29.5 9 99.5 9 132.1s2.7 102.7-9 132.1z\"><\/path><\/svg>\t\t\t\t\t<\/a>\n\t\t\t\t<\/span>\n\t\t\t\t\t\t\t<span class=\"elementor-grid-item\" role=\"listitem\">\n\t\t\t\t\t<a class=\"elementor-icon elementor-social-icon elementor-social-icon-linkedin elementor-repeater-item-05b611a\" href=\"https:\/\/fr.linkedin.com\/company\/location-lac-annecy-lla\" target=\"_blank\">\n\t\t\t\t\t\t<span class=\"elementor-screen-only\">Linkedin<\/span>\n\t\t\t\t\t\t<svg aria-hidden=\"true\" class=\"e-font-icon-svg e-fab-linkedin\" viewBox=\"0 0 448 512\" xmlns=\"http:\/\/www.w3.org\/2000\/svg\"><path d=\"M416 32H31.9C14.3 32 0 46.5 0 64.3v383.4C0 465.5 14.3 480 31.9 480H416c17.6 0 32-14.5 32-32.3V64.3c0-17.8-14.4-32.3-32-32.3zM135.4 416H69V202.2h66.5V416zm-33.2-243c-21.3 0-38.5-17.3-38.5-38.5S80.9 96 102.2 96c21.2 0 38.5 17.3 38.5 38.5 0 21.3-17.2 38.5-38.5 38.5zm282.1 243h-66.4V312c0-24.8-.5-56.7-34.5-56.7-34.6 0-39.9 27-39.9 54.9V416h-66.4V202.2h63.7v29.2h.9c8.9-16.8 30.6-34.5 62.9-34.5 67.2 0 79.7 44.3 79.7 101.9V416z\"><\/path><\/svg>\t\t\t\t\t<\/a>\n\t\t\t\t<\/span>\n\t\t\t\t\t<\/div>\n\t\t\t\t\t\t<\/div>\n\t\t\t\t<\/div>\n\t\t\t\t\t<\/div>\n\t\t\t\t<\/div>\n\t\t\t\t<\/div>\n\t\t","protected":false},"excerpt":{"rendered":"<p>It&#8217;s impossible to stay in Annecy without strolling through its famous market. A true local institution, the Annecy market is an invitation to discovery, encounters, and gourmet delights. With our Annecy Market food tour, experience an authentic and privileged journey, combining tastings, artisanal craftsmanship, and Savoyard specialties. Summary An Iconic Market in the Heart of [&hellip;]<\/p>\n","protected":false},"author":2,"featured_media":7908,"comment_status":"closed","ping_status":"open","sticky":false,"template":"","format":"standard","meta":{"footnotes":""},"categories":[79],"tags":[],"class_list":["post-8160","post","type-post","status-publish","format-standard","has-post-thumbnail","hentry","category-activities"],"yoast_head":"<!-- This site is optimized with the Yoast SEO plugin v27.4 - https:\/\/yoast.com\/product\/yoast-seo-wordpress\/ -->\n<title>Annecy Market Food Tour | Culinary Experience &amp; Local Tastings<\/title>\n<meta name=\"description\" content=\"Discover the Annecy Market food tour: a guided visit, tastings of Savoyard specialties, and immersion in the heart of the old town.\" \/>\n<meta name=\"robots\" content=\"index, follow, max-snippet:-1, max-image-preview:large, max-video-preview:-1\" \/>\n<link rel=\"canonical\" href=\"https:\/\/www.locationlacannecy.fr\/blog\/en\/balade-gourmande-au-marche-dannecy\/\" \/>\n<meta property=\"og:locale\" content=\"en_US\" \/>\n<meta property=\"og:type\" content=\"article\" \/>\n<meta property=\"og:title\" content=\"Annecy Market Food Tour | Culinary Experience &amp; Local Tastings\" \/>\n<meta property=\"og:description\" content=\"Discover the Annecy Market food tour: a guided visit, tastings of Savoyard specialties, and immersion in the heart of the old town.\" \/>\n<meta property=\"og:url\" content=\"https:\/\/www.locationlacannecy.fr\/blog\/en\/balade-gourmande-au-marche-dannecy\/\" \/>\n<meta property=\"og:site_name\" content=\"Tourism at Lake Annecy and in the Northern Alps\" \/>\n<meta property=\"article:publisher\" content=\"https:\/\/www.facebook.com\/locationlacannecy\" \/>\n<meta property=\"article:author\" content=\"https:\/\/www.facebook.com\/locationsaisonnieredeluxealpesetlacs\" \/>\n<meta property=\"article:published_time\" content=\"2026-02-17T09:00:00+00:00\" \/>\n<meta property=\"article:modified_time\" content=\"2026-02-24T14:23:24+00:00\" \/>\n<meta property=\"og:image\" content=\"https:\/\/www.locationlacannecy.fr\/blog\/wp-content\/uploads\/2026\/02\/balade-gourmande-marche-annecy.png\" \/>\n\t<meta property=\"og:image:width\" content=\"1300\" \/>\n\t<meta property=\"og:image:height\" content=\"440\" \/>\n\t<meta property=\"og:image:type\" content=\"image\/png\" \/>\n<meta name=\"author\" content=\"locationlacannecy\" \/>\n<meta name=\"twitter:card\" content=\"summary_large_image\" \/>\n<meta name=\"twitter:label1\" content=\"Written by\" \/>\n\t<meta name=\"twitter:data1\" content=\"locationlacannecy\" \/>\n\t<meta name=\"twitter:label2\" content=\"Est. reading time\" \/>\n\t<meta name=\"twitter:data2\" content=\"3 minutes\" \/>\n<script type=\"application\/ld+json\" class=\"yoast-schema-graph\">{\"@context\":\"https:\\\/\\\/schema.org\",\"@graph\":[{\"@type\":\"Article\",\"@id\":\"https:\\\/\\\/www.locationlacannecy.fr\\\/blog\\\/en\\\/balade-gourmande-au-marche-dannecy\\\/#article\",\"isPartOf\":{\"@id\":\"https:\\\/\\\/www.locationlacannecy.fr\\\/blog\\\/en\\\/balade-gourmande-au-marche-dannecy\\\/\"},\"author\":{\"name\":\"locationlacannecy\",\"@id\":\"https:\\\/\\\/www.locationlacannecy.fr\\\/blog\\\/en\\\/#\\\/schema\\\/person\\\/7fab390e122a0e75a3a1e342801fac68\"},\"headline\":\"Annecy Market Food Tour: A Flavorful Experience in the Heart of the Old Town\",\"datePublished\":\"2026-02-17T09:00:00+00:00\",\"dateModified\":\"2026-02-24T14:23:24+00:00\",\"mainEntityOfPage\":{\"@id\":\"https:\\\/\\\/www.locationlacannecy.fr\\\/blog\\\/en\\\/balade-gourmande-au-marche-dannecy\\\/\"},\"wordCount\":528,\"publisher\":{\"@id\":\"https:\\\/\\\/www.locationlacannecy.fr\\\/blog\\\/en\\\/#organization\"},\"image\":{\"@id\":\"https:\\\/\\\/www.locationlacannecy.fr\\\/blog\\\/en\\\/balade-gourmande-au-marche-dannecy\\\/#primaryimage\"},\"thumbnailUrl\":\"https:\\\/\\\/www.locationlacannecy.fr\\\/blog\\\/wp-content\\\/uploads\\\/2026\\\/02\\\/balade-gourmande-marche-annecy.png\",\"articleSection\":[\"Activities\"],\"inLanguage\":\"en\"},{\"@type\":\"WebPage\",\"@id\":\"https:\\\/\\\/www.locationlacannecy.fr\\\/blog\\\/en\\\/balade-gourmande-au-marche-dannecy\\\/\",\"url\":\"https:\\\/\\\/www.locationlacannecy.fr\\\/blog\\\/en\\\/balade-gourmande-au-marche-dannecy\\\/\",\"name\":\"Annecy Market Food Tour | Culinary Experience & Local Tastings\",\"isPartOf\":{\"@id\":\"https:\\\/\\\/www.locationlacannecy.fr\\\/blog\\\/en\\\/#website\"},\"primaryImageOfPage\":{\"@id\":\"https:\\\/\\\/www.locationlacannecy.fr\\\/blog\\\/en\\\/balade-gourmande-au-marche-dannecy\\\/#primaryimage\"},\"image\":{\"@id\":\"https:\\\/\\\/www.locationlacannecy.fr\\\/blog\\\/en\\\/balade-gourmande-au-marche-dannecy\\\/#primaryimage\"},\"thumbnailUrl\":\"https:\\\/\\\/www.locationlacannecy.fr\\\/blog\\\/wp-content\\\/uploads\\\/2026\\\/02\\\/balade-gourmande-marche-annecy.png\",\"datePublished\":\"2026-02-17T09:00:00+00:00\",\"dateModified\":\"2026-02-24T14:23:24+00:00\",\"description\":\"Discover the Annecy Market food tour: a guided visit, tastings of Savoyard specialties, and immersion in the heart of the old town.\",\"breadcrumb\":{\"@id\":\"https:\\\/\\\/www.locationlacannecy.fr\\\/blog\\\/en\\\/balade-gourmande-au-marche-dannecy\\\/#breadcrumb\"},\"inLanguage\":\"en\",\"potentialAction\":[{\"@type\":\"ReadAction\",\"target\":[\"https:\\\/\\\/www.locationlacannecy.fr\\\/blog\\\/en\\\/balade-gourmande-au-marche-dannecy\\\/\"]}]},{\"@type\":\"ImageObject\",\"inLanguage\":\"en\",\"@id\":\"https:\\\/\\\/www.locationlacannecy.fr\\\/blog\\\/en\\\/balade-gourmande-au-marche-dannecy\\\/#primaryimage\",\"url\":\"https:\\\/\\\/www.locationlacannecy.fr\\\/blog\\\/wp-content\\\/uploads\\\/2026\\\/02\\\/balade-gourmande-marche-annecy.png\",\"contentUrl\":\"https:\\\/\\\/www.locationlacannecy.fr\\\/blog\\\/wp-content\\\/uploads\\\/2026\\\/02\\\/balade-gourmande-marche-annecy.png\",\"width\":1300,\"height\":440,\"caption\":\"balade-gourmande-marche-annecy\"},{\"@type\":\"BreadcrumbList\",\"@id\":\"https:\\\/\\\/www.locationlacannecy.fr\\\/blog\\\/en\\\/balade-gourmande-au-marche-dannecy\\\/#breadcrumb\",\"itemListElement\":[{\"@type\":\"ListItem\",\"position\":1,\"name\":\"Home\",\"item\":\"https:\\\/\\\/www.locationlacannecy.fr\\\/blog\\\/en\\\/\"},{\"@type\":\"ListItem\",\"position\":2,\"name\":\"Annecy Market Food Tour: A Flavorful Experience in the Heart of the Old Town\"}]},{\"@type\":\"WebSite\",\"@id\":\"https:\\\/\\\/www.locationlacannecy.fr\\\/blog\\\/en\\\/#website\",\"url\":\"https:\\\/\\\/www.locationlacannecy.fr\\\/blog\\\/en\\\/\",\"name\":\"https:\\\/\\\/www.locationlacannecy.fr\\\/blog\\\/\",\"description\":\"by LLA Selections \\\/\\\/ Location Lac Annecy\",\"publisher\":{\"@id\":\"https:\\\/\\\/www.locationlacannecy.fr\\\/blog\\\/en\\\/#organization\"},\"alternateName\":\"https:\\\/\\\/www.locationlacannecy.fr\",\"potentialAction\":[{\"@type\":\"SearchAction\",\"target\":{\"@type\":\"EntryPoint\",\"urlTemplate\":\"https:\\\/\\\/www.locationlacannecy.fr\\\/blog\\\/en\\\/?s={search_term_string}\"},\"query-input\":{\"@type\":\"PropertyValueSpecification\",\"valueRequired\":true,\"valueName\":\"search_term_string\"}}],\"inLanguage\":\"en\"},{\"@type\":\"Organization\",\"@id\":\"https:\\\/\\\/www.locationlacannecy.fr\\\/blog\\\/en\\\/#organization\",\"name\":\"Blog de Location lac Annecy\",\"url\":\"https:\\\/\\\/www.locationlacannecy.fr\\\/blog\\\/en\\\/\",\"logo\":{\"@type\":\"ImageObject\",\"inLanguage\":\"en\",\"@id\":\"https:\\\/\\\/www.locationlacannecy.fr\\\/blog\\\/en\\\/#\\\/schema\\\/logo\\\/image\\\/\",\"url\":\"https:\\\/\\\/www.locationlacannecy.fr\\\/blog\\\/wp-content\\\/uploads\\\/2023\\\/01\\\/LLA-Selections-Publication-Facebook.png\",\"contentUrl\":\"https:\\\/\\\/www.locationlacannecy.fr\\\/blog\\\/wp-content\\\/uploads\\\/2023\\\/01\\\/LLA-Selections-Publication-Facebook.png\",\"width\":940,\"height\":788,\"caption\":\"Blog de Location lac Annecy\"},\"image\":{\"@id\":\"https:\\\/\\\/www.locationlacannecy.fr\\\/blog\\\/en\\\/#\\\/schema\\\/logo\\\/image\\\/\"},\"sameAs\":[\"https:\\\/\\\/www.facebook.com\\\/locationlacannecy\",\"https:\\\/\\\/www.instagram.com\\\/locationsaisonnierealpes\\\/\",\"https:\\\/\\\/www.linkedin.com\\\/company\\\/location-lac-annecy-lla\\\/\"]},{\"@type\":\"Person\",\"@id\":\"https:\\\/\\\/www.locationlacannecy.fr\\\/blog\\\/en\\\/#\\\/schema\\\/person\\\/7fab390e122a0e75a3a1e342801fac68\",\"name\":\"locationlacannecy\",\"image\":{\"@type\":\"ImageObject\",\"inLanguage\":\"en\",\"@id\":\"https:\\\/\\\/secure.gravatar.com\\\/avatar\\\/2815d245b271634a0f5e1904b52bc658d5e1ae6c29cde71497fe4f86690e1c41?s=96&d=mm&r=g\",\"url\":\"https:\\\/\\\/secure.gravatar.com\\\/avatar\\\/2815d245b271634a0f5e1904b52bc658d5e1ae6c29cde71497fe4f86690e1c41?s=96&d=mm&r=g\",\"contentUrl\":\"https:\\\/\\\/secure.gravatar.com\\\/avatar\\\/2815d245b271634a0f5e1904b52bc658d5e1ae6c29cde71497fe4f86690e1c41?s=96&d=mm&r=g\",\"caption\":\"locationlacannecy\"},\"description\":\"Nous sommes une \u00e9quipe de professionnels de la location saisonni\u00e8re ayant acquis une exp\u00e9rience significative dans l\u2019accueil, l\u2019hospitalit\u00e9, l\u2019intendance, la logistique, le service clients. Nous exer\u00e7ons notre activit\u00e9 de professionnels de la location saisonni\u00e8re au bord du lac d'Annecy, la Clusaz, Courchevel, M\u00e9ribel, Chamonix, \u2026\",\"sameAs\":[\"https:\\\/\\\/www.locationlacannecy.fr\",\"https:\\\/\\\/www.facebook.com\\\/locationsaisonnieredeluxealpesetlacs\",\"https:\\\/\\\/www.instagram.com\\\/locationsaisonnierealpes\\\/\",\"https:\\\/\\\/www.youtube.com\\\/@locationlacannecy-location7330\\\/featured\"],\"url\":\"https:\\\/\\\/www.locationlacannecy.fr\\\/blog\\\/en\\\/author\\\/locationlacannecy\\\/\"}]}<\/script>\n<!-- \/ Yoast SEO plugin. -->","yoast_head_json":{"title":"Annecy Market Food Tour | Culinary Experience & Local Tastings","description":"Discover the Annecy Market food tour: a guided visit, tastings of Savoyard specialties, and immersion in the heart of the old town.","robots":{"index":"index","follow":"follow","max-snippet":"max-snippet:-1","max-image-preview":"max-image-preview:large","max-video-preview":"max-video-preview:-1"},"canonical":"https:\/\/www.locationlacannecy.fr\/blog\/en\/balade-gourmande-au-marche-dannecy\/","og_locale":"en_US","og_type":"article","og_title":"Annecy Market Food Tour | Culinary Experience & Local Tastings","og_description":"Discover the Annecy Market food tour: a guided visit, tastings of Savoyard specialties, and immersion in the heart of the old town.","og_url":"https:\/\/www.locationlacannecy.fr\/blog\/en\/balade-gourmande-au-marche-dannecy\/","og_site_name":"Tourism at Lake Annecy and in the Northern Alps","article_publisher":"https:\/\/www.facebook.com\/locationlacannecy","article_author":"https:\/\/www.facebook.com\/locationsaisonnieredeluxealpesetlacs","article_published_time":"2026-02-17T09:00:00+00:00","article_modified_time":"2026-02-24T14:23:24+00:00","og_image":[{"width":1300,"height":440,"url":"https:\/\/www.locationlacannecy.fr\/blog\/wp-content\/uploads\/2026\/02\/balade-gourmande-marche-annecy.png","type":"image\/png"}],"author":"locationlacannecy","twitter_card":"summary_large_image","twitter_misc":{"Written by":"locationlacannecy","Est. reading time":"3 minutes"},"schema":{"@context":"https:\/\/schema.org","@graph":[{"@type":"Article","@id":"https:\/\/www.locationlacannecy.fr\/blog\/en\/balade-gourmande-au-marche-dannecy\/#article","isPartOf":{"@id":"https:\/\/www.locationlacannecy.fr\/blog\/en\/balade-gourmande-au-marche-dannecy\/"},"author":{"name":"locationlacannecy","@id":"https:\/\/www.locationlacannecy.fr\/blog\/en\/#\/schema\/person\/7fab390e122a0e75a3a1e342801fac68"},"headline":"Annecy Market Food Tour: A Flavorful Experience in the Heart of the Old Town","datePublished":"2026-02-17T09:00:00+00:00","dateModified":"2026-02-24T14:23:24+00:00","mainEntityOfPage":{"@id":"https:\/\/www.locationlacannecy.fr\/blog\/en\/balade-gourmande-au-marche-dannecy\/"},"wordCount":528,"publisher":{"@id":"https:\/\/www.locationlacannecy.fr\/blog\/en\/#organization"},"image":{"@id":"https:\/\/www.locationlacannecy.fr\/blog\/en\/balade-gourmande-au-marche-dannecy\/#primaryimage"},"thumbnailUrl":"https:\/\/www.locationlacannecy.fr\/blog\/wp-content\/uploads\/2026\/02\/balade-gourmande-marche-annecy.png","articleSection":["Activities"],"inLanguage":"en"},{"@type":"WebPage","@id":"https:\/\/www.locationlacannecy.fr\/blog\/en\/balade-gourmande-au-marche-dannecy\/","url":"https:\/\/www.locationlacannecy.fr\/blog\/en\/balade-gourmande-au-marche-dannecy\/","name":"Annecy Market Food Tour | Culinary Experience & Local Tastings","isPartOf":{"@id":"https:\/\/www.locationlacannecy.fr\/blog\/en\/#website"},"primaryImageOfPage":{"@id":"https:\/\/www.locationlacannecy.fr\/blog\/en\/balade-gourmande-au-marche-dannecy\/#primaryimage"},"image":{"@id":"https:\/\/www.locationlacannecy.fr\/blog\/en\/balade-gourmande-au-marche-dannecy\/#primaryimage"},"thumbnailUrl":"https:\/\/www.locationlacannecy.fr\/blog\/wp-content\/uploads\/2026\/02\/balade-gourmande-marche-annecy.png","datePublished":"2026-02-17T09:00:00+00:00","dateModified":"2026-02-24T14:23:24+00:00","description":"Discover the Annecy Market food tour: a guided visit, tastings of Savoyard specialties, and immersion in the heart of the old town.","breadcrumb":{"@id":"https:\/\/www.locationlacannecy.fr\/blog\/en\/balade-gourmande-au-marche-dannecy\/#breadcrumb"},"inLanguage":"en","potentialAction":[{"@type":"ReadAction","target":["https:\/\/www.locationlacannecy.fr\/blog\/en\/balade-gourmande-au-marche-dannecy\/"]}]},{"@type":"ImageObject","inLanguage":"en","@id":"https:\/\/www.locationlacannecy.fr\/blog\/en\/balade-gourmande-au-marche-dannecy\/#primaryimage","url":"https:\/\/www.locationlacannecy.fr\/blog\/wp-content\/uploads\/2026\/02\/balade-gourmande-marche-annecy.png","contentUrl":"https:\/\/www.locationlacannecy.fr\/blog\/wp-content\/uploads\/2026\/02\/balade-gourmande-marche-annecy.png","width":1300,"height":440,"caption":"balade-gourmande-marche-annecy"},{"@type":"BreadcrumbList","@id":"https:\/\/www.locationlacannecy.fr\/blog\/en\/balade-gourmande-au-marche-dannecy\/#breadcrumb","itemListElement":[{"@type":"ListItem","position":1,"name":"Home","item":"https:\/\/www.locationlacannecy.fr\/blog\/en\/"},{"@type":"ListItem","position":2,"name":"Annecy Market Food Tour: A Flavorful Experience in the Heart of the Old Town"}]},{"@type":"WebSite","@id":"https:\/\/www.locationlacannecy.fr\/blog\/en\/#website","url":"https:\/\/www.locationlacannecy.fr\/blog\/en\/","name":"https:\/\/www.locationlacannecy.fr\/blog\/","description":"by LLA Selections \/\/ Location Lac Annecy","publisher":{"@id":"https:\/\/www.locationlacannecy.fr\/blog\/en\/#organization"},"alternateName":"https:\/\/www.locationlacannecy.fr","potentialAction":[{"@type":"SearchAction","target":{"@type":"EntryPoint","urlTemplate":"https:\/\/www.locationlacannecy.fr\/blog\/en\/?s={search_term_string}"},"query-input":{"@type":"PropertyValueSpecification","valueRequired":true,"valueName":"search_term_string"}}],"inLanguage":"en"},{"@type":"Organization","@id":"https:\/\/www.locationlacannecy.fr\/blog\/en\/#organization","name":"Blog de Location lac Annecy","url":"https:\/\/www.locationlacannecy.fr\/blog\/en\/","logo":{"@type":"ImageObject","inLanguage":"en","@id":"https:\/\/www.locationlacannecy.fr\/blog\/en\/#\/schema\/logo\/image\/","url":"https:\/\/www.locationlacannecy.fr\/blog\/wp-content\/uploads\/2023\/01\/LLA-Selections-Publication-Facebook.png","contentUrl":"https:\/\/www.locationlacannecy.fr\/blog\/wp-content\/uploads\/2023\/01\/LLA-Selections-Publication-Facebook.png","width":940,"height":788,"caption":"Blog de Location lac Annecy"},"image":{"@id":"https:\/\/www.locationlacannecy.fr\/blog\/en\/#\/schema\/logo\/image\/"},"sameAs":["https:\/\/www.facebook.com\/locationlacannecy","https:\/\/www.instagram.com\/locationsaisonnierealpes\/","https:\/\/www.linkedin.com\/company\/location-lac-annecy-lla\/"]},{"@type":"Person","@id":"https:\/\/www.locationlacannecy.fr\/blog\/en\/#\/schema\/person\/7fab390e122a0e75a3a1e342801fac68","name":"locationlacannecy","image":{"@type":"ImageObject","inLanguage":"en","@id":"https:\/\/secure.gravatar.com\/avatar\/2815d245b271634a0f5e1904b52bc658d5e1ae6c29cde71497fe4f86690e1c41?s=96&d=mm&r=g","url":"https:\/\/secure.gravatar.com\/avatar\/2815d245b271634a0f5e1904b52bc658d5e1ae6c29cde71497fe4f86690e1c41?s=96&d=mm&r=g","contentUrl":"https:\/\/secure.gravatar.com\/avatar\/2815d245b271634a0f5e1904b52bc658d5e1ae6c29cde71497fe4f86690e1c41?s=96&d=mm&r=g","caption":"locationlacannecy"},"description":"Nous sommes une \u00e9quipe de professionnels de la location saisonni\u00e8re ayant acquis une exp\u00e9rience significative dans l\u2019accueil, l\u2019hospitalit\u00e9, l\u2019intendance, la logistique, le service clients. Nous exer\u00e7ons notre activit\u00e9 de professionnels de la location saisonni\u00e8re au bord du lac d'Annecy, la Clusaz, Courchevel, M\u00e9ribel, Chamonix, \u2026","sameAs":["https:\/\/www.locationlacannecy.fr","https:\/\/www.facebook.com\/locationsaisonnieredeluxealpesetlacs","https:\/\/www.instagram.com\/locationsaisonnierealpes\/","https:\/\/www.youtube.com\/@locationlacannecy-location7330\/featured"],"url":"https:\/\/www.locationlacannecy.fr\/blog\/en\/author\/locationlacannecy\/"}]}},"_links":{"self":[{"href":"https:\/\/www.locationlacannecy.fr\/blog\/en\/wp-json\/wp\/v2\/posts\/8160","targetHints":{"allow":["GET"]}}],"collection":[{"href":"https:\/\/www.locationlacannecy.fr\/blog\/en\/wp-json\/wp\/v2\/posts"}],"about":[{"href":"https:\/\/www.locationlacannecy.fr\/blog\/en\/wp-json\/wp\/v2\/types\/post"}],"author":[{"embeddable":true,"href":"https:\/\/www.locationlacannecy.fr\/blog\/en\/wp-json\/wp\/v2\/users\/2"}],"replies":[{"embeddable":true,"href":"https:\/\/www.locationlacannecy.fr\/blog\/en\/wp-json\/wp\/v2\/comments?post=8160"}],"version-history":[{"count":1,"href":"https:\/\/www.locationlacannecy.fr\/blog\/en\/wp-json\/wp\/v2\/posts\/8160\/revisions"}],"predecessor-version":[{"id":8161,"href":"https:\/\/www.locationlacannecy.fr\/blog\/en\/wp-json\/wp\/v2\/posts\/8160\/revisions\/8161"}],"wp:featuredmedia":[{"embeddable":true,"href":"https:\/\/www.locationlacannecy.fr\/blog\/en\/wp-json\/wp\/v2\/media\/7908"}],"wp:attachment":[{"href":"https:\/\/www.locationlacannecy.fr\/blog\/en\/wp-json\/wp\/v2\/media?parent=8160"}],"wp:term":[{"taxonomy":"category","embeddable":true,"href":"https:\/\/www.locationlacannecy.fr\/blog\/en\/wp-json\/wp\/v2\/categories?post=8160"},{"taxonomy":"post_tag","embeddable":true,"href":"https:\/\/www.locationlacannecy.fr\/blog\/en\/wp-json\/wp\/v2\/tags?post=8160"}],"curies":[{"name":"wp","href":"https:\/\/api.w.org\/{rel}","templated":true}]}}