{"id":1304,"date":"2024-02-16T15:26:29","date_gmt":"2024-02-16T15:26:29","guid":{"rendered":"https:\/\/www.locationlacannecy.fr\/blog\/?p=1304"},"modified":"2026-02-18T07:16:50","modified_gmt":"2026-02-18T07:16:50","slug":"evenements-annecy-calendrier","status":"publish","type":"post","link":"https:\/\/www.locationlacannecy.fr\/blog\/evenements-annecy-calendrier\/","title":{"rendered":"\u00c9v\u00e8nements \u00e0 Annecy &#8211; Calendrier 2026"},"content":{"rendered":"\t\t<div data-elementor-type=\"wp-post\" data-elementor-id=\"1304\" class=\"elementor elementor-1304\" data-elementor-post-type=\"post\">\n\t\t\t\t<div class=\"elementor-element elementor-element-eec690e e-flex e-con-boxed e-con e-parent\" data-id=\"eec690e\" data-element_type=\"container\" data-e-type=\"container\">\n\t\t\t\t\t<div class=\"e-con-inner\">\n\t\t\t\t<div class=\"elementor-element elementor-element-6db05a0 elementor-widget elementor-widget-text-editor\" data-id=\"6db05a0\" data-element_type=\"widget\" data-e-type=\"widget\" data-widget_type=\"text-editor.default\">\n\t\t\t\t<div class=\"elementor-widget-container\">\n\t\t\t\t\t\t\t\t\t<p>\u2728 Bienvenue \u00e0 Annecy !<\/p><p>Cette ann\u00e9e promet d&#8217;\u00eatre riche en \u00e9v\u00e9nements palpitants, allant des festivals culturels aux comp\u00e9titions sportives de renomm\u00e9e. Nich\u00e9e au c\u0153ur des Alpes fran\u00e7aises, cette ville pittoresque offre une multitude d&#8217;activit\u00e9s de plein air et de divertissements pour tous les go\u00fbts.<\/p><p>D\u00e9couvrez ce que la perle des Alpes a \u00e0 offrir en cette ann\u00e9e<strong> 2026 : \u00e9v\u00e9nements \u00e0 ne pas manquer \u00e0 Annecy<\/strong>\u00a0! \u2728<\/p>\t\t\t\t\t\t\t\t<\/div>\n\t\t\t\t<\/div>\n\t\t\t\t\t<\/div>\n\t\t\t\t<\/div>\n\t\t<div class=\"elementor-element elementor-element-aa327eb e-flex e-con-boxed e-con e-parent\" data-id=\"aa327eb\" data-element_type=\"container\" data-e-type=\"container\">\n\t\t\t\t\t<div class=\"e-con-inner\">\n\t\t\t\t<div class=\"elementor-element elementor-element-f85c3be elementor-widget elementor-widget-table-of-contents\" data-id=\"f85c3be\" data-element_type=\"widget\" data-e-type=\"widget\" data-settings=\"{&quot;headings_by_tags&quot;:[&quot;h2&quot;],&quot;exclude_headings_by_selector&quot;:[],&quot;marker_view&quot;:&quot;bullets&quot;,&quot;icon&quot;:{&quot;value&quot;:&quot;far fa-circle&quot;,&quot;library&quot;:&quot;fa-regular&quot;,&quot;rendered_tag&quot;:&quot;&lt;svg class=\\&quot;e-font-icon-svg e-far-circle\\&quot; viewBox=\\&quot;0 0 512 512\\&quot; xmlns=\\&quot;http:\\\/\\\/www.w3.org\\\/2000\\\/svg\\&quot;&gt;&lt;path d=\\&quot;M256 8C119 8 8 119 8 256s111 248 248 248 248-111 248-248S393 8 256 8zm0 448c-110.5 0-200-89.5-200-200S145.5 56 256 56s200 89.5 200 200-89.5 200-200 200z\\&quot;&gt;&lt;\\\/path&gt;&lt;\\\/svg&gt;&quot;},&quot;no_headings_message&quot;:&quot;Aucun titre n\\u2019a \\u00e9t\\u00e9 trouv\\u00e9 sur cette page.&quot;,&quot;hierarchical_view&quot;:&quot;yes&quot;,&quot;min_height&quot;:{&quot;unit&quot;:&quot;px&quot;,&quot;size&quot;:&quot;&quot;,&quot;sizes&quot;:[]},&quot;min_height_tablet&quot;:{&quot;unit&quot;:&quot;px&quot;,&quot;size&quot;:&quot;&quot;,&quot;sizes&quot;:[]},&quot;min_height_mobile&quot;:{&quot;unit&quot;:&quot;px&quot;,&quot;size&quot;:&quot;&quot;,&quot;sizes&quot;:[]}}\" data-widget_type=\"table-of-contents.default\">\n\t\t\t\t<div class=\"elementor-widget-container\">\n\t\t\t\t\t\t\t\t\t<div class=\"elementor-toc__header\">\n\t\t\t\t\t\t<div class=\"elementor-toc__header-title\">\n\t\t\t\tSOMMAIRE\t\t\t<\/div>\n\t\t\t\t\t\t\t\t<\/div>\n\t\t\t\t<div id=\"elementor-toc__f85c3be\" class=\"elementor-toc__body\">\n\t\t\t<div class=\"elementor-toc__spinner-container\">\n\t\t\t\t<svg class=\"elementor-toc__spinner eicon-animation-spin e-font-icon-svg e-eicon-loading\" aria-hidden=\"true\" viewBox=\"0 0 1000 1000\" xmlns=\"http:\/\/www.w3.org\/2000\/svg\"><path d=\"M500 975V858C696 858 858 696 858 500S696 142 500 142 142 304 142 500H25C25 237 238 25 500 25S975 237 975 500 763 975 500 975Z\"><\/path><\/svg>\t\t\t<\/div>\n\t\t<\/div>\n\t\t\t\t\t\t<\/div>\n\t\t\t\t<\/div>\n\t\t\t\t\t<\/div>\n\t\t\t\t<\/div>\n\t\t<div class=\"elementor-element elementor-element-665b210 e-flex e-con-boxed e-con e-parent\" data-id=\"665b210\" data-element_type=\"container\" data-e-type=\"container\">\n\t\t\t\t\t<div class=\"e-con-inner\">\n\t\t\t\t<div class=\"elementor-element elementor-element-20dee8a elementor-widget elementor-widget-heading\" data-id=\"20dee8a\" data-element_type=\"widget\" data-e-type=\"widget\" data-widget_type=\"heading.default\">\n\t\t\t\t<div class=\"elementor-widget-container\">\n\t\t\t\t\t<h2 class=\"elementor-heading-title elementor-size-default\">Quelques \u00e9v\u00e8nements sportifs \u00e0 Annecy en 2026<\/h2>\t\t\t\t<\/div>\n\t\t\t\t<\/div>\n\t\t\t\t\t<\/div>\n\t\t\t\t<\/div>\n\t\t<div class=\"elementor-element elementor-element-d0882e3 e-flex e-con-boxed e-con e-parent\" data-id=\"d0882e3\" data-element_type=\"container\" data-e-type=\"container\">\n\t\t\t\t\t<div class=\"e-con-inner\">\n\t\t<div class=\"elementor-element elementor-element-722fdd9 e-con-full e-flex e-con e-child\" data-id=\"722fdd9\" data-element_type=\"container\" data-e-type=\"container\">\n\t\t\t\t<div class=\"elementor-element elementor-element-fcfbdd7 elementor-widget elementor-widget-heading\" data-id=\"fcfbdd7\" data-element_type=\"widget\" data-e-type=\"widget\" data-widget_type=\"heading.default\">\n\t\t\t\t<div class=\"elementor-widget-container\">\n\t\t\t\t\t<h3 class=\"elementor-heading-title elementor-size-default\">Le Marathon du Lac d'Annecy<\/h3>\t\t\t\t<\/div>\n\t\t\t\t<\/div>\n\t\t\t\t<div class=\"elementor-element elementor-element-476e4cf elementor-widget elementor-widget-text-editor\" data-id=\"476e4cf\" data-element_type=\"widget\" data-e-type=\"widget\" data-widget_type=\"text-editor.default\">\n\t\t\t\t<div class=\"elementor-widget-container\">\n\t\t\t\t\t\t\t\t\t<p>Le <strong>19 Avril 2026<\/strong> au bord du Lac d&#8217;Annecy.<\/p><p>Le <a href=\"https:\/\/event.ahsa-athletisme.com\/language\/fr\/events-fr\/\">Marathon du Lac d&#8217;Annecy<\/a> 2026 (officiellement le Brooks Marathon du Lac d&#8217;Annecy) est l&#8217;un des \u00e9v\u00e9nements sportifs les plus attendus de la r\u00e9gion. R\u00e9put\u00e9 pour \u00eatre l&#8217;un des <strong>parcours les plus rapides et les plus plats de France<\/strong>, il offre un cadre spectaculaire entre les montagnes et les eaux cristallines du lac.<\/p><p>En r\u00e9alit\u00e9, l&#8217;\u00e9v\u00e9nement se d\u00e9roule sur tout un week-end, les 18 (10 km, semi-marahton, courses jeunes) et 19 avril 2026 (marathon, 5 km, marche nordique).<\/p>\t\t\t\t\t\t\t\t<\/div>\n\t\t\t\t<\/div>\n\t\t\t\t<div class=\"elementor-element elementor-element-c2bfe24 elementor-widget elementor-widget-button\" data-id=\"c2bfe24\" data-element_type=\"widget\" data-e-type=\"widget\" data-widget_type=\"button.default\">\n\t\t\t\t<div class=\"elementor-widget-container\">\n\t\t\t\t\t\t\t\t\t<div class=\"elementor-button-wrapper\">\n\t\t\t\t\t<a class=\"elementor-button elementor-button-link elementor-size-sm\" href=\"https:\/\/www.locationlacannecy.fr\/blog\/marathon-annecy\/\">\n\t\t\t\t\t\t<span class=\"elementor-button-content-wrapper\">\n\t\t\t\t\t\t\t\t\t<span class=\"elementor-button-text\">En savoir plus<\/span>\n\t\t\t\t\t<\/span>\n\t\t\t\t\t<\/a>\n\t\t\t\t<\/div>\n\t\t\t\t\t\t\t\t<\/div>\n\t\t\t\t<\/div>\n\t\t\t\t<\/div>\n\t\t<div class=\"elementor-element elementor-element-b920f61 e-con-full e-flex e-con e-child\" data-id=\"b920f61\" data-element_type=\"container\" data-e-type=\"container\">\n\t\t\t\t<div class=\"elementor-element elementor-element-5499154 elementor-widget elementor-widget-image\" data-id=\"5499154\" data-element_type=\"widget\" data-e-type=\"widget\" data-widget_type=\"image.default\">\n\t\t\t\t<div class=\"elementor-widget-container\">\n\t\t\t\t\t\t\t\t\t\t\t\t\t\t\t<img fetchpriority=\"high\" decoding=\"async\" width=\"600\" height=\"400\" src=\"https:\/\/www.locationlacannecy.fr\/blog\/wp-content\/uploads\/2024\/02\/marathon-lac-annecy-evenement-1.webp\" class=\"attachment-large size-large wp-image-7973\" alt=\"marathon lac annecy \u00e9v\u00e9nement\" srcset=\"https:\/\/www.locationlacannecy.fr\/blog\/wp-content\/uploads\/2024\/02\/marathon-lac-annecy-evenement-1.webp 600w, https:\/\/www.locationlacannecy.fr\/blog\/wp-content\/uploads\/2024\/02\/marathon-lac-annecy-evenement-1-300x200.webp 300w\" sizes=\"(max-width: 600px) 100vw, 600px\" \/>\t\t\t\t\t\t\t\t\t\t\t\t\t\t\t<\/div>\n\t\t\t\t<\/div>\n\t\t\t\t<\/div>\n\t\t\t\t\t<\/div>\n\t\t\t\t<\/div>\n\t\t<div class=\"elementor-element elementor-element-040c03c e-flex e-con-boxed e-con e-parent\" data-id=\"040c03c\" data-element_type=\"container\" data-e-type=\"container\">\n\t\t\t\t\t<div class=\"e-con-inner\">\n\t\t<div class=\"elementor-element elementor-element-ec20a34 e-con-full e-flex e-con e-child\" data-id=\"ec20a34\" data-element_type=\"container\" data-e-type=\"container\">\n\t\t\t\t<div class=\"elementor-element elementor-element-d62ac3a elementor-widget elementor-widget-heading\" data-id=\"d62ac3a\" data-element_type=\"widget\" data-e-type=\"widget\" data-widget_type=\"heading.default\">\n\t\t\t\t<div class=\"elementor-widget-container\">\n\t\t\t\t\t<h3 class=\"elementor-heading-title elementor-size-default\">Maxi-Race Lac d'Annecy<\/h3>\t\t\t\t<\/div>\n\t\t\t\t<\/div>\n\t\t\t\t<div class=\"elementor-element elementor-element-4bb4044 elementor-widget elementor-widget-text-editor\" data-id=\"4bb4044\" data-element_type=\"widget\" data-e-type=\"widget\" data-widget_type=\"text-editor.default\">\n\t\t\t\t<div class=\"elementor-widget-container\">\n\t\t\t\t\t\t\t\t\t<p>Du <strong>29 au 31 mai 2026<\/strong>.<\/p><p>Annecy accueille l&#8217;un des trails les plus prestigieux au monde. Le tour du lac par les montagnes revient avec une nouveaut\u00e9 majeure : le parcours s&#8217;inverse et se court d\u00e9sormais dans le sens des aiguilles d&#8217;une montre ! Du mythique tOur du lac (100 km) au Marathon-eXp\u00e9rience, l&#8217;\u00e9v\u00e9nement propose des formats pour tous les niveaux. Attention : la plupart des courses affichent d\u00e9j\u00e0 complet suite au nouveau syst\u00e8me de tirage au sort. Pour les retardataires, une plateforme officielle de revente de dossards reste ouverte jusqu&#8217;au 15 avril 2026.<\/p>\t\t\t\t\t\t\t\t<\/div>\n\t\t\t\t<\/div>\n\t\t\t\t<div class=\"elementor-element elementor-element-6f133b4 elementor-widget elementor-widget-button\" data-id=\"6f133b4\" data-element_type=\"widget\" data-e-type=\"widget\" data-widget_type=\"button.default\">\n\t\t\t\t<div class=\"elementor-widget-container\">\n\t\t\t\t\t\t\t\t\t<div class=\"elementor-button-wrapper\">\n\t\t\t\t\t<a class=\"elementor-button elementor-button-link elementor-size-sm\" href=\"https:\/\/www.locationlacannecy.fr\/blog\/maxi-race-lac-annecy\/\">\n\t\t\t\t\t\t<span class=\"elementor-button-content-wrapper\">\n\t\t\t\t\t\t\t\t\t<span class=\"elementor-button-text\">En savoir plus<\/span>\n\t\t\t\t\t<\/span>\n\t\t\t\t\t<\/a>\n\t\t\t\t<\/div>\n\t\t\t\t\t\t\t\t<\/div>\n\t\t\t\t<\/div>\n\t\t\t\t<\/div>\n\t\t<div class=\"elementor-element elementor-element-2e9a3c1 e-con-full e-flex e-con e-child\" data-id=\"2e9a3c1\" data-element_type=\"container\" data-e-type=\"container\">\n\t\t\t\t<div class=\"elementor-element elementor-element-01fe238 elementor-widget elementor-widget-image\" data-id=\"01fe238\" data-element_type=\"widget\" data-e-type=\"widget\" data-widget_type=\"image.default\">\n\t\t\t\t<div class=\"elementor-widget-container\">\n\t\t\t\t\t\t\t\t\t\t\t\t\t\t\t<img decoding=\"async\" src=\"https:\/\/www.locationlacannecy.fr\/blog\/wp-content\/uploads\/elementor\/thumbs\/Maxi-race-lac-annecy-rhek6yu9qabzrpel7q9mzbr1kchdlg39mitjaxuj6o.jpg\" title=\"Maxi race lac annecy\" alt=\"Maxi-race-lac-annecy.jpg\" loading=\"lazy\" \/>\t\t\t\t\t\t\t\t\t\t\t\t\t\t\t<\/div>\n\t\t\t\t<\/div>\n\t\t\t\t<\/div>\n\t\t\t\t\t<\/div>\n\t\t\t\t<\/div>\n\t\t<div class=\"elementor-element elementor-element-509391a e-flex e-con-boxed e-con e-parent\" data-id=\"509391a\" data-element_type=\"container\" data-e-type=\"container\">\n\t\t\t\t\t<div class=\"e-con-inner\">\n\t\t<div class=\"elementor-element elementor-element-a45b75f e-con-full e-flex e-con e-child\" data-id=\"a45b75f\" data-element_type=\"container\" data-e-type=\"container\">\n\t\t\t\t<div class=\"elementor-element elementor-element-77cfda7 elementor-widget elementor-widget-heading\" data-id=\"77cfda7\" data-element_type=\"widget\" data-e-type=\"widget\" data-widget_type=\"heading.default\">\n\t\t\t\t<div class=\"elementor-widget-container\">\n\t\t\t\t\t<h3 class=\"elementor-heading-title elementor-size-default\">Triathlon international du Lac d'Annecy<\/h3>\t\t\t\t<\/div>\n\t\t\t\t<\/div>\n\t\t\t\t<div class=\"elementor-element elementor-element-bcf8d1a elementor-widget elementor-widget-text-editor\" data-id=\"bcf8d1a\" data-element_type=\"widget\" data-e-type=\"widget\" data-widget_type=\"text-editor.default\">\n\t\t\t\t<div class=\"elementor-widget-container\">\n\t\t\t\t\t\t\t\t\t<p>Du <strong>26 et 27 septembre 2026<\/strong>.<\/p><p>Vivez l&#8217;un des plus beaux <a href=\"https:\/\/annecy-triathlon.com\/\">triathlons<\/a> d&#8217;Europe le 27 septembre 2026. Entre les eaux cristallines du lac et les sommets des Bauges, relevez le d\u00e9fi du format M (1,5 km de natation, 47 km de v\u00e9lo avec l&#8217;ascension du col de Leschaux, et 10 km de course sur le P\u00e2quier). Exceptionnellement d\u00e9plac\u00e9e \u00e0 la fin de l&#8217;\u00e9t\u00e9, cette \u00e9dition promet une ambiance \u00e9lectrique et des paysages de carte postale. Inscriptions d\u00e8s le 1er mai 2026 : soyez pr\u00eats, les dossards s&#8217;envolent en quelques heures !<\/p>\t\t\t\t\t\t\t\t<\/div>\n\t\t\t\t<\/div>\n\t\t\t\t<div class=\"elementor-element elementor-element-f9247ea elementor-widget elementor-widget-button\" data-id=\"f9247ea\" data-element_type=\"widget\" data-e-type=\"widget\" data-widget_type=\"button.default\">\n\t\t\t\t<div class=\"elementor-widget-container\">\n\t\t\t\t\t\t\t\t\t<div class=\"elementor-button-wrapper\">\n\t\t\t\t\t<a class=\"elementor-button elementor-button-link elementor-size-sm\" href=\"https:\/\/www.locationlacannecy.fr\/blog\/triathlon-annecy\/\">\n\t\t\t\t\t\t<span class=\"elementor-button-content-wrapper\">\n\t\t\t\t\t\t\t\t\t<span class=\"elementor-button-text\">En savoir plus<\/span>\n\t\t\t\t\t<\/span>\n\t\t\t\t\t<\/a>\n\t\t\t\t<\/div>\n\t\t\t\t\t\t\t\t<\/div>\n\t\t\t\t<\/div>\n\t\t\t\t<\/div>\n\t\t<div class=\"elementor-element elementor-element-a8f3bc5 e-con-full e-flex e-con e-child\" data-id=\"a8f3bc5\" data-element_type=\"container\" data-e-type=\"container\">\n\t\t\t\t<div class=\"elementor-element elementor-element-2175ba7 elementor-widget elementor-widget-image\" data-id=\"2175ba7\" data-element_type=\"widget\" data-e-type=\"widget\" data-widget_type=\"image.default\">\n\t\t\t\t<div class=\"elementor-widget-container\">\n\t\t\t\t\t\t\t\t\t\t\t\t\t\t\t<img decoding=\"async\" width=\"600\" height=\"400\" src=\"https:\/\/www.locationlacannecy.fr\/blog\/wp-content\/uploads\/2024\/02\/triathlon-international-lac-annecy-evenement.webp\" class=\"attachment-large size-large wp-image-7975\" alt=\"\" srcset=\"https:\/\/www.locationlacannecy.fr\/blog\/wp-content\/uploads\/2024\/02\/triathlon-international-lac-annecy-evenement.webp 600w, https:\/\/www.locationlacannecy.fr\/blog\/wp-content\/uploads\/2024\/02\/triathlon-international-lac-annecy-evenement-300x200.webp 300w\" sizes=\"(max-width: 600px) 100vw, 600px\" \/>\t\t\t\t\t\t\t\t\t\t\t\t\t\t\t<\/div>\n\t\t\t\t<\/div>\n\t\t\t\t<\/div>\n\t\t\t\t\t<\/div>\n\t\t\t\t<\/div>\n\t\t<div class=\"elementor-element elementor-element-4bbab04 e-flex e-con-boxed e-con e-parent\" data-id=\"4bbab04\" data-element_type=\"container\" data-e-type=\"container\">\n\t\t\t\t\t<div class=\"e-con-inner\">\n\t\t\t\t<div class=\"elementor-element elementor-element-03ac50d elementor-widget elementor-widget-heading\" data-id=\"03ac50d\" data-element_type=\"widget\" data-e-type=\"widget\" data-widget_type=\"heading.default\">\n\t\t\t\t<div class=\"elementor-widget-container\">\n\t\t\t\t\t<h2 class=\"elementor-heading-title elementor-size-default\">Les festivals d'Annecy en 2026<\/h2>\t\t\t\t<\/div>\n\t\t\t\t<\/div>\n\t\t\t\t\t<\/div>\n\t\t\t\t<\/div>\n\t\t<div class=\"elementor-element elementor-element-25264f3 e-flex e-con-boxed e-con e-parent\" data-id=\"25264f3\" data-element_type=\"container\" data-e-type=\"container\">\n\t\t\t\t\t<div class=\"e-con-inner\">\n\t\t<div class=\"elementor-element elementor-element-dd1084f e-con-full e-flex e-con e-child\" data-id=\"dd1084f\" data-element_type=\"container\" data-e-type=\"container\">\n\t\t\t\t<div class=\"elementor-element elementor-element-c56e1c1 elementor-widget elementor-widget-heading\" data-id=\"c56e1c1\" data-element_type=\"widget\" data-e-type=\"widget\" data-widget_type=\"heading.default\">\n\t\t\t\t<div class=\"elementor-widget-container\">\n\t\t\t\t\t<h3 class=\"elementor-heading-title elementor-size-default\">Cin\u00e9mino - Festival du cin\u00e9ma enfant<\/h3>\t\t\t\t<\/div>\n\t\t\t\t<\/div>\n\t\t\t\t<div class=\"elementor-element elementor-element-336d7ca elementor-widget elementor-widget-text-editor\" data-id=\"336d7ca\" data-element_type=\"widget\" data-e-type=\"widget\" data-widget_type=\"text-editor.default\">\n\t\t\t\t<div class=\"elementor-widget-container\">\n\t\t\t\t\t\t\t\t\t<p>Du <strong>1er f\u00e9vrier au 28 f\u00e9vrier 2026<\/strong>.<\/p><p>Chaque ann\u00e9e, le festival du cin\u00e9ma pour enfants et adultes attire un large public, offrant une programmation vari\u00e9e comprenant des dessins anim\u00e9s, des films et des documentaires. Initi\u00e9 en 2002, cet \u00e9v\u00e9nement n&#8217;a cess\u00e9 de gagner en renomm\u00e9e et de surprendre avec des nouveaut\u00e9s qui enchantent tant les petits que les grands.<\/p>\t\t\t\t\t\t\t\t<\/div>\n\t\t\t\t<\/div>\n\t\t\t\t<div class=\"elementor-element elementor-element-2d6afa5 elementor-widget elementor-widget-button\" data-id=\"2d6afa5\" data-element_type=\"widget\" data-e-type=\"widget\" data-widget_type=\"button.default\">\n\t\t\t\t<div class=\"elementor-widget-container\">\n\t\t\t\t\t\t\t\t\t<div class=\"elementor-button-wrapper\">\n\t\t\t\t\t<a class=\"elementor-button elementor-button-link elementor-size-sm\" href=\"https:\/\/www.annecy.fr\/annuaires\/agendas\/detail\/festival-cinemino\">\n\t\t\t\t\t\t<span class=\"elementor-button-content-wrapper\">\n\t\t\t\t\t\t\t\t\t<span class=\"elementor-button-text\">En savoir plus<\/span>\n\t\t\t\t\t<\/span>\n\t\t\t\t\t<\/a>\n\t\t\t\t<\/div>\n\t\t\t\t\t\t\t\t<\/div>\n\t\t\t\t<\/div>\n\t\t\t\t<\/div>\n\t\t<div class=\"elementor-element elementor-element-49514f5 e-con-full e-flex e-con e-child\" data-id=\"49514f5\" data-element_type=\"container\" data-e-type=\"container\">\n\t\t\t\t<div class=\"elementor-element elementor-element-679ee23 elementor-widget elementor-widget-image\" data-id=\"679ee23\" data-element_type=\"widget\" data-e-type=\"widget\" data-widget_type=\"image.default\">\n\t\t\t\t<div class=\"elementor-widget-container\">\n\t\t\t\t\t\t\t\t\t\t\t\t\t\t\t<img decoding=\"async\" width=\"600\" height=\"400\" src=\"https:\/\/www.locationlacannecy.fr\/blog\/wp-content\/uploads\/2024\/02\/festival-cinemino-annecy.webp\" class=\"attachment-large size-large wp-image-7977\" alt=\"\" srcset=\"https:\/\/www.locationlacannecy.fr\/blog\/wp-content\/uploads\/2024\/02\/festival-cinemino-annecy.webp 600w, https:\/\/www.locationlacannecy.fr\/blog\/wp-content\/uploads\/2024\/02\/festival-cinemino-annecy-300x200.webp 300w\" sizes=\"(max-width: 600px) 100vw, 600px\" \/>\t\t\t\t\t\t\t\t\t\t\t\t\t\t\t<\/div>\n\t\t\t\t<\/div>\n\t\t\t\t<\/div>\n\t\t\t\t\t<\/div>\n\t\t\t\t<\/div>\n\t\t<div class=\"elementor-element elementor-element-8c7c94c e-flex e-con-boxed e-con e-parent\" data-id=\"8c7c94c\" data-element_type=\"container\" data-e-type=\"container\">\n\t\t\t\t\t<div class=\"e-con-inner\">\n\t\t<div class=\"elementor-element elementor-element-152a95f e-con-full e-flex e-con e-child\" data-id=\"152a95f\" data-element_type=\"container\" data-e-type=\"container\">\n\t\t\t\t<div class=\"elementor-element elementor-element-0bb8dd0 elementor-widget elementor-widget-heading\" data-id=\"0bb8dd0\" data-element_type=\"widget\" data-e-type=\"widget\" data-widget_type=\"heading.default\">\n\t\t\t\t<div class=\"elementor-widget-container\">\n\t\t\t\t\t<h3 class=\"elementor-heading-title elementor-size-default\">Festival Hors Pistes<\/h3>\t\t\t\t<\/div>\n\t\t\t\t<\/div>\n\t\t\t\t<div class=\"elementor-element elementor-element-a0ef475 elementor-widget elementor-widget-text-editor\" data-id=\"a0ef475\" data-element_type=\"widget\" data-e-type=\"widget\" data-widget_type=\"text-editor.default\">\n\t\t\t\t<div class=\"elementor-widget-container\">\n\t\t\t\t\t\t\t\t\t<p>Du <strong>17 f\u00e9vrier au 22 f\u00e9vrier 2026<\/strong>.<\/p><p>Le Festival Hors Pistes, c&#8217;est le rendez-vous incontournable de la culture alternative \u00e0 Annecy pendant l&#8217;hiver. Port\u00e9 par Le Brise Glace, il casse les codes de la ville &#8220;carte postale&#8221; pour mettre en avant l&#8217;\u00e9nergie urbaine.\u00a0<\/p><p>Le Concept : Un festival de musiques actuelles (Rock, \u00c9lectro, Hip-Hop) coupl\u00e9 \u00e0 des arts num\u00e9riques, des projections et des ateliers cr\u00e9atifs.<\/p>\t\t\t\t\t\t\t\t<\/div>\n\t\t\t\t<\/div>\n\t\t\t\t<div class=\"elementor-element elementor-element-e829e6e elementor-widget elementor-widget-button\" data-id=\"e829e6e\" data-element_type=\"widget\" data-e-type=\"widget\" data-widget_type=\"button.default\">\n\t\t\t\t<div class=\"elementor-widget-container\">\n\t\t\t\t\t\t\t\t\t<div class=\"elementor-button-wrapper\">\n\t\t\t\t\t<a class=\"elementor-button elementor-button-link elementor-size-sm\" href=\"https:\/\/www.festivalhorspistes.com\/\">\n\t\t\t\t\t\t<span class=\"elementor-button-content-wrapper\">\n\t\t\t\t\t\t\t\t\t<span class=\"elementor-button-text\">En savoir plus<\/span>\n\t\t\t\t\t<\/span>\n\t\t\t\t\t<\/a>\n\t\t\t\t<\/div>\n\t\t\t\t\t\t\t\t<\/div>\n\t\t\t\t<\/div>\n\t\t\t\t<\/div>\n\t\t<div class=\"elementor-element elementor-element-7afe83b e-con-full e-flex e-con e-child\" data-id=\"7afe83b\" data-element_type=\"container\" data-e-type=\"container\">\n\t\t\t\t<div class=\"elementor-element elementor-element-397468c elementor-widget elementor-widget-image\" data-id=\"397468c\" data-element_type=\"widget\" data-e-type=\"widget\" data-widget_type=\"image.default\">\n\t\t\t\t<div class=\"elementor-widget-container\">\n\t\t\t\t\t\t\t\t\t\t\t\t\t\t\t<img loading=\"lazy\" decoding=\"async\" width=\"600\" height=\"400\" src=\"https:\/\/www.locationlacannecy.fr\/blog\/wp-content\/uploads\/2024\/02\/festival-hors-pistes-annecy.webp\" class=\"attachment-large size-large wp-image-8011\" alt=\"festival hors pistes annecy\" srcset=\"https:\/\/www.locationlacannecy.fr\/blog\/wp-content\/uploads\/2024\/02\/festival-hors-pistes-annecy.webp 600w, https:\/\/www.locationlacannecy.fr\/blog\/wp-content\/uploads\/2024\/02\/festival-hors-pistes-annecy-300x200.webp 300w\" sizes=\"(max-width: 600px) 100vw, 600px\" \/>\t\t\t\t\t\t\t\t\t\t\t\t\t\t\t<\/div>\n\t\t\t\t<\/div>\n\t\t\t\t<\/div>\n\t\t\t\t\t<\/div>\n\t\t\t\t<\/div>\n\t\t<div class=\"elementor-element elementor-element-01e79d3 e-flex e-con-boxed e-con e-parent\" data-id=\"01e79d3\" data-element_type=\"container\" data-e-type=\"container\">\n\t\t\t\t\t<div class=\"e-con-inner\">\n\t\t<div class=\"elementor-element elementor-element-6bee200 e-con-full e-flex e-con e-child\" data-id=\"6bee200\" data-element_type=\"container\" data-e-type=\"container\">\n\t\t\t\t<div class=\"elementor-element elementor-element-dd149b6 elementor-widget elementor-widget-heading\" data-id=\"dd149b6\" data-element_type=\"widget\" data-e-type=\"widget\" data-widget_type=\"heading.default\">\n\t\t\t\t<div class=\"elementor-widget-container\">\n\t\t\t\t\t<h3 class=\"elementor-heading-title elementor-size-default\">Festival du film d\u2019Annecy<\/h3>\t\t\t\t<\/div>\n\t\t\t\t<\/div>\n\t\t\t\t<div class=\"elementor-element elementor-element-9409ee4 elementor-widget elementor-widget-text-editor\" data-id=\"9409ee4\" data-element_type=\"widget\" data-e-type=\"widget\" data-widget_type=\"text-editor.default\">\n\t\t\t\t<div class=\"elementor-widget-container\">\n\t\t\t\t\t\t\t\t\t<p>Du <strong>21 au 27 juin 2026<\/strong>.<\/p><p>Capitale mondiale de l&#8217;animation, Annecy vous donne rendez-vous du 21 au 27 juin 2026 pour une \u00e9dition qui s&#8217;annonce historique. Entre les projections prestigieuses \u00e0 Bonlieu et les s\u00e9ances gratuites en plein air sur le P\u00e2quier, le festival c\u00e9l\u00e8brera &#8220;Les Grands Frissons&#8221; et marquera surtout l&#8217;ouverture de la toute nouvelle Cit\u00e9 internationale du cin\u00e9ma d&#8217;animation. Que vous soyez professionnel au MIFA ou simple amateur de p\u00e9pites visuelles, pr\u00e9parez votre s\u00e9jour d\u00e8s maintenant : la billetterie et les r\u00e9servations de s\u00e9ances (tr\u00e8s pris\u00e9es) ouvrent g\u00e9n\u00e9ralement courant mai.<\/p>\t\t\t\t\t\t\t\t<\/div>\n\t\t\t\t<\/div>\n\t\t\t\t<div class=\"elementor-element elementor-element-92a6f23 elementor-widget elementor-widget-button\" data-id=\"92a6f23\" data-element_type=\"widget\" data-e-type=\"widget\" data-widget_type=\"button.default\">\n\t\t\t\t<div class=\"elementor-widget-container\">\n\t\t\t\t\t\t\t\t\t<div class=\"elementor-button-wrapper\">\n\t\t\t\t\t<a class=\"elementor-button elementor-button-link elementor-size-sm\" href=\"https:\/\/www.locationlacannecy.fr\/blog\/le-festival-du-film-annecy\/\">\n\t\t\t\t\t\t<span class=\"elementor-button-content-wrapper\">\n\t\t\t\t\t\t\t\t\t<span class=\"elementor-button-text\">En savoir plus<\/span>\n\t\t\t\t\t<\/span>\n\t\t\t\t\t<\/a>\n\t\t\t\t<\/div>\n\t\t\t\t\t\t\t\t<\/div>\n\t\t\t\t<\/div>\n\t\t\t\t<\/div>\n\t\t<div class=\"elementor-element elementor-element-6114853 e-con-full e-flex e-con e-child\" data-id=\"6114853\" data-element_type=\"container\" data-e-type=\"container\">\n\t\t\t\t<div class=\"elementor-element elementor-element-d07af60 elementor-widget elementor-widget-image\" data-id=\"d07af60\" data-element_type=\"widget\" data-e-type=\"widget\" data-widget_type=\"image.default\">\n\t\t\t\t<div class=\"elementor-widget-container\">\n\t\t\t\t\t\t\t\t\t\t\t\t\t\t\t<img decoding=\"async\" src=\"https:\/\/www.locationlacannecy.fr\/blog\/wp-content\/uploads\/elementor\/thumbs\/Festival-du-film-dAnnecy-r2nqvpzzgwudmzqcvfnqaw0ogrqt0bunn6yo24al5s.jpg\" title=\"Festival du film d\u2019Annecy\" alt=\"Festival du film d\u2019Annecy\" loading=\"lazy\" \/>\t\t\t\t\t\t\t\t\t\t\t\t\t\t\t<\/div>\n\t\t\t\t<\/div>\n\t\t\t\t<\/div>\n\t\t\t\t\t<\/div>\n\t\t\t\t<\/div>\n\t\t<div class=\"elementor-element elementor-element-e5ffb9b e-flex e-con-boxed e-con e-parent\" data-id=\"e5ffb9b\" data-element_type=\"container\" data-e-type=\"container\">\n\t\t\t\t\t<div class=\"e-con-inner\">\n\t\t<div class=\"elementor-element elementor-element-68eb8b6 e-con-full e-flex e-con e-child\" data-id=\"68eb8b6\" data-element_type=\"container\" data-e-type=\"container\">\n\t\t\t\t<div class=\"elementor-element elementor-element-4b34378 elementor-widget elementor-widget-heading\" data-id=\"4b34378\" data-element_type=\"widget\" data-e-type=\"widget\" data-widget_type=\"heading.default\">\n\t\t\t\t<div class=\"elementor-widget-container\">\n\t\t\t\t\t<h3 class=\"elementor-heading-title elementor-size-default\">F\u00eate de la musique<\/h3>\t\t\t\t<\/div>\n\t\t\t\t<\/div>\n\t\t\t\t<div class=\"elementor-element elementor-element-1aa4646 elementor-widget elementor-widget-text-editor\" data-id=\"1aa4646\" data-element_type=\"widget\" data-e-type=\"widget\" data-widget_type=\"text-editor.default\">\n\t\t\t\t<div class=\"elementor-widget-container\">\n\t\t\t\t\t\t\t\t\t<p><strong>21 juin 2026<\/strong>.<\/p><p>Annecy c\u00e9l\u00e8bre l&#8217;arriv\u00e9e de l&#8217;\u00e9t\u00e9 et la nuit la plus courte de l&#8217;ann\u00e9e en musique. Pour cette \u00e9dition, la ville se transforme en une immense sc\u00e8ne \u00e0 ciel ouvert : des sc\u00e8nes officielles sur le P\u00e2quier aux concerts acoustiques dans les ruelles pav\u00e9es de la Vieille Ville, il y en a pour tous les styles (Rock, Jazz, \u00c9lectro, Chorales). Profitez de l&#8217;ambiance unique des terrasses au bord des canaux et laissez-vous porter par les notes qui r\u00e9sonnent du lac jusqu&#8217;au pied du Ch\u00e2teau. Un \u00e9v\u00e9nement gratuit et festif accessible \u00e0 tous !<\/p>\t\t\t\t\t\t\t\t<\/div>\n\t\t\t\t<\/div>\n\t\t\t\t<div class=\"elementor-element elementor-element-b02093b elementor-widget elementor-widget-button\" data-id=\"b02093b\" data-element_type=\"widget\" data-e-type=\"widget\" data-widget_type=\"button.default\">\n\t\t\t\t<div class=\"elementor-widget-container\">\n\t\t\t\t\t\t\t\t\t<div class=\"elementor-button-wrapper\">\n\t\t\t\t\t<a class=\"elementor-button elementor-button-link elementor-size-sm\" href=\"https:\/\/www.locationlacannecy.fr\/blog\/fete-de-la-musique-annecy\/\">\n\t\t\t\t\t\t<span class=\"elementor-button-content-wrapper\">\n\t\t\t\t\t\t\t\t\t<span class=\"elementor-button-text\">En savoir plus<\/span>\n\t\t\t\t\t<\/span>\n\t\t\t\t\t<\/a>\n\t\t\t\t<\/div>\n\t\t\t\t\t\t\t\t<\/div>\n\t\t\t\t<\/div>\n\t\t\t\t<\/div>\n\t\t<div class=\"elementor-element elementor-element-98e541f e-con-full e-flex e-con e-child\" data-id=\"98e541f\" data-element_type=\"container\" data-e-type=\"container\">\n\t\t\t\t<div class=\"elementor-element elementor-element-c2c921a elementor-widget elementor-widget-image\" data-id=\"c2c921a\" data-element_type=\"widget\" data-e-type=\"widget\" data-widget_type=\"image.default\">\n\t\t\t\t<div class=\"elementor-widget-container\">\n\t\t\t\t\t\t\t\t\t\t\t\t\t\t\t<img decoding=\"async\" src=\"https:\/\/www.locationlacannecy.fr\/blog\/wp-content\/uploads\/elementor\/thumbs\/Fete-musique-Annecy-r7e70ad8d52ci1c2px44keft2gz179s9zhasostmzk.png\" title=\"Fete-musique-Annecy\" alt=\"F\u00eate-musique-annecy\" loading=\"lazy\" \/>\t\t\t\t\t\t\t\t\t\t\t\t\t\t\t<\/div>\n\t\t\t\t<\/div>\n\t\t\t\t<\/div>\n\t\t\t\t\t<\/div>\n\t\t\t\t<\/div>\n\t\t<div class=\"elementor-element elementor-element-4ab040e e-flex e-con-boxed e-con e-parent\" data-id=\"4ab040e\" data-element_type=\"container\" data-e-type=\"container\">\n\t\t\t\t\t<div class=\"e-con-inner\">\n\t\t<div class=\"elementor-element elementor-element-5a3a821 e-con-full e-flex e-con e-child\" data-id=\"5a3a821\" data-element_type=\"container\" data-e-type=\"container\">\n\t\t\t\t<div class=\"elementor-element elementor-element-36fb605 elementor-widget elementor-widget-heading\" data-id=\"36fb605\" data-element_type=\"widget\" data-e-type=\"widget\" data-widget_type=\"heading.default\">\n\t\t\t\t<div class=\"elementor-widget-container\">\n\t\t\t\t\t<h3 class=\"elementor-heading-title elementor-size-default\">F\u00eate du Lac d'Annecy<\/h3>\t\t\t\t<\/div>\n\t\t\t\t<\/div>\n\t\t\t\t<div class=\"elementor-element elementor-element-d09a4fd elementor-widget elementor-widget-text-editor\" data-id=\"d09a4fd\" data-element_type=\"widget\" data-e-type=\"widget\" data-widget_type=\"text-editor.default\">\n\t\t\t\t<div class=\"elementor-widget-container\">\n\t\t\t\t\t\t\t\t\t<p>Premier samedi du mois d&#8217;ao\u00fbt : <strong>1er ao\u00fbt 2026<\/strong>.<\/p><p>La F<a href=\"https:\/\/www.lac-annecy.com\/fete-et-manifestation\/fete-du-lac-dannecy-annecy\/\">\u00eate du Lac d&#8217;Annecy<\/a> est l&#8217;\u00e9v\u00e9nement phare de l&#8217;\u00e9t\u00e9. Ce n&#8217;est pas seulement un feu d&#8217;artifice, c&#8217;est le plus grand spectacle pyrotechnique d&#8217;Europe, attirant pr\u00e8s de 200 000 spectateurs sur les rives du lac.<\/p><p>L&#8217;\u00e9dition 2026 marque un tournant avec une cr\u00e9ation immersive sign\u00e9e par la soci\u00e9t\u00e9 Arteventia (d\u00e9j\u00e0 ma\u00eetre d&#8217;\u0153uvre en 2025). Le spectacle promet une fusion totale entre \u00e9l\u00e9ments naturels et haute technologie.<\/p>\t\t\t\t\t\t\t\t<\/div>\n\t\t\t\t<\/div>\n\t\t\t\t<div class=\"elementor-element elementor-element-f9da7bb elementor-widget elementor-widget-button\" data-id=\"f9da7bb\" data-element_type=\"widget\" data-e-type=\"widget\" data-widget_type=\"button.default\">\n\t\t\t\t<div class=\"elementor-widget-container\">\n\t\t\t\t\t\t\t\t\t<div class=\"elementor-button-wrapper\">\n\t\t\t\t\t<a class=\"elementor-button elementor-button-link elementor-size-sm\" href=\"https:\/\/www.locationlacannecy.fr\/blog\/fete-du-lac-annecy\/\">\n\t\t\t\t\t\t<span class=\"elementor-button-content-wrapper\">\n\t\t\t\t\t\t\t\t\t<span class=\"elementor-button-text\">En savoir plus<\/span>\n\t\t\t\t\t<\/span>\n\t\t\t\t\t<\/a>\n\t\t\t\t<\/div>\n\t\t\t\t\t\t\t\t<\/div>\n\t\t\t\t<\/div>\n\t\t\t\t<\/div>\n\t\t<div class=\"elementor-element elementor-element-cd4efcd e-con-full e-flex e-con e-child\" data-id=\"cd4efcd\" data-element_type=\"container\" data-e-type=\"container\">\n\t\t\t\t<div class=\"elementor-element elementor-element-ff1c2e7 elementor-widget elementor-widget-image\" data-id=\"ff1c2e7\" data-element_type=\"widget\" data-e-type=\"widget\" data-widget_type=\"image.default\">\n\t\t\t\t<div class=\"elementor-widget-container\">\n\t\t\t\t\t\t\t\t\t\t\t\t\t\t\t<img decoding=\"async\" src=\"https:\/\/www.locationlacannecy.fr\/blog\/wp-content\/uploads\/elementor\/thumbs\/fete-annecy-feu-artifices-r8ld6uvh2p6dfu0eov0d7gwrmrqj9lo2h36ovqctcw.webp\" title=\"fete-annecy-feu-artifices\" alt=\"fetes annecy lac feux artifices\" loading=\"lazy\" \/>\t\t\t\t\t\t\t\t\t\t\t\t\t\t\t<\/div>\n\t\t\t\t<\/div>\n\t\t\t\t<\/div>\n\t\t\t\t\t<\/div>\n\t\t\t\t<\/div>\n\t\t<div class=\"elementor-element elementor-element-eaecb5a e-flex e-con-boxed e-con e-parent\" data-id=\"eaecb5a\" data-element_type=\"container\" data-e-type=\"container\">\n\t\t\t\t\t<div class=\"e-con-inner\">\n\t\t<div class=\"elementor-element elementor-element-8e8e3db e-con-full e-flex e-con e-child\" data-id=\"8e8e3db\" data-element_type=\"container\" data-e-type=\"container\">\n\t\t\t\t<div class=\"elementor-element elementor-element-222220f elementor-widget elementor-widget-heading\" data-id=\"222220f\" data-element_type=\"widget\" data-e-type=\"widget\" data-widget_type=\"heading.default\">\n\t\t\t\t<div class=\"elementor-widget-container\">\n\t\t\t\t\t<h3 class=\"elementor-heading-title elementor-size-default\">Festival Annecy Paysages<\/h3>\t\t\t\t<\/div>\n\t\t\t\t<\/div>\n\t\t\t\t<div class=\"elementor-element elementor-element-efeed6b elementor-widget elementor-widget-text-editor\" data-id=\"efeed6b\" data-element_type=\"widget\" data-e-type=\"widget\" data-widget_type=\"text-editor.default\">\n\t\t\t\t<div class=\"elementor-widget-container\">\n\t\t\t\t\t\t\t\t\t<p>De d\u00e9but <strong>juillet \u00e0 mi-septembre.<\/strong><\/p><p>Plongez-vous dans cette effervescence artistique et explorez la ville \u00e0 la d\u00e9couverte d&#8217;une trentaine d&#8217;installations aussi remarquables les unes que les autres&#8230; Ces cr\u00e9ations, fruit du travail d&#8217;artistes, m\u00ealent avec ing\u00e9niosit\u00e9 l&#8217;art contemporain et la beaut\u00e9 des am\u00e9nagements paysagers. Ce festival singulier illumine les rues d&#8217;Annecy, ses rives lacustres et ses parcs, offrant une exp\u00e9rience culturelle inoubliable.<\/p>\t\t\t\t\t\t\t\t<\/div>\n\t\t\t\t<\/div>\n\t\t\t\t<div class=\"elementor-element elementor-element-622bbe1 elementor-widget elementor-widget-button\" data-id=\"622bbe1\" data-element_type=\"widget\" data-e-type=\"widget\" data-widget_type=\"button.default\">\n\t\t\t\t<div class=\"elementor-widget-container\">\n\t\t\t\t\t\t\t\t\t<div class=\"elementor-button-wrapper\">\n\t\t\t\t\t<a class=\"elementor-button elementor-button-link elementor-size-sm\" href=\"https:\/\/annecy-paysages.com\/\">\n\t\t\t\t\t\t<span class=\"elementor-button-content-wrapper\">\n\t\t\t\t\t\t\t\t\t<span class=\"elementor-button-text\">En savoir plus<\/span>\n\t\t\t\t\t<\/span>\n\t\t\t\t\t<\/a>\n\t\t\t\t<\/div>\n\t\t\t\t\t\t\t\t<\/div>\n\t\t\t\t<\/div>\n\t\t\t\t<\/div>\n\t\t<div class=\"elementor-element elementor-element-137c583 e-con-full e-flex e-con e-child\" data-id=\"137c583\" data-element_type=\"container\" data-e-type=\"container\">\n\t\t\t\t<div class=\"elementor-element elementor-element-d68b6e4 elementor-widget elementor-widget-image\" data-id=\"d68b6e4\" data-element_type=\"widget\" data-e-type=\"widget\" data-widget_type=\"image.default\">\n\t\t\t\t<div class=\"elementor-widget-container\">\n\t\t\t\t\t\t\t\t\t\t\t\t\t\t\t<img loading=\"lazy\" decoding=\"async\" width=\"600\" height=\"400\" src=\"https:\/\/www.locationlacannecy.fr\/blog\/wp-content\/uploads\/2024\/02\/paysage-lac-annecy.webp\" class=\"attachment-large size-large wp-image-7979\" alt=\"paysage lac annecy\" srcset=\"https:\/\/www.locationlacannecy.fr\/blog\/wp-content\/uploads\/2024\/02\/paysage-lac-annecy.webp 600w, https:\/\/www.locationlacannecy.fr\/blog\/wp-content\/uploads\/2024\/02\/paysage-lac-annecy-300x200.webp 300w\" sizes=\"(max-width: 600px) 100vw, 600px\" \/>\t\t\t\t\t\t\t\t\t\t\t\t\t\t\t<\/div>\n\t\t\t\t<\/div>\n\t\t\t\t<\/div>\n\t\t\t\t\t<\/div>\n\t\t\t\t<\/div>\n\t\t<div class=\"elementor-element elementor-element-350f02e e-flex e-con-boxed e-con e-parent\" data-id=\"350f02e\" data-element_type=\"container\" data-e-type=\"container\">\n\t\t\t\t\t<div class=\"e-con-inner\">\n\t\t<div class=\"elementor-element elementor-element-7b4bf43 e-con-full e-flex e-con e-child\" data-id=\"7b4bf43\" data-element_type=\"container\" data-e-type=\"container\">\n\t\t\t\t<div class=\"elementor-element elementor-element-0a6ed48 elementor-widget elementor-widget-heading\" data-id=\"0a6ed48\" data-element_type=\"widget\" data-e-type=\"widget\" data-widget_type=\"heading.default\">\n\t\t\t\t<div class=\"elementor-widget-container\">\n\t\t\t\t\t<h3 class=\"elementor-heading-title elementor-size-default\">High Five Festival Annecy<\/h3>\t\t\t\t<\/div>\n\t\t\t\t<\/div>\n\t\t\t\t<div class=\"elementor-element elementor-element-c38be77 elementor-widget elementor-widget-text-editor\" data-id=\"c38be77\" data-element_type=\"widget\" data-e-type=\"widget\" data-widget_type=\"text-editor.default\">\n\t\t\t\t<div class=\"elementor-widget-container\">\n\t\t\t\t\t\t\t\t\t<p>Du <strong>2 au 4 octobre 2026<\/strong>.<\/p><p>Rendez-vous mondial du ski et des sports de glisse. V\u00e9ritable &#8220;Cannes du ski&#8221;, le <a href=\"https:\/\/highfive-festival.com\/\">festival<\/a> transforme Annecy et le centre Courier en station de sports d&#8217;hiver g\u00e9ante : avant-premi\u00e8res de films de glisse au Path\u00e9, village de marques sur le P\u00e2quier et soir\u00e9es m\u00e9morables. Un \u00e9v\u00e9nement incontournable pour lancer la saison d&#8217;hiver entre passionn\u00e9s et pros du freestyle !<\/p>\t\t\t\t\t\t\t\t<\/div>\n\t\t\t\t<\/div>\n\t\t\t\t<div class=\"elementor-element elementor-element-43bcace elementor-widget elementor-widget-button\" data-id=\"43bcace\" data-element_type=\"widget\" data-e-type=\"widget\" data-widget_type=\"button.default\">\n\t\t\t\t<div class=\"elementor-widget-container\">\n\t\t\t\t\t\t\t\t\t<div class=\"elementor-button-wrapper\">\n\t\t\t\t\t<a class=\"elementor-button elementor-button-link elementor-size-sm\" href=\"https:\/\/www.locationlacannecy.fr\/blog\/high-five-festival-annecy-2025\/\">\n\t\t\t\t\t\t<span class=\"elementor-button-content-wrapper\">\n\t\t\t\t\t\t\t\t\t<span class=\"elementor-button-text\">En savoir plus<\/span>\n\t\t\t\t\t<\/span>\n\t\t\t\t\t<\/a>\n\t\t\t\t<\/div>\n\t\t\t\t\t\t\t\t<\/div>\n\t\t\t\t<\/div>\n\t\t\t\t<\/div>\n\t\t<div class=\"elementor-element elementor-element-8d8dbc1 e-con-full e-flex e-con e-child\" data-id=\"8d8dbc1\" data-element_type=\"container\" data-e-type=\"container\">\n\t\t\t\t<div class=\"elementor-element elementor-element-770ea76 elementor-widget elementor-widget-image\" data-id=\"770ea76\" data-element_type=\"widget\" data-e-type=\"widget\" data-widget_type=\"image.default\">\n\t\t\t\t<div class=\"elementor-widget-container\">\n\t\t\t\t\t\t\t\t\t\t\t\t\t\t\t<img decoding=\"async\" src=\"https:\/\/www.locationlacannecy.fr\/blog\/wp-content\/uploads\/elementor\/thumbs\/Vue-du-lac-dAnnecy-en-automne-pendant-le-festival-2-scaled-rbjyffmtqx7n8h46qvvt66clb2f1ly6kdglw3by200.jpeg\" title=\"Vue du lac d\u2019Annecy en automne pendant le festival-2\" alt=\"Vue du lac d\u2019Annecy en automne pendant le festival\" loading=\"lazy\" \/>\t\t\t\t\t\t\t\t\t\t\t\t\t\t\t<\/div>\n\t\t\t\t<\/div>\n\t\t\t\t<\/div>\n\t\t\t\t\t<\/div>\n\t\t\t\t<\/div>\n\t\t<div class=\"elementor-element elementor-element-b4f7b99 e-flex e-con-boxed e-con e-parent\" data-id=\"b4f7b99\" data-element_type=\"container\" data-e-type=\"container\">\n\t\t\t\t\t<div class=\"e-con-inner\">\n\t\t\t\t<div class=\"elementor-element elementor-element-4522191 elementor-widget elementor-widget-heading\" data-id=\"4522191\" data-element_type=\"widget\" data-e-type=\"widget\" data-widget_type=\"heading.default\">\n\t\t\t\t<div class=\"elementor-widget-container\">\n\t\t\t\t\t<h2 class=\"elementor-heading-title elementor-size-default\">Les \u00e9v\u00e8nements culturels d'Annecy en 2026<\/h2>\t\t\t\t<\/div>\n\t\t\t\t<\/div>\n\t\t\t\t\t<\/div>\n\t\t\t\t<\/div>\n\t\t<div class=\"elementor-element elementor-element-008edaf e-flex e-con-boxed e-con e-parent\" data-id=\"008edaf\" data-element_type=\"container\" data-e-type=\"container\">\n\t\t\t\t\t<div class=\"e-con-inner\">\n\t\t<div class=\"elementor-element elementor-element-28b0575 e-con-full e-flex e-con e-child\" data-id=\"28b0575\" data-element_type=\"container\" data-e-type=\"container\">\n\t\t\t\t<div class=\"elementor-element elementor-element-6c4e7d0 elementor-widget elementor-widget-heading\" data-id=\"6c4e7d0\" data-element_type=\"widget\" data-e-type=\"widget\" data-widget_type=\"heading.default\">\n\t\t\t\t<div class=\"elementor-widget-container\">\n\t\t\t\t\t<h3 class=\"elementor-heading-title elementor-size-default\">Carnaval V\u00e9nitien<\/h3>\t\t\t\t<\/div>\n\t\t\t\t<\/div>\n\t\t\t\t<div class=\"elementor-element elementor-element-50896f3 elementor-widget elementor-widget-text-editor\" data-id=\"50896f3\" data-element_type=\"widget\" data-e-type=\"widget\" data-widget_type=\"text-editor.default\">\n\t\t\t\t<div class=\"elementor-widget-container\">\n\t\t\t\t\t\t\t\t\t<p>Du <strong>27 f\u00e9vrier au 1er mars 2026<\/strong>.<\/p><p>Annuellement, Annecy r\u00e9veille l&#8217;enchantement du <a href=\"https:\/\/www.lac-annecy.com\/fete-et-manifestation\/carnaval-venitien-annecy\/\">carnaval v\u00e9nitien<\/a>. Pendant trois jours, des centaines de participants rev\u00eatent leurs somptueux costumes, empruntant l&#8217;\u00e9l\u00e9gance de la tradition v\u00e9nitienne. Ils d\u00e9ambulent \u00e0 travers la vieille ville, le long des canaux et des rives du lac. Dans le respect de l&#8217;atmosph\u00e8re caract\u00e9ristique de cet \u00e9v\u00e9nement culturel, le d\u00e9fil\u00e9 se d\u00e9roule dans un silence \u00e9vocateur.<\/p>\t\t\t\t\t\t\t\t<\/div>\n\t\t\t\t<\/div>\n\t\t\t\t<div class=\"elementor-element elementor-element-e41e9c7 elementor-widget elementor-widget-button\" data-id=\"e41e9c7\" data-element_type=\"widget\" data-e-type=\"widget\" data-widget_type=\"button.default\">\n\t\t\t\t<div class=\"elementor-widget-container\">\n\t\t\t\t\t\t\t\t\t<div class=\"elementor-button-wrapper\">\n\t\t\t\t\t<a class=\"elementor-button elementor-button-link elementor-size-sm\" href=\"https:\/\/www.locationlacannecy.fr\/blog\/carnaval-venitien-annecy\/\">\n\t\t\t\t\t\t<span class=\"elementor-button-content-wrapper\">\n\t\t\t\t\t\t\t\t\t<span class=\"elementor-button-text\">En savoir plus<\/span>\n\t\t\t\t\t<\/span>\n\t\t\t\t\t<\/a>\n\t\t\t\t<\/div>\n\t\t\t\t\t\t\t\t<\/div>\n\t\t\t\t<\/div>\n\t\t\t\t<\/div>\n\t\t<div class=\"elementor-element elementor-element-3bf8364 e-con-full e-flex e-con e-child\" data-id=\"3bf8364\" data-element_type=\"container\" data-e-type=\"container\">\n\t\t\t\t<div class=\"elementor-element elementor-element-8e60dd0 elementor-widget elementor-widget-image\" data-id=\"8e60dd0\" data-element_type=\"widget\" data-e-type=\"widget\" data-widget_type=\"image.default\">\n\t\t\t\t<div class=\"elementor-widget-container\">\n\t\t\t\t\t\t\t\t\t\t\t\t\t\t\t<img loading=\"lazy\" decoding=\"async\" width=\"600\" height=\"400\" src=\"https:\/\/www.locationlacannecy.fr\/blog\/wp-content\/uploads\/2024\/02\/carnaval-venitien-annecy-evenement.webp\" class=\"attachment-large size-large wp-image-7981\" alt=\"carnaval v\u00e9nitien annecy \u00e9v\u00e9nement\" srcset=\"https:\/\/www.locationlacannecy.fr\/blog\/wp-content\/uploads\/2024\/02\/carnaval-venitien-annecy-evenement.webp 600w, https:\/\/www.locationlacannecy.fr\/blog\/wp-content\/uploads\/2024\/02\/carnaval-venitien-annecy-evenement-300x200.webp 300w\" sizes=\"(max-width: 600px) 100vw, 600px\" \/>\t\t\t\t\t\t\t\t\t\t\t\t\t\t\t<\/div>\n\t\t\t\t<\/div>\n\t\t\t\t<\/div>\n\t\t\t\t\t<\/div>\n\t\t\t\t<\/div>\n\t\t<div class=\"elementor-element elementor-element-988aad8 e-flex e-con-boxed e-con e-parent\" data-id=\"988aad8\" data-element_type=\"container\" data-e-type=\"container\">\n\t\t\t\t\t<div class=\"e-con-inner\">\n\t\t<div class=\"elementor-element elementor-element-a10b004 e-con-full e-flex e-con e-child\" data-id=\"a10b004\" data-element_type=\"container\" data-e-type=\"container\">\n\t\t\t\t<div class=\"elementor-element elementor-element-bf923d6 elementor-widget elementor-widget-heading\" data-id=\"bf923d6\" data-element_type=\"widget\" data-e-type=\"widget\" data-widget_type=\"heading.default\">\n\t\t\t\t<div class=\"elementor-widget-container\">\n\t\t\t\t\t<h3 class=\"elementor-heading-title elementor-size-default\">Les feux d'artifices<\/h3>\t\t\t\t<\/div>\n\t\t\t\t<\/div>\n\t\t\t\t<div class=\"elementor-element elementor-element-47fb16a elementor-widget elementor-widget-text-editor\" data-id=\"47fb16a\" data-element_type=\"widget\" data-e-type=\"widget\" data-widget_type=\"text-editor.default\">\n\t\t\t\t<div class=\"elementor-widget-container\">\n\t\t\t\t\t\t\t\t\t<p>Le <strong>13 et 14 juillet 2026<\/strong>.<\/p><p>Les feux d&#8217;artifices sont tir\u00e9s dans les petites communes autour du lac le 13 Juillet au soir. Le 14 Juillet au soir, la f\u00eate nationale est c\u00e9l\u00e9br\u00e9e \u00e0 Annecy. Des animations sont propos\u00e9es tout au long de la journ\u00e9e sur le P\u00e2quier et dans les Jardins de l\u2019Europe. Nous vous conseillons de louer un bateau et de les regarder depuis le lac, pour pouvoir profiter de tous les feux du bord du lac, \u00e0 360\u00b0.<br \/>Nous pouvons effectuer la r\u00e9servation d&#8217;un bateau avec pilote pour vous : contactez-nous pour cela !<\/p>\t\t\t\t\t\t\t\t<\/div>\n\t\t\t\t<\/div>\n\t\t\t\t<div class=\"elementor-element elementor-element-5ec56e3 elementor-widget elementor-widget-button\" data-id=\"5ec56e3\" data-element_type=\"widget\" data-e-type=\"widget\" data-widget_type=\"button.default\">\n\t\t\t\t<div class=\"elementor-widget-container\">\n\t\t\t\t\t\t\t\t\t<div class=\"elementor-button-wrapper\">\n\t\t\t\t\t<a class=\"elementor-button elementor-button-link elementor-size-sm\" href=\"https:\/\/www.lac-annecy.com\/fete-et-manifestation\/feu-dartifice-du-14-juillet-fete-nationale-annecy\/\">\n\t\t\t\t\t\t<span class=\"elementor-button-content-wrapper\">\n\t\t\t\t\t\t\t\t\t<span class=\"elementor-button-text\">En savoir plus<\/span>\n\t\t\t\t\t<\/span>\n\t\t\t\t\t<\/a>\n\t\t\t\t<\/div>\n\t\t\t\t\t\t\t\t<\/div>\n\t\t\t\t<\/div>\n\t\t\t\t<\/div>\n\t\t<div class=\"elementor-element elementor-element-85e8d39 e-con-full e-flex e-con e-child\" data-id=\"85e8d39\" data-element_type=\"container\" data-e-type=\"container\">\n\t\t\t\t<div class=\"elementor-element elementor-element-92199d2 elementor-widget elementor-widget-image\" data-id=\"92199d2\" data-element_type=\"widget\" data-e-type=\"widget\" data-widget_type=\"image.default\">\n\t\t\t\t<div class=\"elementor-widget-container\">\n\t\t\t\t\t\t\t\t\t\t\t\t\t\t\t<img loading=\"lazy\" decoding=\"async\" width=\"600\" height=\"400\" src=\"https:\/\/www.locationlacannecy.fr\/blog\/wp-content\/uploads\/2024\/02\/feux-artifices-annecy-1.webp\" class=\"attachment-large size-large wp-image-7985\" alt=\"feux d&#039;artifices annecy\" srcset=\"https:\/\/www.locationlacannecy.fr\/blog\/wp-content\/uploads\/2024\/02\/feux-artifices-annecy-1.webp 600w, https:\/\/www.locationlacannecy.fr\/blog\/wp-content\/uploads\/2024\/02\/feux-artifices-annecy-1-300x200.webp 300w\" sizes=\"(max-width: 600px) 100vw, 600px\" \/>\t\t\t\t\t\t\t\t\t\t\t\t\t\t\t<\/div>\n\t\t\t\t<\/div>\n\t\t\t\t<\/div>\n\t\t\t\t\t<\/div>\n\t\t\t\t<\/div>\n\t\t<div class=\"elementor-element elementor-element-e2c1ecd e-flex e-con-boxed e-con e-parent\" data-id=\"e2c1ecd\" data-element_type=\"container\" data-e-type=\"container\">\n\t\t\t\t\t<div class=\"e-con-inner\">\n\t\t<div class=\"elementor-element elementor-element-8cc48c4 e-con-full e-flex e-con e-child\" data-id=\"8cc48c4\" data-element_type=\"container\" data-e-type=\"container\">\n\t\t\t\t<div class=\"elementor-element elementor-element-4b2fa6c elementor-widget elementor-widget-heading\" data-id=\"4b2fa6c\" data-element_type=\"widget\" data-e-type=\"widget\" data-widget_type=\"heading.default\">\n\t\t\t\t<div class=\"elementor-widget-container\">\n\t\t\t\t\t<h3 class=\"elementor-heading-title elementor-size-default\">La descente des Alpages<\/h3>\t\t\t\t<\/div>\n\t\t\t\t<\/div>\n\t\t\t\t<div class=\"elementor-element elementor-element-a8ae704 elementor-widget elementor-widget-text-editor\" data-id=\"a8ae704\" data-element_type=\"widget\" data-e-type=\"widget\" data-widget_type=\"text-editor.default\">\n\t\t\t\t<div class=\"elementor-widget-container\">\n\t\t\t\t\t\t\t\t\t<p>Le <strong>10 octobre 2026<\/strong>.<\/p><p>La Descente des Alpages \u00e0 Annecy est une f\u00eate ancestrale c\u00e9l\u00e9brant le retour des troupeaux des alpages. Cet <a href=\"https:\/\/www.la-descente-des-alpages.fr\/\">\u00e9v\u00e9nement<\/a> traditionnel, datant du Moyen-\u00c2ge, propose une ambiance authentique avec un d\u00e9fil\u00e9 de plus de 600 animaux, des d\u00e9monstrations artisanales, et la d\u00e9gustation de d\u00e9lices savoyards. Plongez dans la culture locale lors de cette journ\u00e9e embl\u00e9matique !<\/p>\t\t\t\t\t\t\t\t<\/div>\n\t\t\t\t<\/div>\n\t\t\t\t<div class=\"elementor-element elementor-element-5b9fc1f elementor-widget elementor-widget-button\" data-id=\"5b9fc1f\" data-element_type=\"widget\" data-e-type=\"widget\" data-widget_type=\"button.default\">\n\t\t\t\t<div class=\"elementor-widget-container\">\n\t\t\t\t\t\t\t\t\t<div class=\"elementor-button-wrapper\">\n\t\t\t\t\t<a class=\"elementor-button elementor-button-link elementor-size-sm\" href=\"https:\/\/www.locationlacannecy.fr\/blog\/descente-des-alpages\/\">\n\t\t\t\t\t\t<span class=\"elementor-button-content-wrapper\">\n\t\t\t\t\t\t\t\t\t<span class=\"elementor-button-text\">En savoir plus<\/span>\n\t\t\t\t\t<\/span>\n\t\t\t\t\t<\/a>\n\t\t\t\t<\/div>\n\t\t\t\t\t\t\t\t<\/div>\n\t\t\t\t<\/div>\n\t\t\t\t<\/div>\n\t\t<div class=\"elementor-element elementor-element-36dddd0 e-con-full e-flex e-con e-child\" data-id=\"36dddd0\" data-element_type=\"container\" data-e-type=\"container\">\n\t\t\t\t<div class=\"elementor-element elementor-element-5e15bef elementor-widget elementor-widget-image\" data-id=\"5e15bef\" data-element_type=\"widget\" data-e-type=\"widget\" data-widget_type=\"image.default\">\n\t\t\t\t<div class=\"elementor-widget-container\">\n\t\t\t\t\t\t\t\t\t\t\t\t\t\t\t<img loading=\"lazy\" decoding=\"async\" width=\"600\" height=\"400\" src=\"https:\/\/www.locationlacannecy.fr\/blog\/wp-content\/uploads\/2024\/02\/descente-des-alpages-evenement-annecy.webp\" class=\"attachment-large size-large wp-image-7987\" alt=\"descente des alpages \u00e9v\u00e9nement annecy\" srcset=\"https:\/\/www.locationlacannecy.fr\/blog\/wp-content\/uploads\/2024\/02\/descente-des-alpages-evenement-annecy.webp 600w, https:\/\/www.locationlacannecy.fr\/blog\/wp-content\/uploads\/2024\/02\/descente-des-alpages-evenement-annecy-300x200.webp 300w\" sizes=\"(max-width: 600px) 100vw, 600px\" \/>\t\t\t\t\t\t\t\t\t\t\t\t\t\t\t<\/div>\n\t\t\t\t<\/div>\n\t\t\t\t<\/div>\n\t\t\t\t\t<\/div>\n\t\t\t\t<\/div>\n\t\t<div class=\"elementor-element elementor-element-abb73a6 e-flex e-con-boxed e-con e-parent\" data-id=\"abb73a6\" data-element_type=\"container\" data-e-type=\"container\">\n\t\t\t\t\t<div class=\"e-con-inner\">\n\t\t<div class=\"elementor-element elementor-element-31f4fed e-con-full e-flex e-con e-child\" data-id=\"31f4fed\" data-element_type=\"container\" data-e-type=\"container\">\n\t\t\t\t<div class=\"elementor-element elementor-element-1cdd1ad elementor-widget elementor-widget-heading\" data-id=\"1cdd1ad\" data-element_type=\"widget\" data-e-type=\"widget\" data-widget_type=\"heading.default\">\n\t\t\t\t<div class=\"elementor-widget-container\">\n\t\t\t\t\t<h3 class=\"elementor-heading-title elementor-size-default\">Le No\u00ebl des Alpes<\/h3>\t\t\t\t<\/div>\n\t\t\t\t<\/div>\n\t\t\t\t<div class=\"elementor-element elementor-element-52bcad4 elementor-widget elementor-widget-text-editor\" data-id=\"52bcad4\" data-element_type=\"widget\" data-e-type=\"widget\" data-widget_type=\"text-editor.default\">\n\t\t\t\t<div class=\"elementor-widget-container\">\n\t\t\t\t\t\t\t\t\t<p>De <strong>fin novembre \u00e0 d\u00e9but janvier<\/strong>.<\/p><p>Le No\u00ebl des Alpes est l&#8217;\u00e9v\u00e9nement phare tant attendu par les habitants d&#8217;Annecy. Chaque ann\u00e9e, cette manifestation tr\u00e8s pris\u00e9e r\u00e9unit 80 chalets offrant une vari\u00e9t\u00e9 d&#8217;id\u00e9es cadeaux et de d\u00e9lices culinaires appr\u00e9ci\u00e9s de tous : vin chaud, sandwichs \u00e0 la raclette, fondues, tartiflettes, polenta, churros, et bien d&#8217;autres encore \u00e0 d\u00e9couvrir sur place ! Vous pourrez \u00e9galement profiter des illuminations magnifiques sur l&#8217;H\u00f4tel de Ville.<\/p>\t\t\t\t\t\t\t\t<\/div>\n\t\t\t\t<\/div>\n\t\t\t\t<div class=\"elementor-element elementor-element-955ece3 elementor-widget elementor-widget-button\" data-id=\"955ece3\" data-element_type=\"widget\" data-e-type=\"widget\" data-widget_type=\"button.default\">\n\t\t\t\t<div class=\"elementor-widget-container\">\n\t\t\t\t\t\t\t\t\t<div class=\"elementor-button-wrapper\">\n\t\t\t\t\t<a class=\"elementor-button elementor-button-link elementor-size-sm\" href=\"https:\/\/www.locationlacannecy.fr\/blog\/noel-alpes-annecy\/\">\n\t\t\t\t\t\t<span class=\"elementor-button-content-wrapper\">\n\t\t\t\t\t\t\t\t\t<span class=\"elementor-button-text\">En savoir plus<\/span>\n\t\t\t\t\t<\/span>\n\t\t\t\t\t<\/a>\n\t\t\t\t<\/div>\n\t\t\t\t\t\t\t\t<\/div>\n\t\t\t\t<\/div>\n\t\t\t\t<\/div>\n\t\t<div class=\"elementor-element elementor-element-7c3a647 e-con-full e-flex e-con e-child\" data-id=\"7c3a647\" data-element_type=\"container\" data-e-type=\"container\">\n\t\t\t\t<div class=\"elementor-element elementor-element-a135ec9 elementor-widget elementor-widget-image\" data-id=\"a135ec9\" data-element_type=\"widget\" data-e-type=\"widget\" data-widget_type=\"image.default\">\n\t\t\t\t<div class=\"elementor-widget-container\">\n\t\t\t\t\t\t\t\t\t\t\t\t\t\t\t<img decoding=\"async\" src=\"https:\/\/www.locationlacannecy.fr\/blog\/wp-content\/uploads\/elementor\/thumbs\/marche-noel-annecy-qv2350v0yachx337xj60nsalcv1hgniuptip0m7mw0.jpg\" title=\"marche-noel-annecy\" alt=\"marche-noel-annecy\" loading=\"lazy\" \/>\t\t\t\t\t\t\t\t\t\t\t\t\t\t\t<\/div>\n\t\t\t\t<\/div>\n\t\t\t\t<\/div>\n\t\t\t\t\t<\/div>\n\t\t\t\t<\/div>\n\t\t<div class=\"elementor-element elementor-element-b11a6a8 e-flex e-con-boxed e-con e-parent\" data-id=\"b11a6a8\" data-element_type=\"container\" data-e-type=\"container\">\n\t\t\t\t\t<div class=\"e-con-inner\">\n\t\t<div class=\"elementor-element elementor-element-9fb6c18 e-con-full e-flex e-con e-child\" data-id=\"9fb6c18\" data-element_type=\"container\" data-e-type=\"container\">\n\t\t\t\t<div class=\"elementor-element elementor-element-e5a1499 elementor-widget elementor-widget-heading\" data-id=\"e5a1499\" data-element_type=\"widget\" data-e-type=\"widget\" data-widget_type=\"heading.default\">\n\t\t\t\t<div class=\"elementor-widget-container\">\n\t\t\t\t\t<h3 class=\"elementor-heading-title elementor-size-default\">La Foire de la Saint-Andr\u00e9<\/h3>\t\t\t\t<\/div>\n\t\t\t\t<\/div>\n\t\t\t\t<div class=\"elementor-element elementor-element-0588aa8 elementor-widget elementor-widget-text-editor\" data-id=\"0588aa8\" data-element_type=\"widget\" data-e-type=\"widget\" data-widget_type=\"text-editor.default\">\n\t\t\t\t<div class=\"elementor-widget-container\">\n\t\t\t\t\t\t\t\t\t<p>Probablement le<strong> 1er d\u00e9cembre 2026<\/strong>.<\/p><p>Depuis plus de cinq si\u00e8cles, la Foire Saint-Andr\u00e9 demeure un \u00e9v\u00e9nement historique, remontant au Moyen-\u00c2ge. \u00c0 l&#8217;origine, elle permettait aux habitants des campagnes de se procurer des produits introuvables dans leurs villages. Aujourd&#8217;hui, cette foire embl\u00e9matique rassemble toujours plus d&#8217;un millier de stands \u00e0 travers la ville. Vous y trouverez une multitude d&#8217;articles, allant des ustensiles de cuisine aux sp\u00e9cialit\u00e9s savoyardes en passant par les v\u00eatements, les chaussures et les gadgets.<\/p>\t\t\t\t\t\t\t\t<\/div>\n\t\t\t\t<\/div>\n\t\t\t\t<div class=\"elementor-element elementor-element-20c7e7f elementor-widget elementor-widget-button\" data-id=\"20c7e7f\" data-element_type=\"widget\" data-e-type=\"widget\" data-widget_type=\"button.default\">\n\t\t\t\t<div class=\"elementor-widget-container\">\n\t\t\t\t\t\t\t\t\t<div class=\"elementor-button-wrapper\">\n\t\t\t\t\t<a class=\"elementor-button elementor-button-link elementor-size-sm\" href=\"https:\/\/www.locationlacannecy.fr\/blog\/la-foire-saint-andre\/\">\n\t\t\t\t\t\t<span class=\"elementor-button-content-wrapper\">\n\t\t\t\t\t\t\t\t\t<span class=\"elementor-button-text\">En savoir plus<\/span>\n\t\t\t\t\t<\/span>\n\t\t\t\t\t<\/a>\n\t\t\t\t<\/div>\n\t\t\t\t\t\t\t\t<\/div>\n\t\t\t\t<\/div>\n\t\t\t\t<\/div>\n\t\t<div class=\"elementor-element elementor-element-99bf06f e-con-full e-flex e-con e-child\" data-id=\"99bf06f\" data-element_type=\"container\" data-e-type=\"container\">\n\t\t\t\t<div class=\"elementor-element elementor-element-51135ee elementor-widget elementor-widget-image\" data-id=\"51135ee\" data-element_type=\"widget\" data-e-type=\"widget\" data-widget_type=\"image.default\">\n\t\t\t\t<div class=\"elementor-widget-container\">\n\t\t\t\t\t\t\t\t\t\t\t\t\t\t\t<img decoding=\"async\" src=\"https:\/\/www.locationlacannecy.fr\/blog\/wp-content\/uploads\/elementor\/thumbs\/Foire-Saint-Andre-a-Annecy-visiter-qv26betyngxosqxmzh6klf4ztx8j6mmwrzkwhulvog.jpg\" title=\"Foire-Saint-Andre-a-Annecy-visiter\" alt=\"Foire-Saint-Andre-a-Annecy-visiter\" loading=\"lazy\" \/>\t\t\t\t\t\t\t\t\t\t\t\t\t\t\t<\/div>\n\t\t\t\t<\/div>\n\t\t\t\t<\/div>\n\t\t\t\t\t<\/div>\n\t\t\t\t<\/div>\n\t\t<div class=\"elementor-element elementor-element-4bc7e8f e-flex e-con-boxed e-con e-parent\" data-id=\"4bc7e8f\" data-element_type=\"container\" data-e-type=\"container\">\n\t\t\t\t\t<div class=\"e-con-inner\">\n\t\t\t\t<div class=\"elementor-element elementor-element-a084aab elementor-widget elementor-widget-heading\" data-id=\"a084aab\" data-element_type=\"widget\" data-e-type=\"widget\" data-widget_type=\"heading.default\">\n\t\t\t\t<div class=\"elementor-widget-container\">\n\t\t\t\t\t<h2 class=\"elementor-heading-title elementor-size-default\">R\u00e9servez votre logement avec LLA Selections et profitez des \u00e9v\u00e9nements \u00e0 Annecy<\/h2>\t\t\t\t<\/div>\n\t\t\t\t<\/div>\n\t\t\t\t<div class=\"elementor-element elementor-element-ff22dae elementor-widget elementor-widget-text-editor\" data-id=\"ff22dae\" data-element_type=\"widget\" data-e-type=\"widget\" data-widget_type=\"text-editor.default\">\n\t\t\t\t<div class=\"elementor-widget-container\">\n\t\t\t\t\t\t\t\t\t<p>Et surtout, n&#8217;oubliez pas de planifier votre s\u00e9jour afin de b\u00e9n\u00e9ficier des meilleures offres avec notre agence <a href=\"https:\/\/www.locationlacannecy.fr\/\">LLA Selections by locationlacannecy<\/a> et surtout d&#8217;un vaste choix d&#8217;appartements et de maisons au bord du lac ! C&#8217;est l&#8217;occasion id\u00e9ale pour profiter pleinement des \u00e9v\u00e9nements \u00e0 Annecy.<\/p>\t\t\t\t\t\t\t\t<\/div>\n\t\t\t\t<\/div>\n\t\t\t\t<div class=\"elementor-element elementor-element-094b455 elementor-widget elementor-widget-grid\" data-id=\"094b455\" data-element_type=\"widget\" data-e-type=\"widget\" data-widget_type=\"grid.default\">\n\t\t\t\t<div class=\"elementor-widget-container\">\n\t\t\t\t\t\t\t<div class=\"its--row alojamientos-recomendados\">\n\n\t\t\t<div class=\"alojamientos-recomendados-container\">\n\n\t\t\t\t\t\n\t\t\t\t\t<a href=\"https:\/\/www.locationlacannecy.fr\/location\/maison-saint-jorioz-cosy-spirit-5-maison-au-calme-avec-vue-123506.html\" rel=\"nofollow\" style=\"width: 23%;\">\n\t\t\t\t\t\t<div class=\"apartamento-box\">\n\t\t\t\t\t\t\t<div class=\"imagen_recomendados\">\n\t\t\t\t\t\t\t\t<img decoding=\"async\" src=\"https:\/\/crs.avantio.com\/fotos\/2\/14041365219c289bbf1e388afa5cdd540371e75aa9\/big165579757892666f31bf503c05d3495bc5fdc0593d.jpg\" alt=\"Cosy spirit 5*,Maison au Calme avec vue\">\n\t\t\t\t\t\t\t<\/div>\n\t\t\t\t\t\t\t<div class=\"info\">\n\t\t\t\t\t\t\t\t<div class=\"ubicacion\">\n\t\t\t\t\t\t\t\t\t<i class=\"fa-solid fa-location-dot icono-mapa\"><\/i><span class=\"ubicacion-texto\">Saint-Jorioz - Haute-Savoie <\/span>\n\t\t\t\t\t\t\t\t<\/div>\n\t\t\t\t\t\t\t\t<H3 class=\"titulo-alojamiento\">\n\t\t\t\t\t\t\t\t\tCosy spirit 5*,Maison au Calme avec vue\t\t\t\t\t\t\t\t<\/H3>\n\t\t\t\t\t\t\t\t<p class=\"precio-alojamiento\">\u00c0 partir de <span class=\"precio\">295.00\u20ac<\/span> par nuit<\/p>\n\t\t\t\t\t\t\t<\/div>\n\t\t\t\t\t\t<\/div>\n\t\t\t\t\t<\/a> \n\t\t\t\t\t\t\n\t\t\t\t\t<a href=\"https:\/\/www.locationlacannecy.fr\/location\/appartement-duingt-les-libellules-pieds-dans-l-eau-124515.html\" rel=\"nofollow\" style=\"width: 23%;\">\n\t\t\t\t\t\t<div class=\"apartamento-box\">\n\t\t\t\t\t\t\t<div class=\"imagen_recomendados\">\n\t\t\t\t\t\t\t\t<img decoding=\"async\" src=\"https:\/\/crs.avantio.com\/fotos\/2\/1404059553ce938fb0fd741081ee4fe083eef48b6c\/big15159291561ab045bf62c3df581ba8cfe7f281b59c.jpg\" alt=\"LES LIBELLULES - Pieds dans l'eau\">\n\t\t\t\t\t\t\t<\/div>\n\t\t\t\t\t\t\t<div class=\"info\">\n\t\t\t\t\t\t\t\t<div class=\"ubicacion\">\n\t\t\t\t\t\t\t\t\t<i class=\"fa-solid fa-location-dot icono-mapa\"><\/i><span class=\"ubicacion-texto\">Duingt - Haute-Savoie <\/span>\n\t\t\t\t\t\t\t\t<\/div>\n\t\t\t\t\t\t\t\t<H3 class=\"titulo-alojamiento\">\n\t\t\t\t\t\t\t\t\tLES LIBELLULES - Pieds dans l'eau\t\t\t\t\t\t\t\t<\/H3>\n\t\t\t\t\t\t\t\t<p class=\"precio-alojamiento\">\u00c0 partir de <span class=\"precio\">125.44\u20ac<\/span> par nuit<\/p>\n\t\t\t\t\t\t\t<\/div>\n\t\t\t\t\t\t<\/div>\n\t\t\t\t\t<\/a> \n\t\t\t\t\t\t\n\t\t\t\t\t<a href=\"https:\/\/www.locationlacannecy.fr\/location\/maison-duingt-duingt-vignet-maison-de-famille-6pax-126068.html\" rel=\"nofollow\" style=\"width: 23%;\">\n\t\t\t\t\t\t<div class=\"apartamento-box\">\n\t\t\t\t\t\t\t<div class=\"imagen_recomendados\">\n\t\t\t\t\t\t\t\t<img decoding=\"async\" src=\"https:\/\/crs.avantio.com\/fotos\/2\/1410529625efdb6205580f4576fab9d22b0ed809b8\/big1736248355e1dd6f304114cc30f6cbc1bd3365ab6c.jpg\" alt=\"DUINGT Vignet - Maison de Famille 6pax\">\n\t\t\t\t\t\t\t<\/div>\n\t\t\t\t\t\t\t<div class=\"info\">\n\t\t\t\t\t\t\t\t<div class=\"ubicacion\">\n\t\t\t\t\t\t\t\t\t<i class=\"fa-solid fa-location-dot icono-mapa\"><\/i><span class=\"ubicacion-texto\">Duingt - Haute-Savoie <\/span>\n\t\t\t\t\t\t\t\t<\/div>\n\t\t\t\t\t\t\t\t<H3 class=\"titulo-alojamiento\">\n\t\t\t\t\t\t\t\t\tDUINGT Vignet - Maison de Famille 6pax\t\t\t\t\t\t\t\t<\/H3>\n\t\t\t\t\t\t\t\t<p class=\"precio-alojamiento\">\u00c0 partir de <span class=\"precio\">120.96\u20ac<\/span> par nuit<\/p>\n\t\t\t\t\t\t\t<\/div>\n\t\t\t\t\t\t<\/div>\n\t\t\t\t\t<\/a> \n\t\t\t\t\t\t\n\t\t\t\t\t<a href=\"https:\/\/www.locationlacannecy.fr\/location\/chalet-veyrier-du-lac-veyrier-cottage-de-charme-en-duplex-vue-lac-131223.html\" rel=\"nofollow\" style=\"width: 23%;\">\n\t\t\t\t\t\t<div class=\"apartamento-box\">\n\t\t\t\t\t\t\t<div class=\"imagen_recomendados\">\n\t\t\t\t\t\t\t\t<img decoding=\"async\" src=\"https:\/\/crs.avantio.com\/fotos\/2\/1420997884794653bde8598a6a91704ba7a8a552cb\/big14575876048e67d83cd3d915cc32bd6b103d644ec6.jpg\" alt=\"VEYRIER - Cottage de Charme en Duplex Vue Lac\">\n\t\t\t\t\t\t\t<\/div>\n\t\t\t\t\t\t\t<div class=\"info\">\n\t\t\t\t\t\t\t\t<div class=\"ubicacion\">\n\t\t\t\t\t\t\t\t\t<i class=\"fa-solid fa-location-dot icono-mapa\"><\/i><span class=\"ubicacion-texto\">Veyrier-du-Lac - Haute-Savoie <\/span>\n\t\t\t\t\t\t\t\t<\/div>\n\t\t\t\t\t\t\t\t<H3 class=\"titulo-alojamiento\">\n\t\t\t\t\t\t\t\t\tVEYRIER - Cottage de Charme en Duplex Vue Lac\t\t\t\t\t\t\t\t<\/H3>\n\t\t\t\t\t\t\t\t<p class=\"precio-alojamiento\">\u00c0 partir de <span class=\"precio\">94.08\u20ac<\/span> par nuit<\/p>\n\t\t\t\t\t\t\t<\/div>\n\t\t\t\t\t\t<\/div>\n\t\t\t\t\t<\/a> \n\t\t\t\t\t\t\t\t<\/div>\n\t\t\t<\/div>\n\t\t\t\t\t\t<\/div>\n\t\t\t\t<\/div>\n\t\t\t\t\t<\/div>\n\t\t\t\t<\/div>\n\t\t<div class=\"elementor-element elementor-element-294f8af e-flex e-con-boxed e-con e-parent\" data-id=\"294f8af\" data-element_type=\"container\" data-e-type=\"container\">\n\t\t\t\t\t<div class=\"e-con-inner\">\n\t\t\t\t<div class=\"elementor-element elementor-element-c33f672 elementor-widget elementor-widget-text-editor\" data-id=\"c33f672\" data-element_type=\"widget\" data-e-type=\"widget\" data-widget_type=\"text-editor.default\">\n\t\t\t\t<div class=\"elementor-widget-container\">\n\t\t\t\t\t\t\t\t\t<p>Nous serons ravis de vous faire explorer notre r\u00e9gion et de vous aider \u00e0 organiser un s\u00e9jour sur mesure gr\u00e2ce \u00e0 notre <a href=\"https:\/\/www.locationlacannecy.fr\/blog\/conciergerie-annecy-lla-selections\/\">service de conciergerie<\/a> et \u00e0 nos partenaires locaux. Nous travaillons en \u00e9troite collaboration avec eux pour perfectionner notre service prestige chaque jour davantage !<\/p><p>Retrouvez nous \u00e9galement sur nos <a href=\"https:\/\/www.locationlacannecy.fr\/blog\/les-reseaux-sociaux-de-lla-selections\/\">r\u00e9seaux sociaux<\/a> pour suivre toute l\u2019actualit\u00e9 !<\/p>\t\t\t\t\t\t\t\t<\/div>\n\t\t\t\t<\/div>\n\t\t\t\t\t<\/div>\n\t\t\t\t<\/div>\n\t\t<div class=\"elementor-element elementor-element-0faf6d0 e-flex e-con-boxed e-con e-parent\" data-id=\"0faf6d0\" data-element_type=\"container\" data-e-type=\"container\">\n\t\t\t\t\t<div class=\"e-con-inner\">\n\t\t\t\t<div class=\"elementor-element elementor-element-e33601d elementor-widget elementor-widget-template\" data-id=\"e33601d\" data-element_type=\"widget\" data-e-type=\"widget\" data-widget_type=\"template.default\">\n\t\t\t\t<div class=\"elementor-widget-container\">\n\t\t\t\t\t\t\t<div class=\"elementor-template\">\n\t\t\t\t\t<div data-elementor-type=\"container\" data-elementor-id=\"2863\" class=\"elementor elementor-2863 elementor-2924 elementor-2924\" data-elementor-post-type=\"elementor_library\">\n\t\t\t\t<div class=\"elementor-element elementor-element-794180e0 e-flex e-con-boxed e-con e-parent\" data-id=\"794180e0\" data-element_type=\"container\" data-e-type=\"container\">\n\t\t\t\t\t<div class=\"e-con-inner\">\n\t\t<div class=\"elementor-element elementor-element-7bd67a93 e-con-full e-flex e-con e-child\" data-id=\"7bd67a93\" data-element_type=\"container\" data-e-type=\"container\">\n\t\t\t\t<div class=\"elementor-element elementor-element-4d6f49e0 elementor-cta--skin-cover elementor-cta--valign-bottom elementor-animated-content elementor-bg-transform elementor-bg-transform-zoom-in elementor-widget elementor-widget-call-to-action\" data-id=\"4d6f49e0\" data-element_type=\"widget\" data-e-type=\"widget\" data-widget_type=\"call-to-action.default\">\n\t\t\t\t<div class=\"elementor-widget-container\">\n\t\t\t\t\t\t\t<div class=\"elementor-cta\">\n\t\t\t\t\t<div class=\"elementor-cta__bg-wrapper\">\n\t\t\t\t<div class=\"elementor-cta__bg elementor-bg\" style=\"background-image: url(https:\/\/www.locationlacannecy.fr\/blog\/wp-content\/uploads\/2025\/01\/location-saisonniere-lac-annecy-france-1.webp);\" role=\"img\" aria-label=\"location saisonni\u00e8re lac annecy france\"><\/div>\n\t\t\t\t<div class=\"elementor-cta__bg-overlay\"><\/div>\n\t\t\t<\/div>\n\t\t\t\t\t\t\t<div class=\"elementor-cta__content\">\n\t\t\t\t\n\t\t\t\t\n\t\t\t\t\n\t\t\t\t\t\t\t\t\t<div class=\"elementor-cta__button-wrapper elementor-cta__content-item elementor-content-item elementor-animated-item--grow\">\n\t\t\t\t\t<a class=\"elementor-cta__button elementor-button elementor-size-\" href=\"https:\/\/www.locationlacannecy.fr\/location-vacances-lac-annecy\/\">\n\t\t\t\t\t\tLOCATIONS LAC ANNECY\t\t\t\t\t<\/a>\n\t\t\t\t\t<\/div>\n\t\t\t\t\t\t\t<\/div>\n\t\t\t\t\t\t<\/div>\n\t\t\t\t\t\t<\/div>\n\t\t\t\t<\/div>\n\t\t\t\t<\/div>\n\t\t<div class=\"elementor-element elementor-element-6ae81fc2 e-con-full e-flex e-con e-child\" data-id=\"6ae81fc2\" data-element_type=\"container\" data-e-type=\"container\">\n\t\t\t\t<div class=\"elementor-element elementor-element-d5b7aa0 elementor-cta--skin-cover elementor-cta--valign-bottom elementor-animated-content elementor-bg-transform elementor-bg-transform-zoom-in elementor-widget elementor-widget-call-to-action\" data-id=\"d5b7aa0\" data-element_type=\"widget\" data-e-type=\"widget\" data-widget_type=\"call-to-action.default\">\n\t\t\t\t<div class=\"elementor-widget-container\">\n\t\t\t\t\t\t\t<div class=\"elementor-cta\">\n\t\t\t\t\t<div class=\"elementor-cta__bg-wrapper\">\n\t\t\t\t<div class=\"elementor-cta__bg elementor-bg\" style=\"background-image: url(https:\/\/www.locationlacannecy.fr\/blog\/wp-content\/uploads\/2024\/12\/appartements-vacances-lac-annecy.webp);\" role=\"img\" aria-label=\"appartements vacances lac annecy\"><\/div>\n\t\t\t\t<div class=\"elementor-cta__bg-overlay\"><\/div>\n\t\t\t<\/div>\n\t\t\t\t\t\t\t<div class=\"elementor-cta__content\">\n\t\t\t\t\n\t\t\t\t\n\t\t\t\t\n\t\t\t\t\t\t\t\t\t<div class=\"elementor-cta__button-wrapper elementor-cta__content-item elementor-content-item elementor-animated-item--grow\">\n\t\t\t\t\t<a class=\"elementor-cta__button elementor-button elementor-size-\" href=\"https:\/\/www.locationlacannecy.fr\/appartements-vacances-lac-annecy\/\">\n\t\t\t\t\t\tAPPARTEMENTS LAC ANNECY\t\t\t\t\t<\/a>\n\t\t\t\t\t<\/div>\n\t\t\t\t\t\t\t<\/div>\n\t\t\t\t\t\t<\/div>\n\t\t\t\t\t\t<\/div>\n\t\t\t\t<\/div>\n\t\t\t\t<\/div>\n\t\t<div class=\"elementor-element elementor-element-42fcb376 e-con-full e-flex e-con e-child\" data-id=\"42fcb376\" data-element_type=\"container\" data-e-type=\"container\">\n\t\t\t\t<div class=\"elementor-element elementor-element-4b19f703 elementor-cta--skin-cover elementor-cta--valign-bottom elementor-animated-content elementor-bg-transform elementor-bg-transform-zoom-in elementor-widget elementor-widget-call-to-action\" data-id=\"4b19f703\" data-element_type=\"widget\" data-e-type=\"widget\" data-widget_type=\"call-to-action.default\">\n\t\t\t\t<div class=\"elementor-widget-container\">\n\t\t\t\t\t\t\t<div class=\"elementor-cta\">\n\t\t\t\t\t<div class=\"elementor-cta__bg-wrapper\">\n\t\t\t\t<div class=\"elementor-cta__bg elementor-bg\" style=\"background-image: url(https:\/\/www.locationlacannecy.fr\/blog\/wp-content\/uploads\/2024\/12\/maisons-vacances-lac-annecy.webp);\" role=\"img\" aria-label=\"maisons-vacances-lac-annecy\"><\/div>\n\t\t\t\t<div class=\"elementor-cta__bg-overlay\"><\/div>\n\t\t\t<\/div>\n\t\t\t\t\t\t\t<div class=\"elementor-cta__content\">\n\t\t\t\t\n\t\t\t\t\n\t\t\t\t\n\t\t\t\t\t\t\t\t\t<div class=\"elementor-cta__button-wrapper elementor-cta__content-item elementor-content-item elementor-animated-item--grow\">\n\t\t\t\t\t<a class=\"elementor-cta__button elementor-button elementor-size-\" href=\"https:\/\/www.locationlacannecy.fr\/location\/maisons-lac-annecy-c19z1932\/\">\n\t\t\t\t\t\tMAISONS LAC ANNECY\t\t\t\t\t<\/a>\n\t\t\t\t\t<\/div>\n\t\t\t\t\t\t\t<\/div>\n\t\t\t\t\t\t<\/div>\n\t\t\t\t\t\t<\/div>\n\t\t\t\t<\/div>\n\t\t\t\t<\/div>\n\t\t\t\t\t<\/div>\n\t\t\t\t<\/div>\n\t\t\t\t<\/div>\n\t\t\t\t<\/div>\n\t\t\t\t\t\t<\/div>\n\t\t\t\t<\/div>\n\t\t\t\t\t<\/div>\n\t\t\t\t<\/div>\n\t\t\t\t<\/div>\n\t\t","protected":false},"excerpt":{"rendered":"<p>\u2728 Bienvenue \u00e0 Annecy ! Cette ann\u00e9e promet d&#8217;\u00eatre riche en \u00e9v\u00e9nements palpitants, allant des festivals culturels aux comp\u00e9titions sportives de renomm\u00e9e. Nich\u00e9e au c\u0153ur des Alpes fran\u00e7aises, cette ville pittoresque offre une multitude d&#8217;activit\u00e9s de plein air et de divertissements pour tous les go\u00fbts. D\u00e9couvrez ce que la perle des Alpes a \u00e0 offrir [&hellip;]<\/p>\n","protected":false},"author":2,"featured_media":1326,"comment_status":"open","ping_status":"open","sticky":false,"template":"","format":"standard","meta":{"footnotes":""},"categories":[77,15],"tags":[59,19,30,25,27],"class_list":["post-1304","post","type-post","status-publish","format-standard","has-post-thumbnail","hentry","category-evenements","category-lac-annecy","tag-59","tag-annecy-la-venise-des-alpes","tag-evenements","tag-location-saisonniere","tag-vacances"],"yoast_head":"<!-- This site is optimized with the Yoast SEO plugin v27.4 - https:\/\/yoast.com\/product\/yoast-seo-wordpress\/ -->\n<title>\u00c9v\u00e8nements \u00e0 Annecy - Calendrier 2026 - Tourisme au Lac d&#039;Annecy et dans les Alpes du Nord<\/title>\n<meta name=\"description\" content=\"D\u00e9couvrez tous les \u00e9v\u00e9nements \u00e0 Annecy en 2026 ! Festivit\u00e9s et sorties au bord du lac : consultez notre calendrier complet !\" \/>\n<meta name=\"robots\" content=\"index, follow, max-snippet:-1, max-image-preview:large, max-video-preview:-1\" \/>\n<link rel=\"canonical\" href=\"https:\/\/www.locationlacannecy.fr\/blog\/evenements-annecy-calendrier\/\" \/>\n<meta property=\"og:locale\" content=\"fr_FR\" \/>\n<meta property=\"og:type\" content=\"article\" \/>\n<meta property=\"og:title\" content=\"\u00c9v\u00e8nements \u00e0 Annecy - Calendrier 2026 - Tourisme au Lac d&#039;Annecy et dans les Alpes du Nord\" \/>\n<meta property=\"og:description\" content=\"D\u00e9couvrez tous les \u00e9v\u00e9nements \u00e0 Annecy en 2026 ! Festivit\u00e9s et sorties au bord du lac : consultez notre calendrier complet !\" \/>\n<meta property=\"og:url\" content=\"https:\/\/www.locationlacannecy.fr\/blog\/evenements-annecy-calendrier\/\" \/>\n<meta property=\"og:site_name\" content=\"Tourisme au Lac d&#039;Annecy et dans les Alpes du Nord\" \/>\n<meta property=\"article:publisher\" content=\"https:\/\/www.facebook.com\/locationlacannecy\" \/>\n<meta property=\"article:author\" content=\"https:\/\/www.facebook.com\/locationsaisonnieredeluxealpesetlacs\" \/>\n<meta property=\"article:published_time\" content=\"2024-02-16T15:26:29+00:00\" \/>\n<meta property=\"article:modified_time\" content=\"2026-02-18T07:16:50+00:00\" \/>\n<meta property=\"og:image\" content=\"https:\/\/www.locationlacannecy.fr\/blog\/wp-content\/uploads\/2024\/02\/paysafe.png\" \/>\n\t<meta property=\"og:image:width\" content=\"1080\" \/>\n\t<meta property=\"og:image:height\" content=\"566\" \/>\n\t<meta property=\"og:image:type\" content=\"image\/png\" \/>\n<meta name=\"author\" content=\"locationlacannecy\" \/>\n<meta name=\"twitter:card\" content=\"summary_large_image\" \/>\n<meta name=\"twitter:label1\" content=\"Written by\" \/>\n\t<meta name=\"twitter:data1\" content=\"locationlacannecy\" \/>\n\t<meta name=\"twitter:label2\" content=\"Est. reading time\" \/>\n\t<meta name=\"twitter:data2\" content=\"12 minutes\" \/>\n<script type=\"application\/ld+json\" class=\"yoast-schema-graph\">{\"@context\":\"https:\\\/\\\/schema.org\",\"@graph\":[{\"@type\":\"Article\",\"@id\":\"https:\\\/\\\/www.locationlacannecy.fr\\\/blog\\\/evenements-annecy-calendrier\\\/#article\",\"isPartOf\":{\"@id\":\"https:\\\/\\\/www.locationlacannecy.fr\\\/blog\\\/evenements-annecy-calendrier\\\/\"},\"author\":{\"name\":\"locationlacannecy\",\"@id\":\"https:\\\/\\\/www.locationlacannecy.fr\\\/blog\\\/#\\\/schema\\\/person\\\/7fab390e122a0e75a3a1e342801fac68\"},\"headline\":\"\u00c9v\u00e8nements \u00e0 Annecy &#8211; Calendrier 2026\",\"datePublished\":\"2024-02-16T15:26:29+00:00\",\"dateModified\":\"2026-02-18T07:16:50+00:00\",\"mainEntityOfPage\":{\"@id\":\"https:\\\/\\\/www.locationlacannecy.fr\\\/blog\\\/evenements-annecy-calendrier\\\/\"},\"wordCount\":1654,\"commentCount\":0,\"publisher\":{\"@id\":\"https:\\\/\\\/www.locationlacannecy.fr\\\/blog\\\/#organization\"},\"image\":{\"@id\":\"https:\\\/\\\/www.locationlacannecy.fr\\\/blog\\\/evenements-annecy-calendrier\\\/#primaryimage\"},\"thumbnailUrl\":\"https:\\\/\\\/www.locationlacannecy.fr\\\/blog\\\/wp-content\\\/uploads\\\/2024\\\/02\\\/paysafe.png\",\"keywords\":[\"2024\",\"Annecy\",\"\u00e9venements\",\"location saisonni\u00e8re\",\"vacances\"],\"articleSection\":[\"\u00c9v\u00e9nements\",\"Lac d'Annecy\"],\"inLanguage\":\"fr\",\"potentialAction\":[{\"@type\":\"CommentAction\",\"name\":\"Comment\",\"target\":[\"https:\\\/\\\/www.locationlacannecy.fr\\\/blog\\\/evenements-annecy-calendrier\\\/#respond\"]}]},{\"@type\":\"WebPage\",\"@id\":\"https:\\\/\\\/www.locationlacannecy.fr\\\/blog\\\/evenements-annecy-calendrier\\\/\",\"url\":\"https:\\\/\\\/www.locationlacannecy.fr\\\/blog\\\/evenements-annecy-calendrier\\\/\",\"name\":\"\u00c9v\u00e8nements \u00e0 Annecy - Calendrier 2026 - Tourisme au Lac d&#039;Annecy et dans les Alpes du Nord\",\"isPartOf\":{\"@id\":\"https:\\\/\\\/www.locationlacannecy.fr\\\/blog\\\/#website\"},\"primaryImageOfPage\":{\"@id\":\"https:\\\/\\\/www.locationlacannecy.fr\\\/blog\\\/evenements-annecy-calendrier\\\/#primaryimage\"},\"image\":{\"@id\":\"https:\\\/\\\/www.locationlacannecy.fr\\\/blog\\\/evenements-annecy-calendrier\\\/#primaryimage\"},\"thumbnailUrl\":\"https:\\\/\\\/www.locationlacannecy.fr\\\/blog\\\/wp-content\\\/uploads\\\/2024\\\/02\\\/paysafe.png\",\"datePublished\":\"2024-02-16T15:26:29+00:00\",\"dateModified\":\"2026-02-18T07:16:50+00:00\",\"description\":\"D\u00e9couvrez tous les \u00e9v\u00e9nements \u00e0 Annecy en 2026 ! Festivit\u00e9s et sorties au bord du lac : consultez notre calendrier complet !\",\"breadcrumb\":{\"@id\":\"https:\\\/\\\/www.locationlacannecy.fr\\\/blog\\\/evenements-annecy-calendrier\\\/#breadcrumb\"},\"inLanguage\":\"fr\",\"potentialAction\":[{\"@type\":\"ReadAction\",\"target\":[\"https:\\\/\\\/www.locationlacannecy.fr\\\/blog\\\/evenements-annecy-calendrier\\\/\"]}]},{\"@type\":\"ImageObject\",\"inLanguage\":\"fr\",\"@id\":\"https:\\\/\\\/www.locationlacannecy.fr\\\/blog\\\/evenements-annecy-calendrier\\\/#primaryimage\",\"url\":\"https:\\\/\\\/www.locationlacannecy.fr\\\/blog\\\/wp-content\\\/uploads\\\/2024\\\/02\\\/paysafe.png\",\"contentUrl\":\"https:\\\/\\\/www.locationlacannecy.fr\\\/blog\\\/wp-content\\\/uploads\\\/2024\\\/02\\\/paysafe.png\",\"width\":1080,\"height\":566,\"caption\":\"\u00e9venements annecy calendrier\"},{\"@type\":\"BreadcrumbList\",\"@id\":\"https:\\\/\\\/www.locationlacannecy.fr\\\/blog\\\/evenements-annecy-calendrier\\\/#breadcrumb\",\"itemListElement\":[{\"@type\":\"ListItem\",\"position\":1,\"name\":\"Home\",\"item\":\"https:\\\/\\\/www.locationlacannecy.fr\\\/blog\\\/\"},{\"@type\":\"ListItem\",\"position\":2,\"name\":\"\u00c9v\u00e8nements \u00e0 Annecy &#8211; Calendrier 2026\"}]},{\"@type\":\"WebSite\",\"@id\":\"https:\\\/\\\/www.locationlacannecy.fr\\\/blog\\\/#website\",\"url\":\"https:\\\/\\\/www.locationlacannecy.fr\\\/blog\\\/\",\"name\":\"https:\\\/\\\/www.locationlacannecy.fr\\\/blog\\\/\",\"description\":\"by LLA Selections \\\/\\\/ Location Lac Annecy\",\"publisher\":{\"@id\":\"https:\\\/\\\/www.locationlacannecy.fr\\\/blog\\\/#organization\"},\"alternateName\":\"https:\\\/\\\/www.locationlacannecy.fr\",\"potentialAction\":[{\"@type\":\"SearchAction\",\"target\":{\"@type\":\"EntryPoint\",\"urlTemplate\":\"https:\\\/\\\/www.locationlacannecy.fr\\\/blog\\\/?s={search_term_string}\"},\"query-input\":{\"@type\":\"PropertyValueSpecification\",\"valueRequired\":true,\"valueName\":\"search_term_string\"}}],\"inLanguage\":\"fr\"},{\"@type\":\"Organization\",\"@id\":\"https:\\\/\\\/www.locationlacannecy.fr\\\/blog\\\/#organization\",\"name\":\"Blog de Location lac Annecy\",\"url\":\"https:\\\/\\\/www.locationlacannecy.fr\\\/blog\\\/\",\"logo\":{\"@type\":\"ImageObject\",\"inLanguage\":\"fr\",\"@id\":\"https:\\\/\\\/www.locationlacannecy.fr\\\/blog\\\/#\\\/schema\\\/logo\\\/image\\\/\",\"url\":\"https:\\\/\\\/www.locationlacannecy.fr\\\/blog\\\/wp-content\\\/uploads\\\/2023\\\/01\\\/LLA-Selections-Publication-Facebook.png\",\"contentUrl\":\"https:\\\/\\\/www.locationlacannecy.fr\\\/blog\\\/wp-content\\\/uploads\\\/2023\\\/01\\\/LLA-Selections-Publication-Facebook.png\",\"width\":940,\"height\":788,\"caption\":\"Blog de Location lac Annecy\"},\"image\":{\"@id\":\"https:\\\/\\\/www.locationlacannecy.fr\\\/blog\\\/#\\\/schema\\\/logo\\\/image\\\/\"},\"sameAs\":[\"https:\\\/\\\/www.facebook.com\\\/locationlacannecy\",\"https:\\\/\\\/www.instagram.com\\\/locationsaisonnierealpes\\\/\",\"https:\\\/\\\/www.linkedin.com\\\/company\\\/location-lac-annecy-lla\\\/\"]},{\"@type\":\"Person\",\"@id\":\"https:\\\/\\\/www.locationlacannecy.fr\\\/blog\\\/#\\\/schema\\\/person\\\/7fab390e122a0e75a3a1e342801fac68\",\"name\":\"locationlacannecy\",\"image\":{\"@type\":\"ImageObject\",\"inLanguage\":\"fr\",\"@id\":\"https:\\\/\\\/secure.gravatar.com\\\/avatar\\\/2815d245b271634a0f5e1904b52bc658d5e1ae6c29cde71497fe4f86690e1c41?s=96&d=mm&r=g\",\"url\":\"https:\\\/\\\/secure.gravatar.com\\\/avatar\\\/2815d245b271634a0f5e1904b52bc658d5e1ae6c29cde71497fe4f86690e1c41?s=96&d=mm&r=g\",\"contentUrl\":\"https:\\\/\\\/secure.gravatar.com\\\/avatar\\\/2815d245b271634a0f5e1904b52bc658d5e1ae6c29cde71497fe4f86690e1c41?s=96&d=mm&r=g\",\"caption\":\"locationlacannecy\"},\"description\":\"Nous sommes une \u00e9quipe de professionnels de la location saisonni\u00e8re ayant acquis une exp\u00e9rience significative dans l\u2019accueil, l\u2019hospitalit\u00e9, l\u2019intendance, la logistique, le service clients. Nous exer\u00e7ons notre activit\u00e9 de professionnels de la location saisonni\u00e8re au bord du lac d'Annecy, la Clusaz, Courchevel, M\u00e9ribel, Chamonix, \u2026\",\"sameAs\":[\"https:\\\/\\\/www.locationlacannecy.fr\",\"https:\\\/\\\/www.facebook.com\\\/locationsaisonnieredeluxealpesetlacs\",\"https:\\\/\\\/www.instagram.com\\\/locationsaisonnierealpes\\\/\",\"https:\\\/\\\/www.youtube.com\\\/@locationlacannecy-location7330\\\/featured\"],\"url\":\"https:\\\/\\\/www.locationlacannecy.fr\\\/blog\\\/author\\\/locationlacannecy\\\/\"}]}<\/script>\n<!-- \/ Yoast SEO plugin. -->","yoast_head_json":{"title":"\u00c9v\u00e8nements \u00e0 Annecy - Calendrier 2026 - Tourisme au Lac d&#039;Annecy et dans les Alpes du Nord","description":"D\u00e9couvrez tous les \u00e9v\u00e9nements \u00e0 Annecy en 2026 ! Festivit\u00e9s et sorties au bord du lac : consultez notre calendrier complet !","robots":{"index":"index","follow":"follow","max-snippet":"max-snippet:-1","max-image-preview":"max-image-preview:large","max-video-preview":"max-video-preview:-1"},"canonical":"https:\/\/www.locationlacannecy.fr\/blog\/evenements-annecy-calendrier\/","og_locale":"fr_FR","og_type":"article","og_title":"\u00c9v\u00e8nements \u00e0 Annecy - Calendrier 2026 - Tourisme au Lac d&#039;Annecy et dans les Alpes du Nord","og_description":"D\u00e9couvrez tous les \u00e9v\u00e9nements \u00e0 Annecy en 2026 ! Festivit\u00e9s et sorties au bord du lac : consultez notre calendrier complet !","og_url":"https:\/\/www.locationlacannecy.fr\/blog\/evenements-annecy-calendrier\/","og_site_name":"Tourisme au Lac d&#039;Annecy et dans les Alpes du Nord","article_publisher":"https:\/\/www.facebook.com\/locationlacannecy","article_author":"https:\/\/www.facebook.com\/locationsaisonnieredeluxealpesetlacs","article_published_time":"2024-02-16T15:26:29+00:00","article_modified_time":"2026-02-18T07:16:50+00:00","og_image":[{"width":1080,"height":566,"url":"https:\/\/www.locationlacannecy.fr\/blog\/wp-content\/uploads\/2024\/02\/paysafe.png","type":"image\/png"}],"author":"locationlacannecy","twitter_card":"summary_large_image","twitter_misc":{"Written by":"locationlacannecy","Est. reading time":"12 minutes"},"schema":{"@context":"https:\/\/schema.org","@graph":[{"@type":"Article","@id":"https:\/\/www.locationlacannecy.fr\/blog\/evenements-annecy-calendrier\/#article","isPartOf":{"@id":"https:\/\/www.locationlacannecy.fr\/blog\/evenements-annecy-calendrier\/"},"author":{"name":"locationlacannecy","@id":"https:\/\/www.locationlacannecy.fr\/blog\/#\/schema\/person\/7fab390e122a0e75a3a1e342801fac68"},"headline":"\u00c9v\u00e8nements \u00e0 Annecy &#8211; Calendrier 2026","datePublished":"2024-02-16T15:26:29+00:00","dateModified":"2026-02-18T07:16:50+00:00","mainEntityOfPage":{"@id":"https:\/\/www.locationlacannecy.fr\/blog\/evenements-annecy-calendrier\/"},"wordCount":1654,"commentCount":0,"publisher":{"@id":"https:\/\/www.locationlacannecy.fr\/blog\/#organization"},"image":{"@id":"https:\/\/www.locationlacannecy.fr\/blog\/evenements-annecy-calendrier\/#primaryimage"},"thumbnailUrl":"https:\/\/www.locationlacannecy.fr\/blog\/wp-content\/uploads\/2024\/02\/paysafe.png","keywords":["2024","Annecy","\u00e9venements","location saisonni\u00e8re","vacances"],"articleSection":["\u00c9v\u00e9nements","Lac d'Annecy"],"inLanguage":"fr","potentialAction":[{"@type":"CommentAction","name":"Comment","target":["https:\/\/www.locationlacannecy.fr\/blog\/evenements-annecy-calendrier\/#respond"]}]},{"@type":"WebPage","@id":"https:\/\/www.locationlacannecy.fr\/blog\/evenements-annecy-calendrier\/","url":"https:\/\/www.locationlacannecy.fr\/blog\/evenements-annecy-calendrier\/","name":"\u00c9v\u00e8nements \u00e0 Annecy - Calendrier 2026 - Tourisme au Lac d&#039;Annecy et dans les Alpes du Nord","isPartOf":{"@id":"https:\/\/www.locationlacannecy.fr\/blog\/#website"},"primaryImageOfPage":{"@id":"https:\/\/www.locationlacannecy.fr\/blog\/evenements-annecy-calendrier\/#primaryimage"},"image":{"@id":"https:\/\/www.locationlacannecy.fr\/blog\/evenements-annecy-calendrier\/#primaryimage"},"thumbnailUrl":"https:\/\/www.locationlacannecy.fr\/blog\/wp-content\/uploads\/2024\/02\/paysafe.png","datePublished":"2024-02-16T15:26:29+00:00","dateModified":"2026-02-18T07:16:50+00:00","description":"D\u00e9couvrez tous les \u00e9v\u00e9nements \u00e0 Annecy en 2026 ! Festivit\u00e9s et sorties au bord du lac : consultez notre calendrier complet !","breadcrumb":{"@id":"https:\/\/www.locationlacannecy.fr\/blog\/evenements-annecy-calendrier\/#breadcrumb"},"inLanguage":"fr","potentialAction":[{"@type":"ReadAction","target":["https:\/\/www.locationlacannecy.fr\/blog\/evenements-annecy-calendrier\/"]}]},{"@type":"ImageObject","inLanguage":"fr","@id":"https:\/\/www.locationlacannecy.fr\/blog\/evenements-annecy-calendrier\/#primaryimage","url":"https:\/\/www.locationlacannecy.fr\/blog\/wp-content\/uploads\/2024\/02\/paysafe.png","contentUrl":"https:\/\/www.locationlacannecy.fr\/blog\/wp-content\/uploads\/2024\/02\/paysafe.png","width":1080,"height":566,"caption":"\u00e9venements annecy calendrier"},{"@type":"BreadcrumbList","@id":"https:\/\/www.locationlacannecy.fr\/blog\/evenements-annecy-calendrier\/#breadcrumb","itemListElement":[{"@type":"ListItem","position":1,"name":"Home","item":"https:\/\/www.locationlacannecy.fr\/blog\/"},{"@type":"ListItem","position":2,"name":"\u00c9v\u00e8nements \u00e0 Annecy &#8211; Calendrier 2026"}]},{"@type":"WebSite","@id":"https:\/\/www.locationlacannecy.fr\/blog\/#website","url":"https:\/\/www.locationlacannecy.fr\/blog\/","name":"https:\/\/www.locationlacannecy.fr\/blog\/","description":"by LLA Selections \/\/ Location Lac Annecy","publisher":{"@id":"https:\/\/www.locationlacannecy.fr\/blog\/#organization"},"alternateName":"https:\/\/www.locationlacannecy.fr","potentialAction":[{"@type":"SearchAction","target":{"@type":"EntryPoint","urlTemplate":"https:\/\/www.locationlacannecy.fr\/blog\/?s={search_term_string}"},"query-input":{"@type":"PropertyValueSpecification","valueRequired":true,"valueName":"search_term_string"}}],"inLanguage":"fr"},{"@type":"Organization","@id":"https:\/\/www.locationlacannecy.fr\/blog\/#organization","name":"Blog de Location lac Annecy","url":"https:\/\/www.locationlacannecy.fr\/blog\/","logo":{"@type":"ImageObject","inLanguage":"fr","@id":"https:\/\/www.locationlacannecy.fr\/blog\/#\/schema\/logo\/image\/","url":"https:\/\/www.locationlacannecy.fr\/blog\/wp-content\/uploads\/2023\/01\/LLA-Selections-Publication-Facebook.png","contentUrl":"https:\/\/www.locationlacannecy.fr\/blog\/wp-content\/uploads\/2023\/01\/LLA-Selections-Publication-Facebook.png","width":940,"height":788,"caption":"Blog de Location lac Annecy"},"image":{"@id":"https:\/\/www.locationlacannecy.fr\/blog\/#\/schema\/logo\/image\/"},"sameAs":["https:\/\/www.facebook.com\/locationlacannecy","https:\/\/www.instagram.com\/locationsaisonnierealpes\/","https:\/\/www.linkedin.com\/company\/location-lac-annecy-lla\/"]},{"@type":"Person","@id":"https:\/\/www.locationlacannecy.fr\/blog\/#\/schema\/person\/7fab390e122a0e75a3a1e342801fac68","name":"locationlacannecy","image":{"@type":"ImageObject","inLanguage":"fr","@id":"https:\/\/secure.gravatar.com\/avatar\/2815d245b271634a0f5e1904b52bc658d5e1ae6c29cde71497fe4f86690e1c41?s=96&d=mm&r=g","url":"https:\/\/secure.gravatar.com\/avatar\/2815d245b271634a0f5e1904b52bc658d5e1ae6c29cde71497fe4f86690e1c41?s=96&d=mm&r=g","contentUrl":"https:\/\/secure.gravatar.com\/avatar\/2815d245b271634a0f5e1904b52bc658d5e1ae6c29cde71497fe4f86690e1c41?s=96&d=mm&r=g","caption":"locationlacannecy"},"description":"Nous sommes une \u00e9quipe de professionnels de la location saisonni\u00e8re ayant acquis une exp\u00e9rience significative dans l\u2019accueil, l\u2019hospitalit\u00e9, l\u2019intendance, la logistique, le service clients. Nous exer\u00e7ons notre activit\u00e9 de professionnels de la location saisonni\u00e8re au bord du lac d'Annecy, la Clusaz, Courchevel, M\u00e9ribel, Chamonix, \u2026","sameAs":["https:\/\/www.locationlacannecy.fr","https:\/\/www.facebook.com\/locationsaisonnieredeluxealpesetlacs","https:\/\/www.instagram.com\/locationsaisonnierealpes\/","https:\/\/www.youtube.com\/@locationlacannecy-location7330\/featured"],"url":"https:\/\/www.locationlacannecy.fr\/blog\/author\/locationlacannecy\/"}]}},"_links":{"self":[{"href":"https:\/\/www.locationlacannecy.fr\/blog\/wp-json\/wp\/v2\/posts\/1304","targetHints":{"allow":["GET"]}}],"collection":[{"href":"https:\/\/www.locationlacannecy.fr\/blog\/wp-json\/wp\/v2\/posts"}],"about":[{"href":"https:\/\/www.locationlacannecy.fr\/blog\/wp-json\/wp\/v2\/types\/post"}],"author":[{"embeddable":true,"href":"https:\/\/www.locationlacannecy.fr\/blog\/wp-json\/wp\/v2\/users\/2"}],"replies":[{"embeddable":true,"href":"https:\/\/www.locationlacannecy.fr\/blog\/wp-json\/wp\/v2\/comments?post=1304"}],"version-history":[{"count":37,"href":"https:\/\/www.locationlacannecy.fr\/blog\/wp-json\/wp\/v2\/posts\/1304\/revisions"}],"predecessor-version":[{"id":8015,"href":"https:\/\/www.locationlacannecy.fr\/blog\/wp-json\/wp\/v2\/posts\/1304\/revisions\/8015"}],"wp:featuredmedia":[{"embeddable":true,"href":"https:\/\/www.locationlacannecy.fr\/blog\/wp-json\/wp\/v2\/media\/1326"}],"wp:attachment":[{"href":"https:\/\/www.locationlacannecy.fr\/blog\/wp-json\/wp\/v2\/media?parent=1304"}],"wp:term":[{"taxonomy":"category","embeddable":true,"href":"https:\/\/www.locationlacannecy.fr\/blog\/wp-json\/wp\/v2\/categories?post=1304"},{"taxonomy":"post_tag","embeddable":true,"href":"https:\/\/www.locationlacannecy.fr\/blog\/wp-json\/wp\/v2\/tags?post=1304"}],"curies":[{"name":"wp","href":"https:\/\/api.w.org\/{rel}","templated":true}]}}