{"id":1918,"date":"2024-09-02T10:06:06","date_gmt":"2024-09-02T10:06:06","guid":{"rendered":"https:\/\/www.locationlacannecy.fr\/blog\/?p=1918"},"modified":"2025-04-15T13:50:30","modified_gmt":"2025-04-15T13:50:30","slug":"temperature-lac-dannecy","status":"publish","type":"post","link":"https:\/\/www.locationlacannecy.fr\/blog\/temperature-lac-dannecy\/","title":{"rendered":"La temp\u00e9rature du Lac d&#8217;Annecy"},"content":{"rendered":"\t\t<div data-elementor-type=\"wp-post\" data-elementor-id=\"1918\" class=\"elementor elementor-1918\" data-elementor-post-type=\"post\">\n\t\t\t\t<div class=\"elementor-element elementor-element-696fc38f e-flex e-con-boxed e-con e-parent\" data-id=\"696fc38f\" data-element_type=\"container\" data-e-type=\"container\">\n\t\t\t\t\t<div class=\"e-con-inner\">\n\t\t\t\t<div class=\"elementor-element elementor-element-699ac209 elementor-widget elementor-widget-text-editor\" data-id=\"699ac209\" data-element_type=\"widget\" data-e-type=\"widget\" data-widget_type=\"text-editor.default\">\n\t\t\t\t<div class=\"elementor-widget-container\">\n\t\t\t\t\t\t\t\t\t<p><strong>Le lac d\u2019Annecy<\/strong>, outre ses promenades environnantes et ses panoramas \u00e0 couper le souffle, est aussi un lieu o\u00f9 les habitants des environs aiment aller se baigner lorsque les <strong>temp\u00e9ratures<\/strong> le permettent.<\/p><p>Cependant, dans le cas contraire, le lac r\u00e9serve d\u2019autres surprises aux visiteurs, ce qui en fait une attraction aussi bien agr\u00e9able en \u00e9t\u00e9 qu\u2019en hiver.<\/p><p>Pour que vous puissiez comprendre un peu mieux ce que le lac d\u2019Annecy a \u00e0 offrir, nous allons vous d\u00e9crire ses temp\u00e9ratures, mais nous allons \u00e9galement vous d\u00e9tailler ce qu\u2019il y a \u00e0 faire, saison par saison, avant de nous pencher sur les \u00e9v\u00e9nements qui font vivre ce magnifique lac.<\/p>\t\t\t\t\t\t\t\t<\/div>\n\t\t\t\t<\/div>\n\t\t\t\t<div class=\"elementor-element elementor-element-a814605 elementor-align-center elementor-widget elementor-widget-button\" data-id=\"a814605\" data-element_type=\"widget\" data-e-type=\"widget\" data-widget_type=\"button.default\">\n\t\t\t\t<div class=\"elementor-widget-container\">\n\t\t\t\t\t\t\t\t\t<div class=\"elementor-button-wrapper\">\n\t\t\t\t\t<a class=\"elementor-button elementor-button-link elementor-size-sm\" href=\"#temp\">\n\t\t\t\t\t\t<span class=\"elementor-button-content-wrapper\">\n\t\t\t\t\t\t\t\t\t<span class=\"elementor-button-text\">Temp\u00e9ratures<\/span>\n\t\t\t\t\t<\/span>\n\t\t\t\t\t<\/a>\n\t\t\t\t<\/div>\n\t\t\t\t\t\t\t\t<\/div>\n\t\t\t\t<\/div>\n\t\t\t\t\t<\/div>\n\t\t\t\t<\/div>\n\t\t<div class=\"elementor-element elementor-element-33661d4e e-flex e-con-boxed e-con e-parent\" data-id=\"33661d4e\" data-element_type=\"container\" data-e-type=\"container\">\n\t\t\t\t\t<div class=\"e-con-inner\">\n\t\t\t\t<div class=\"elementor-element elementor-element-77dd1674 elementor-widget elementor-widget-table-of-contents\" data-id=\"77dd1674\" data-element_type=\"widget\" data-e-type=\"widget\" data-settings=\"{&quot;headings_by_tags&quot;:[&quot;h2&quot;],&quot;exclude_headings_by_selector&quot;:[],&quot;marker_view&quot;:&quot;bullets&quot;,&quot;icon&quot;:{&quot;value&quot;:&quot;far fa-circle&quot;,&quot;library&quot;:&quot;fa-regular&quot;,&quot;rendered_tag&quot;:&quot;&lt;svg class=\\&quot;e-font-icon-svg e-far-circle\\&quot; viewBox=\\&quot;0 0 512 512\\&quot; xmlns=\\&quot;http:\\\/\\\/www.w3.org\\\/2000\\\/svg\\&quot;&gt;&lt;path d=\\&quot;M256 8C119 8 8 119 8 256s111 248 248 248 248-111 248-248S393 8 256 8zm0 448c-110.5 0-200-89.5-200-200S145.5 56 256 56s200 89.5 200 200-89.5 200-200 200z\\&quot;&gt;&lt;\\\/path&gt;&lt;\\\/svg&gt;&quot;},&quot;no_headings_message&quot;:&quot;Aucun titre n\\u2019a \\u00e9t\\u00e9 trouv\\u00e9 sur cette page.&quot;,&quot;hierarchical_view&quot;:&quot;yes&quot;,&quot;min_height&quot;:{&quot;unit&quot;:&quot;px&quot;,&quot;size&quot;:&quot;&quot;,&quot;sizes&quot;:[]},&quot;min_height_tablet&quot;:{&quot;unit&quot;:&quot;px&quot;,&quot;size&quot;:&quot;&quot;,&quot;sizes&quot;:[]},&quot;min_height_mobile&quot;:{&quot;unit&quot;:&quot;px&quot;,&quot;size&quot;:&quot;&quot;,&quot;sizes&quot;:[]}}\" data-widget_type=\"table-of-contents.default\">\n\t\t\t\t<div class=\"elementor-widget-container\">\n\t\t\t\t\t\t\t\t\t<div class=\"elementor-toc__header\">\n\t\t\t\t\t\t<div class=\"elementor-toc__header-title\">\n\t\t\t\tSOMMAIRE\t\t\t<\/div>\n\t\t\t\t\t\t\t\t<\/div>\n\t\t\t\t<div id=\"elementor-toc__77dd1674\" class=\"elementor-toc__body\">\n\t\t\t<div class=\"elementor-toc__spinner-container\">\n\t\t\t\t<svg class=\"elementor-toc__spinner eicon-animation-spin e-font-icon-svg e-eicon-loading\" aria-hidden=\"true\" viewBox=\"0 0 1000 1000\" xmlns=\"http:\/\/www.w3.org\/2000\/svg\"><path d=\"M500 975V858C696 858 858 696 858 500S696 142 500 142 142 304 142 500H25C25 237 238 25 500 25S975 237 975 500 763 975 500 975Z\"><\/path><\/svg>\t\t\t<\/div>\n\t\t<\/div>\n\t\t\t\t\t\t<\/div>\n\t\t\t\t<\/div>\n\t\t\t\t\t<\/div>\n\t\t\t\t<\/div>\n\t\t<div class=\"elementor-element elementor-element-1d9f0679 e-flex e-con-boxed e-con e-parent\" data-id=\"1d9f0679\" data-element_type=\"container\" data-e-type=\"container\">\n\t\t\t\t\t<div class=\"e-con-inner\">\n\t\t\t\t<div class=\"elementor-element elementor-element-fb1c0a0 elementor-widget elementor-widget-heading\" data-id=\"fb1c0a0\" data-element_type=\"widget\" data-e-type=\"widget\" data-widget_type=\"heading.default\">\n\t\t\t\t<div class=\"elementor-widget-container\">\n\t\t\t\t\t<h2 class=\"elementor-heading-title elementor-size-default\">Les Temp\u00e9ratures Moyennes du Lac d'Annecy<\/h2>\t\t\t\t<\/div>\n\t\t\t\t<\/div>\n\t\t\t\t<div class=\"elementor-element elementor-element-191dde0 elementor-widget elementor-widget-menu-anchor\" data-id=\"191dde0\" data-element_type=\"widget\" data-e-type=\"widget\" data-widget_type=\"menu-anchor.default\">\n\t\t\t\t<div class=\"elementor-widget-container\">\n\t\t\t\t\t\t\t<div class=\"elementor-menu-anchor\" id=\"temp\"><\/div>\n\t\t\t\t\t\t<\/div>\n\t\t\t\t<\/div>\n\t\t\t\t<div class=\"elementor-element elementor-element-63cdcc41 elementor-widget elementor-widget-text-editor\" data-id=\"63cdcc41\" data-element_type=\"widget\" data-e-type=\"widget\" data-widget_type=\"text-editor.default\">\n\t\t\t\t<div class=\"elementor-widget-container\">\n\t\t\t\t\t\t\t\t\t<p>Vous en doutez s\u00fbrement, mais la temp\u00e9rature du lac d\u2019Annecy \u00e9volue au fil des saisons et n\u2019est pas la m\u00eame si venez en d\u00e9cembre ou en \u00e9t\u00e9. Tout d\u2019abord, soyez rassur\u00e9\u00a0: il est tout \u00e0 fait possible de s\u2019y baigner\u00a0; au cours de la haute saison en juillet et ao\u00fbt, saison au cours de laquelle vous aurez s\u00fbrement envie de piquer une t\u00eate, la <strong>temp\u00e9rature de l\u2019eau avoisine les 27 degr\u00e9s<\/strong>, et l\u2019eau a tendance \u00e0 rester chaude lors des mois de septembre et octobre.<\/p><p>\u00c0 noter qu\u2019en d\u00e9pit des temp\u00e9ratures, vous pouvez observer des baigneurs tout au long de l\u2019ann\u00e9e au lac d\u2019Annecy. En hiver, entre les mois de d\u00e9cembre et f\u00e9vrier, la <strong>temp\u00e9rature de l\u2019eau descend jusqu\u2019\u00e0 atteindre les 5 degr\u00e9s.<\/strong><\/p>\t\t\t\t\t\t\t\t<\/div>\n\t\t\t\t<\/div>\n\t\t\t\t\t<\/div>\n\t\t\t\t<\/div>\n\t\t<div class=\"elementor-element elementor-element-36c82a8 e-flex e-con-boxed e-con e-parent\" data-id=\"36c82a8\" data-element_type=\"container\" data-e-type=\"container\">\n\t\t\t\t\t<div class=\"e-con-inner\">\n\t\t\t\t<div class=\"elementor-element elementor-element-4381b2b elementor-widget elementor-widget-heading\" data-id=\"4381b2b\" data-element_type=\"widget\" data-e-type=\"widget\" data-widget_type=\"heading.default\">\n\t\t\t\t<div class=\"elementor-widget-container\">\n\t\t\t\t\t<h2 class=\"elementor-heading-title elementor-size-default\">Les Meilleures P\u00e9riodes pour Visiter le Lac d'Annecy<\/h2>\t\t\t\t<\/div>\n\t\t\t\t<\/div>\n\t\t\t\t<div class=\"elementor-element elementor-element-06b6b0e elementor-widget elementor-widget-text-editor\" data-id=\"06b6b0e\" data-element_type=\"widget\" data-e-type=\"widget\" data-widget_type=\"text-editor.default\">\n\t\t\t\t<div class=\"elementor-widget-container\">\n\t\t\t\t\t\t\t\t\t<p>Comme pour le reste du territoire fran\u00e7ais, le lac d\u2019Annecy propose diff\u00e9rents contrastes tout au long de l\u2019ann\u00e9e en fonction des saisons&nbsp;: des montagnes verdoyantes au printemps, des activit\u00e9s sur le lac au cours de l\u2019\u00e9t\u00e9, des for\u00eats aux couleurs dor\u00e9s en automne et des paysages enneig\u00e9s en hiver. Voyons ce que chaque saison propose et a d\u2019unique&nbsp;:<\/p>\t\t\t\t\t\t\t\t<\/div>\n\t\t\t\t<\/div>\n\t\t\t\t\t<\/div>\n\t\t\t\t<\/div>\n\t\t<div class=\"elementor-element elementor-element-8f85e65 e-flex e-con-boxed e-con e-parent\" data-id=\"8f85e65\" data-element_type=\"container\" data-e-type=\"container\">\n\t\t\t\t\t<div class=\"e-con-inner\">\n\t\t<div class=\"elementor-element elementor-element-6f08db3 e-con-full e-flex e-con e-child\" data-id=\"6f08db3\" data-element_type=\"container\" data-e-type=\"container\">\n\t\t\t\t<div class=\"elementor-element elementor-element-350ce1c6 elementor-widget elementor-widget-heading\" data-id=\"350ce1c6\" data-element_type=\"widget\" data-e-type=\"widget\" data-widget_type=\"heading.default\">\n\t\t\t\t<div class=\"elementor-widget-container\">\n\t\t\t\t\t<h3 class=\"elementor-heading-title elementor-size-default\">Le lac d\u2019Annecy en printemps<\/h3>\t\t\t\t<\/div>\n\t\t\t\t<\/div>\n\t\t\t\t<div class=\"elementor-element elementor-element-fa0c2e8 elementor-widget elementor-widget-image\" data-id=\"fa0c2e8\" data-element_type=\"widget\" data-e-type=\"widget\" data-widget_type=\"image.default\">\n\t\t\t\t<div class=\"elementor-widget-container\">\n\t\t\t\t\t\t\t\t\t\t\t\t\t\t\t<img fetchpriority=\"high\" decoding=\"async\" width=\"724\" height=\"483\" src=\"https:\/\/www.locationlacannecy.fr\/blog\/wp-content\/uploads\/2024\/09\/lac-annecy-printemps.jpg\" class=\"attachment-large size-large wp-image-1940\" alt=\"lac-annecy-printemps\" \/>\t\t\t\t\t\t\t\t\t\t\t\t\t\t\t<\/div>\n\t\t\t\t<\/div>\n\t\t\t\t<div class=\"elementor-element elementor-element-53c8a9e2 elementor-widget elementor-widget-text-editor\" data-id=\"53c8a9e2\" data-element_type=\"widget\" data-e-type=\"widget\" data-widget_type=\"text-editor.default\">\n\t\t\t\t<div class=\"elementor-widget-container\">\n\t\t\t\t\t\t\t\t\t<p>Le printemps au lac d\u2019Annecy est une p\u00e9riode enchanteresse au cours de laquelle la nature se r\u00e9veille doucement : les fleurs bourgeonnent, les montagnes se d\u00e9font de leur manteau blanc et les jours se rallongent petit \u00e0 petit.<\/p><p>Le temps est id\u00e9al pour partir visiter des sites touristiques comme le <strong>ch\u00e2teau de Menthon-Saint-Bernard<\/strong>, un site historique du XIIIe si\u00e8cle qui offre aux visiteurs une vue imprenable sur le lac. Si vous souhaitez prendre de l\u2019altitude, rendez-vous au <strong>mont Minthi<\/strong> et offrez-vous un vol en parapente : une vue des plus incroyables vous attend depuis les cieux !<\/p><p>Enfin, le climat doux de la saison est propice pour partir randonn\u00e9e autour du lac ou tout simplement pour fl\u00e2ner dans les caf\u00e9s sur la rive.<\/p>\t\t\t\t\t\t\t\t<\/div>\n\t\t\t\t<\/div>\n\t\t\t\t<\/div>\n\t\t<div class=\"elementor-element elementor-element-d7994a6 e-con-full e-flex e-con e-child\" data-id=\"d7994a6\" data-element_type=\"container\" data-e-type=\"container\">\n\t\t\t\t<div class=\"elementor-element elementor-element-296ca22 elementor-widget elementor-widget-heading\" data-id=\"296ca22\" data-element_type=\"widget\" data-e-type=\"widget\" data-widget_type=\"heading.default\">\n\t\t\t\t<div class=\"elementor-widget-container\">\n\t\t\t\t\t<h3 class=\"elementor-heading-title elementor-size-default\">Le lac d\u2019Annecy en \u00e9t\u00e9<\/h3>\t\t\t\t<\/div>\n\t\t\t\t<\/div>\n\t\t\t\t<div class=\"elementor-element elementor-element-7fa41a1 elementor-widget elementor-widget-image\" data-id=\"7fa41a1\" data-element_type=\"widget\" data-e-type=\"widget\" data-widget_type=\"image.default\">\n\t\t\t\t<div class=\"elementor-widget-container\">\n\t\t\t\t\t\t\t\t\t\t\t\t\t\t\t<img decoding=\"async\" width=\"724\" height=\"483\" src=\"https:\/\/www.locationlacannecy.fr\/blog\/wp-content\/uploads\/2024\/09\/lac-annecy-ete.jpg\" class=\"attachment-large size-large wp-image-1936\" alt=\"lac-annecy-ete\" \/>\t\t\t\t\t\t\t\t\t\t\t\t\t\t\t<\/div>\n\t\t\t\t<\/div>\n\t\t\t\t<div class=\"elementor-element elementor-element-c4fc976 elementor-widget elementor-widget-text-editor\" data-id=\"c4fc976\" data-element_type=\"widget\" data-e-type=\"widget\" data-widget_type=\"text-editor.default\">\n\t\t\t\t<div class=\"elementor-widget-container\">\n\t\t\t\t\t\t\t\t\t<p>Les<strong> temp\u00e9ratures chaudes<\/strong> et la m\u00e9t\u00e9o cl\u00e9mente de l\u2019\u00e9t\u00e9 permettent aux touristes de profiter de toutes les activit\u00e9s que la r\u00e9gion a \u00e0 offrir. Ainsi, outre les diff\u00e9rentes randonn\u00e9es possibles, vous pourrez vous baigner dans les eaux cristallines du lac et prendre le soleil dans une ambiance calme et d\u00e9tendue. Pour les amateurs de sensations fortes, vous pouvez vous adonner \u00e0 l\u2019escalade dans les montagnes environnantes afin de d\u00e9couvrir la faune et la flore locales.<\/p><p>De plus, quand vient le week-end, la r\u00e9gion devient plus vivante, et ce gr\u00e2ce aux diff\u00e9rents march\u00e9s, concerts et festivals qui animent les rues d\u2019Annecy. Vous pourrez alors profiter d\u2019une ambiance conviviale et festive \u00e0 tout moment ! Enfin, outre la baignade, vous pouvez aussi pratiquer des activit\u00e9s nautiques sur le lac, comme la planche \u00e0 voile ou le kayak, de quoi profiter d\u2019une eau cristalline dont la temp\u00e9rature est id\u00e9ale.<\/p>\t\t\t\t\t\t\t\t<\/div>\n\t\t\t\t<\/div>\n\t\t\t\t<\/div>\n\t\t\t\t\t<\/div>\n\t\t\t\t<\/div>\n\t\t<div class=\"elementor-element elementor-element-eaea30e e-flex e-con-boxed e-con e-parent\" data-id=\"eaea30e\" data-element_type=\"container\" data-e-type=\"container\">\n\t\t\t\t\t<div class=\"e-con-inner\">\n\t\t<div class=\"elementor-element elementor-element-4b0a7dc e-con-full e-flex e-con e-child\" data-id=\"4b0a7dc\" data-element_type=\"container\" data-e-type=\"container\">\n\t\t\t\t<div class=\"elementor-element elementor-element-818f14b elementor-widget elementor-widget-heading\" data-id=\"818f14b\" data-element_type=\"widget\" data-e-type=\"widget\" data-widget_type=\"heading.default\">\n\t\t\t\t<div class=\"elementor-widget-container\">\n\t\t\t\t\t<h3 class=\"elementor-heading-title elementor-size-default\">Le lac d\u2019Annecy en automne<\/h3>\t\t\t\t<\/div>\n\t\t\t\t<\/div>\n\t\t\t\t<div class=\"elementor-element elementor-element-cf4d5b1 elementor-widget elementor-widget-image\" data-id=\"cf4d5b1\" data-element_type=\"widget\" data-e-type=\"widget\" data-widget_type=\"image.default\">\n\t\t\t\t<div class=\"elementor-widget-container\">\n\t\t\t\t\t\t\t\t\t\t\t\t\t\t\t<img decoding=\"async\" width=\"724\" height=\"483\" src=\"https:\/\/www.locationlacannecy.fr\/blog\/wp-content\/uploads\/2024\/09\/lac-annecy-automne.jpg\" class=\"attachment-large size-large wp-image-1938\" alt=\"lac-annecy-automne\" \/>\t\t\t\t\t\t\t\t\t\t\t\t\t\t\t<\/div>\n\t\t\t\t<\/div>\n\t\t\t\t<div class=\"elementor-element elementor-element-373f8d6 elementor-widget elementor-widget-text-editor\" data-id=\"373f8d6\" data-element_type=\"widget\" data-e-type=\"widget\" data-widget_type=\"text-editor.default\">\n\t\t\t\t<div class=\"elementor-widget-container\">\n\t\t\t\t\t\t\t\t\t<p>L\u2019automne autour du lac d\u2019Annecy est une saison haute en couleurs\u00a0: la nature se pare alors de teintes dor\u00e9es et rouges, et la saison est propice aux d\u00e9couvertes historiques\u00a0: partez \u00e0 la d\u00e9couverte des jardins des villages environnants, comme <strong>Saint-Jorioz<\/strong> par exemple, o\u00f9 les fleurs sont remplac\u00e9es par des feuilles color\u00e9es, ou prenez d\u2019assaut les ch\u00e2teaux comme celui que nous avons mentionn\u00e9 pr\u00e9c\u00e9demment, les temp\u00e9ratures \u00e9tant id\u00e9ales et plut\u00f4t cl\u00e9mentes.<\/p>\t\t\t\t\t\t\t\t<\/div>\n\t\t\t\t<\/div>\n\t\t\t\t<\/div>\n\t\t<div class=\"elementor-element elementor-element-016b0d4 e-con-full e-flex e-con e-child\" data-id=\"016b0d4\" data-element_type=\"container\" data-e-type=\"container\">\n\t\t\t\t<div class=\"elementor-element elementor-element-714e11e elementor-widget elementor-widget-heading\" data-id=\"714e11e\" data-element_type=\"widget\" data-e-type=\"widget\" data-widget_type=\"heading.default\">\n\t\t\t\t<div class=\"elementor-widget-container\">\n\t\t\t\t\t<h3 class=\"elementor-heading-title elementor-size-default\">Le lac d\u2019Annecy en hiver<\/h3>\t\t\t\t<\/div>\n\t\t\t\t<\/div>\n\t\t\t\t<div class=\"elementor-element elementor-element-b0ad850 elementor-widget elementor-widget-image\" data-id=\"b0ad850\" data-element_type=\"widget\" data-e-type=\"widget\" data-widget_type=\"image.default\">\n\t\t\t\t<div class=\"elementor-widget-container\">\n\t\t\t\t\t\t\t\t\t\t\t\t\t\t\t<img loading=\"lazy\" decoding=\"async\" width=\"724\" height=\"483\" src=\"https:\/\/www.locationlacannecy.fr\/blog\/wp-content\/uploads\/2024\/09\/lac-annecy-hiver.jpg\" class=\"attachment-large size-large wp-image-1934\" alt=\"lac-annecy-hiver\" \/>\t\t\t\t\t\t\t\t\t\t\t\t\t\t\t<\/div>\n\t\t\t\t<\/div>\n\t\t\t\t<div class=\"elementor-element elementor-element-f63621c elementor-widget elementor-widget-text-editor\" data-id=\"f63621c\" data-element_type=\"widget\" data-e-type=\"widget\" data-widget_type=\"text-editor.default\">\n\t\t\t\t<div class=\"elementor-widget-container\">\n\t\t\t\t\t\t\t\t\t<p>L\u2019hiver au lac d\u2019Annecy transforme le paysage en un tableau blanc o\u00f9 se dessinent les contours de la vieille Savoie.<\/p><p>Les temp\u00e9ratures sont plus fraiches et la m\u00e9t\u00e9o est parfois capricieuse, ce qui vient ajouter du charme \u00e0 cette p\u00e9riode de l\u2019ann\u00e9e pour une exp\u00e9rience touristique unique.<\/p>\t\t\t\t\t\t\t\t<\/div>\n\t\t\t\t<\/div>\n\t\t\t\t<\/div>\n\t\t\t\t\t<\/div>\n\t\t\t\t<\/div>\n\t\t<div class=\"elementor-element elementor-element-04b7e47 e-flex e-con-boxed e-con e-parent\" data-id=\"04b7e47\" data-element_type=\"container\" data-e-type=\"container\">\n\t\t\t\t\t<div class=\"e-con-inner\">\n\t\t\t\t<div class=\"elementor-element elementor-element-274ade0 elementor-grid-4 elementor-grid-tablet-2 elementor-grid-mobile-1 elementor-posts--thumbnail-top elementor-card-shadow-yes elementor-posts__hover-gradient load-more-align-center elementor-widget elementor-widget-posts\" data-id=\"274ade0\" data-element_type=\"widget\" data-e-type=\"widget\" data-settings=\"{&quot;pagination_type&quot;:&quot;load_more_on_click&quot;,&quot;cards_columns&quot;:&quot;4&quot;,&quot;cards_columns_tablet&quot;:&quot;2&quot;,&quot;cards_columns_mobile&quot;:&quot;1&quot;,&quot;cards_row_gap&quot;:{&quot;unit&quot;:&quot;px&quot;,&quot;size&quot;:35,&quot;sizes&quot;:[]},&quot;cards_row_gap_tablet&quot;:{&quot;unit&quot;:&quot;px&quot;,&quot;size&quot;:&quot;&quot;,&quot;sizes&quot;:[]},&quot;cards_row_gap_mobile&quot;:{&quot;unit&quot;:&quot;px&quot;,&quot;size&quot;:&quot;&quot;,&quot;sizes&quot;:[]},&quot;load_more_spinner&quot;:{&quot;value&quot;:&quot;fas fa-spinner&quot;,&quot;library&quot;:&quot;fa-solid&quot;}}\" data-widget_type=\"posts.cards\">\n\t\t\t\t<div class=\"elementor-widget-container\">\n\t\t\t\t\t\t\t<div class=\"elementor-posts-container elementor-posts elementor-posts--skin-cards elementor-grid\" role=\"list\">\n\t\t\t\t<article class=\"elementor-post elementor-grid-item post-8721 post type-post status-publish format-standard has-post-thumbnail hentry category-activites category-lac-annecy\" role=\"listitem\">\n\t\t\t<div class=\"elementor-post__card\">\n\t\t\t\t<a class=\"elementor-post__thumbnail__link\" href=\"https:\/\/www.locationlacannecy.fr\/blog\/annecy-en-3-jours\/\" tabindex=\"-1\" ><div class=\"elementor-post__thumbnail\"><img loading=\"lazy\" decoding=\"async\" width=\"2121\" height=\"707\" src=\"https:\/\/www.locationlacannecy.fr\/blog\/wp-content\/uploads\/2026\/04\/Annecy-en-3-jours.jpg\" class=\"attachment-full size-full wp-image-8765\" alt=\"\" srcset=\"https:\/\/www.locationlacannecy.fr\/blog\/wp-content\/uploads\/2026\/04\/Annecy-en-3-jours.jpg 2121w, https:\/\/www.locationlacannecy.fr\/blog\/wp-content\/uploads\/2026\/04\/Annecy-en-3-jours-300x100.jpg 300w, https:\/\/www.locationlacannecy.fr\/blog\/wp-content\/uploads\/2026\/04\/Annecy-en-3-jours-1024x341.jpg 1024w, https:\/\/www.locationlacannecy.fr\/blog\/wp-content\/uploads\/2026\/04\/Annecy-en-3-jours-768x256.jpg 768w, https:\/\/www.locationlacannecy.fr\/blog\/wp-content\/uploads\/2026\/04\/Annecy-en-3-jours-1536x512.jpg 1536w, https:\/\/www.locationlacannecy.fr\/blog\/wp-content\/uploads\/2026\/04\/Annecy-en-3-jours-2048x683.jpg 2048w\" sizes=\"(max-width: 2121px) 100vw, 2121px\" \/><\/div><\/a>\n\t\t\t\t<div class=\"elementor-post__text\">\n\t\t\t\t<h3 class=\"elementor-post__title\">\n\t\t\t<a href=\"https:\/\/www.locationlacannecy.fr\/blog\/annecy-en-3-jours\/\" >\n\t\t\t\tQue faire \u00e0 Annecy en 3 jours\u00a0? Un itin\u00e9raire complet et des conseils pour un s\u00e9jour d\u2019anthologie\t\t\t<\/a>\n\t\t<\/h3>\n\t\t\n\t\t<a class=\"elementor-post__read-more\" href=\"https:\/\/www.locationlacannecy.fr\/blog\/annecy-en-3-jours\/\" aria-label=\"Read more about Que faire \u00e0 Annecy en 3 jours\u00a0? Un itin\u00e9raire complet et des conseils pour un s\u00e9jour d\u2019anthologie\" tabindex=\"-1\" >\n\t\t\tLire la suite \u00bb\t\t<\/a>\n\n\t\t\t\t<\/div>\n\t\t\t\t\t<\/div>\n\t\t<\/article>\n\t\t\t\t<article class=\"elementor-post elementor-grid-item post-8726 post type-post status-publish format-standard has-post-thumbnail hentry category-activites category-lac-annecy\" role=\"listitem\">\n\t\t\t<div class=\"elementor-post__card\">\n\t\t\t\t<a class=\"elementor-post__thumbnail__link\" href=\"https:\/\/www.locationlacannecy.fr\/blog\/activite-annecy-en-famille\/\" tabindex=\"-1\" ><div class=\"elementor-post__thumbnail\"><img loading=\"lazy\" decoding=\"async\" width=\"1254\" height=\"418\" src=\"https:\/\/www.locationlacannecy.fr\/blog\/wp-content\/uploads\/2026\/04\/Annecy-en-Famille.jpg\" class=\"attachment-full size-full wp-image-8770\" alt=\"\" srcset=\"https:\/\/www.locationlacannecy.fr\/blog\/wp-content\/uploads\/2026\/04\/Annecy-en-Famille.jpg 1254w, https:\/\/www.locationlacannecy.fr\/blog\/wp-content\/uploads\/2026\/04\/Annecy-en-Famille-300x100.jpg 300w, https:\/\/www.locationlacannecy.fr\/blog\/wp-content\/uploads\/2026\/04\/Annecy-en-Famille-1024x341.jpg 1024w, https:\/\/www.locationlacannecy.fr\/blog\/wp-content\/uploads\/2026\/04\/Annecy-en-Famille-768x256.jpg 768w\" sizes=\"(max-width: 1254px) 100vw, 1254px\" \/><\/div><\/a>\n\t\t\t\t<div class=\"elementor-post__text\">\n\t\t\t\t<h3 class=\"elementor-post__title\">\n\t\t\t<a href=\"https:\/\/www.locationlacannecy.fr\/blog\/activite-annecy-en-famille\/\" >\n\t\t\t\tVenir \u00e0 Annecy en famille : les activit\u00e9s, les visites et des conseils pour un s\u00e9jour inoubliable avec vos enfants\t\t\t<\/a>\n\t\t<\/h3>\n\t\t\n\t\t<a class=\"elementor-post__read-more\" href=\"https:\/\/www.locationlacannecy.fr\/blog\/activite-annecy-en-famille\/\" aria-label=\"Read more about Venir \u00e0 Annecy en famille : les activit\u00e9s, les visites et des conseils pour un s\u00e9jour inoubliable avec vos enfants\" tabindex=\"-1\" >\n\t\t\tLire la suite \u00bb\t\t<\/a>\n\n\t\t\t\t<\/div>\n\t\t\t\t\t<\/div>\n\t\t<\/article>\n\t\t\t\t<article class=\"elementor-post elementor-grid-item post-8731 post type-post status-publish format-standard has-post-thumbnail hentry category-lac-annecy\" role=\"listitem\">\n\t\t\t<div class=\"elementor-post__card\">\n\t\t\t\t<a class=\"elementor-post__thumbnail__link\" href=\"https:\/\/www.locationlacannecy.fr\/blog\/guide-pratique-sur-sevrier\/\" tabindex=\"-1\" ><div class=\"elementor-post__thumbnail\"><img loading=\"lazy\" decoding=\"async\" width=\"1000\" height=\"339\" src=\"https:\/\/www.locationlacannecy.fr\/blog\/wp-content\/uploads\/2026\/04\/lacdannecysevrier.png\" class=\"attachment-full size-full wp-image-8740\" alt=\"\" srcset=\"https:\/\/www.locationlacannecy.fr\/blog\/wp-content\/uploads\/2026\/04\/lacdannecysevrier.png 1000w, https:\/\/www.locationlacannecy.fr\/blog\/wp-content\/uploads\/2026\/04\/lacdannecysevrier-300x102.png 300w, https:\/\/www.locationlacannecy.fr\/blog\/wp-content\/uploads\/2026\/04\/lacdannecysevrier-768x260.png 768w\" sizes=\"(max-width: 1000px) 100vw, 1000px\" \/><\/div><\/a>\n\t\t\t\t<div class=\"elementor-post__text\">\n\t\t\t\t<h3 class=\"elementor-post__title\">\n\t\t\t<a href=\"https:\/\/www.locationlacannecy.fr\/blog\/guide-pratique-sur-sevrier\/\" >\n\t\t\t\tGuide pratique \/\/ Sevrier\t\t\t<\/a>\n\t\t<\/h3>\n\t\t\n\t\t<a class=\"elementor-post__read-more\" href=\"https:\/\/www.locationlacannecy.fr\/blog\/guide-pratique-sur-sevrier\/\" aria-label=\"Read more about Guide pratique \/\/ Sevrier\" tabindex=\"-1\" >\n\t\t\tLire la suite \u00bb\t\t<\/a>\n\n\t\t\t\t<\/div>\n\t\t\t\t\t<\/div>\n\t\t<\/article>\n\t\t\t\t<article class=\"elementor-post elementor-grid-item post-8314 post type-post status-publish format-standard has-post-thumbnail hentry category-lac-annecy\" role=\"listitem\">\n\t\t\t<div class=\"elementor-post__card\">\n\t\t\t\t<a class=\"elementor-post__thumbnail__link\" href=\"https:\/\/www.locationlacannecy.fr\/blog\/lac-annecy-printemps\/\" tabindex=\"-1\" ><div class=\"elementor-post__thumbnail\"><img loading=\"lazy\" decoding=\"async\" width=\"1920\" height=\"960\" src=\"https:\/\/www.locationlacannecy.fr\/blog\/wp-content\/uploads\/2026\/03\/Lac-annecy-printemps.jpg\" class=\"attachment-full size-full wp-image-8383\" alt=\"Lac annecy printemps\" srcset=\"https:\/\/www.locationlacannecy.fr\/blog\/wp-content\/uploads\/2026\/03\/Lac-annecy-printemps.jpg 1920w, https:\/\/www.locationlacannecy.fr\/blog\/wp-content\/uploads\/2026\/03\/Lac-annecy-printemps-300x150.jpg 300w, https:\/\/www.locationlacannecy.fr\/blog\/wp-content\/uploads\/2026\/03\/Lac-annecy-printemps-1024x512.jpg 1024w, https:\/\/www.locationlacannecy.fr\/blog\/wp-content\/uploads\/2026\/03\/Lac-annecy-printemps-768x384.jpg 768w, https:\/\/www.locationlacannecy.fr\/blog\/wp-content\/uploads\/2026\/03\/Lac-annecy-printemps-1536x768.jpg 1536w\" sizes=\"(max-width: 1920px) 100vw, 1920px\" \/><\/div><\/a>\n\t\t\t\t<div class=\"elementor-post__text\">\n\t\t\t\t<h3 class=\"elementor-post__title\">\n\t\t\t<a href=\"https:\/\/www.locationlacannecy.fr\/blog\/lac-annecy-printemps\/\" >\n\t\t\t\tAppr\u00e9ciez le r\u00e9veil de la nature au lac d\u2019Annecy au printemps\t\t\t<\/a>\n\t\t<\/h3>\n\t\t\n\t\t<a class=\"elementor-post__read-more\" href=\"https:\/\/www.locationlacannecy.fr\/blog\/lac-annecy-printemps\/\" aria-label=\"Read more about Appr\u00e9ciez le r\u00e9veil de la nature au lac d\u2019Annecy au printemps\" tabindex=\"-1\" >\n\t\t\tLire la suite \u00bb\t\t<\/a>\n\n\t\t\t\t<\/div>\n\t\t\t\t\t<\/div>\n\t\t<\/article>\n\t\t\t\t<\/div>\n\t\t\t\t\t<span class=\"e-load-more-spinner\">\n\t\t\t\t<svg aria-hidden=\"true\" class=\"e-font-icon-svg e-fas-spinner\" viewBox=\"0 0 512 512\" xmlns=\"http:\/\/www.w3.org\/2000\/svg\"><path d=\"M304 48c0 26.51-21.49 48-48 48s-48-21.49-48-48 21.49-48 48-48 48 21.49 48 48zm-48 368c-26.51 0-48 21.49-48 48s21.49 48 48 48 48-21.49 48-48-21.49-48-48-48zm208-208c-26.51 0-48 21.49-48 48s21.49 48 48 48 48-21.49 48-48-21.49-48-48-48zM96 256c0-26.51-21.49-48-48-48S0 229.49 0 256s21.49 48 48 48 48-21.49 48-48zm12.922 99.078c-26.51 0-48 21.49-48 48s21.49 48 48 48 48-21.49 48-48c0-26.509-21.491-48-48-48zm294.156 0c-26.51 0-48 21.49-48 48s21.49 48 48 48 48-21.49 48-48c0-26.509-21.49-48-48-48zM108.922 60.922c-26.51 0-48 21.49-48 48s21.49 48 48 48 48-21.49 48-48-21.491-48-48-48z\"><\/path><\/svg>\t\t\t<\/span>\n\t\t\n\t\t\t\t<div class=\"e-load-more-anchor\" data-page=\"1\" data-max-page=\"12\" data-next-page=\"https:\/\/www.locationlacannecy.fr\/blog\/wp-json\/wp\/v2\/posts\/1918\/page\/2\/\"><\/div>\n\t\t\t\t<div class=\"elementor-button-wrapper\">\n\t\t\t<a class=\"elementor-button elementor-size-sm\" role=\"button\">\n\t\t\t\t\t\t<span class=\"elementor-button-content-wrapper\">\n\t\t\t\t\t\t\t\t\t<span class=\"elementor-button-text\">VOIR PLUS \u00bb<\/span>\n\t\t\t\t\t<\/span>\n\t\t\t\t\t<\/a>\n\t\t<\/div>\n\t\t\t\t<div class=\"e-load-more-message\"><\/div>\n\t\t\t\t\t\t<\/div>\n\t\t\t\t<\/div>\n\t\t\t\t\t<\/div>\n\t\t\t\t<\/div>\n\t\t<div class=\"elementor-element elementor-element-60115c7 e-flex e-con-boxed e-con e-parent\" data-id=\"60115c7\" data-element_type=\"container\" data-e-type=\"container\">\n\t\t\t\t\t<div class=\"e-con-inner\">\n\t\t\t\t<div class=\"elementor-element elementor-element-cb8d029 elementor-widget elementor-widget-text-editor\" data-id=\"cb8d029\" data-element_type=\"widget\" data-e-type=\"widget\" data-widget_type=\"text-editor.default\">\n\t\t\t\t<div class=\"elementor-widget-container\">\n\t\t\t\t\t\t\t\t\t<p><span style=\"color: var( --e-global-color-text ); text-align: var(--text-align); background-color: transparent;\">En plus de d\u00e9couvrir les plaisirs de la <strong>neige<\/strong>, vous pourrez d\u00e9ambuler dans les rues des villages qui bordent le lac d\u2019Annecy afin de vous impr\u00e9gner des d\u00e9corations festives mises en place \u00e0 l\u2019approche des f\u00eates de No\u00ebl. Vous pouvez toujours faire de la randonn\u00e9e si le froid et les collines enneig\u00e9es vous captivent, vous ne le regretterez pas\u00a0! De plus, l\u2019hiver est propice aux visites culturelles, mais n\u2019oubliez pas de vous arr\u00eater \u00e0 un caf\u00e9 afin de prendre un bon chocolat chaud\u00a0!<\/span><\/p>\t\t\t\t\t\t\t\t<\/div>\n\t\t\t\t<\/div>\n\t\t\t\t\t<\/div>\n\t\t\t\t<\/div>\n\t\t<div class=\"elementor-element elementor-element-622a264 e-flex e-con-boxed e-con e-parent\" data-id=\"622a264\" data-element_type=\"container\" data-e-type=\"container\">\n\t\t\t\t\t<div class=\"e-con-inner\">\n\t\t\t\t<div class=\"elementor-element elementor-element-968a86a elementor-widget elementor-widget-heading\" data-id=\"968a86a\" data-element_type=\"widget\" data-e-type=\"widget\" data-widget_type=\"heading.default\">\n\t\t\t\t<div class=\"elementor-widget-container\">\n\t\t\t\t\t<h2 class=\"elementor-heading-title elementor-size-default\">\u00c9v\u00e9nements et Festivit\u00e9s au Lac d'Annecy<\/h2>\t\t\t\t<\/div>\n\t\t\t\t<\/div>\n\t\t\t\t<div class=\"elementor-element elementor-element-71e3e10 elementor-widget elementor-widget-text-editor\" data-id=\"71e3e10\" data-element_type=\"widget\" data-e-type=\"widget\" data-widget_type=\"text-editor.default\">\n\t\t\t\t<div class=\"elementor-widget-container\">\n\t\t\t\t\t\t\t\t\t<p>Outre les \u00e9v\u00e9nements relatifs aux diff\u00e9rentes saisons, le lac d\u2019Annecy reste un endroit festif tout au long de l\u2019ann\u00e9e\u00a0; par exemple, pour les touristes s\u2019y rendant au cours de l\u2019\u00e9t\u00e9, il est possible d\u2019assister \u00e0 <strong>la f\u00eate du lac d\u2019Annecy<\/strong>, un grand spectacle pyrotechnique rythm\u00e9 par la musique, les lumi\u00e8res et les feux d\u2019artifices.<\/p><p>Au cours de l\u2019automne, et plus pr\u00e9cis\u00e9ment lors du deuxi\u00e8me samedi d\u2019octobre, les touristes pourront assister \u00e0 <strong>la descente des alpages<\/strong>, une c\u00e9l\u00e9bration traditionnelle d\u2019Annecy qui marque le retour des troupeaux des p\u00e2turages en altitude apr\u00e8s la saison estivale.\u00a0 Enfin, si vous vous rendez au lac d\u2019Annecy et que l\u2019envie de faire de bonnes affaires vous prend, vous pouvez assister \u00e0 <a href=\"https:\/\/www.locationlacannecy.fr\/blog\/la-foire-saint-andre\/\"><strong>la foire Saint-Andr\u00e9<\/strong><\/a>, un \u00e9v\u00e9nement qui a lieu le premier mardi du mois de d\u00e9cembre.<\/p><p>Vous l\u2019aurez compris, peu importe le temps et la saison, il y a toujours quelque chose \u00e0 faire autour du lac d\u2019Annecy\u00a0!<\/p>\t\t\t\t\t\t\t\t<\/div>\n\t\t\t\t<\/div>\n\t\t\t\t\t<\/div>\n\t\t\t\t<\/div>\n\t\t<div class=\"elementor-element elementor-element-86151b7 e-flex e-con-boxed e-con e-parent\" data-id=\"86151b7\" data-element_type=\"container\" data-e-type=\"container\">\n\t\t\t\t\t<div class=\"e-con-inner\">\n\t\t\t\t<div class=\"elementor-element elementor-element-a39f6b3 elementor-widget elementor-widget-image\" data-id=\"a39f6b3\" data-element_type=\"widget\" data-e-type=\"widget\" data-widget_type=\"image.default\">\n\t\t\t\t<div class=\"elementor-widget-container\">\n\t\t\t\t\t\t\t\t\t\t\t\t<figure class=\"wp-caption\">\n\t\t\t\t\t\t\t\t\t\t\t<a href=\"https:\/\/www.locationlacannecy.fr\/blog\/descente-des-alpages\/\">\n\t\t\t\t\t\t\t<img loading=\"lazy\" decoding=\"async\" width=\"1253\" height=\"626\" src=\"https:\/\/www.locationlacannecy.fr\/blog\/wp-content\/uploads\/2024\/08\/la-descente-des-alpages-annecy.jpg\" class=\"attachment-full size-full wp-image-1820\" alt=\"la-descente-des-alpages-annecy\" srcset=\"https:\/\/www.locationlacannecy.fr\/blog\/wp-content\/uploads\/2024\/08\/la-descente-des-alpages-annecy.jpg 1253w, https:\/\/www.locationlacannecy.fr\/blog\/wp-content\/uploads\/2024\/08\/la-descente-des-alpages-annecy-768x384.jpg 768w\" sizes=\"(max-width: 1253px) 100vw, 1253px\" \/>\t\t\t\t\t\t\t\t<\/a>\n\t\t\t\t\t\t\t\t\t\t\t<figcaption class=\"widget-image-caption wp-caption-text\">Voir La Descente des Alpages<\/figcaption>\n\t\t\t\t\t\t\t\t\t\t<\/figure>\n\t\t\t\t\t\t\t\t\t<\/div>\n\t\t\t\t<\/div>\n\t\t\t\t\t<\/div>\n\t\t\t\t<\/div>\n\t\t<div class=\"elementor-element elementor-element-fe0599f e-flex e-con-boxed e-con e-parent\" data-id=\"fe0599f\" data-element_type=\"container\" data-e-type=\"container\">\n\t\t\t\t\t<div class=\"e-con-inner\">\n\t\t\t\t<div class=\"elementor-element elementor-element-c4fec35 elementor-widget elementor-widget-heading\" data-id=\"c4fec35\" data-element_type=\"widget\" data-e-type=\"widget\" data-widget_type=\"heading.default\">\n\t\t\t\t<div class=\"elementor-widget-container\">\n\t\t\t\t\t<h2 class=\"elementor-heading-title elementor-size-default\">Services et H\u00e9bergement aux Alentours du Lac<\/h2>\t\t\t\t<\/div>\n\t\t\t\t<\/div>\n\t\t\t\t<div class=\"elementor-element elementor-element-6aa70cd elementor-widget elementor-widget-text-editor\" data-id=\"6aa70cd\" data-element_type=\"widget\" data-e-type=\"widget\" data-widget_type=\"text-editor.default\">\n\t\t\t\t<div class=\"elementor-widget-container\">\n\t\t\t\t\t\t\t\t\t<p>Autour du lac d\u2019Annecy, et selon les saisons, plusieurs modes d\u2019h\u00e9bergement sont possibles : en \u00e9t\u00e9, vous pouvez profiter de la nature environnante en emportant votre toile de tente avec vous et installer votre campement dans un des nombreux campings qui bordent le lac, et en hiver, il est possible de trouver un chalet dans un des villages de la r\u00e9gion pour profiter de l\u2019ambiance hivernale.<\/p><p>En clair, il y en a pour tous les go\u00fbts ! Afin de vous donner des id\u00e9es en fonction de la saison, nous vous invitons de vous rendre sur notre site, sur lequel de nombreuses options et services sont propos\u00e9s.<\/p>\t\t\t\t\t\t\t\t<\/div>\n\t\t\t\t<\/div>\n\t\t\t\t\t<\/div>\n\t\t\t\t<\/div>\n\t\t<div class=\"elementor-element elementor-element-579f39e e-flex e-con-boxed e-con e-parent\" data-id=\"579f39e\" data-element_type=\"container\" data-e-type=\"container\">\n\t\t\t\t\t<div class=\"e-con-inner\">\n\t\t\t\t<div class=\"elementor-element elementor-element-1842736 elementor-widget elementor-widget-heading\" data-id=\"1842736\" data-element_type=\"widget\" data-e-type=\"widget\" data-widget_type=\"heading.default\">\n\t\t\t\t<div class=\"elementor-widget-container\">\n\t\t\t\t\t<h2 class=\"elementor-heading-title elementor-size-default\">R\u00e9servez votre logement autour du lac d\u2019Annecy en fonction de la saison !<\/h2>\t\t\t\t<\/div>\n\t\t\t\t<\/div>\n\t\t\t\t<div class=\"elementor-element elementor-element-4c08200 elementor-widget elementor-widget-text-editor\" data-id=\"4c08200\" data-element_type=\"widget\" data-e-type=\"widget\" data-widget_type=\"text-editor.default\">\n\t\t\t\t<div class=\"elementor-widget-container\">\n\t\t\t\t\t\t\t\t\t<p>Quelle que soit la saison, le lac d\u2019Annecy, avec ses monts majestueux, ses villages pittoresques et son climat vari\u00e9, vous accueille avec ses richesses culturelles et culturelles, peu importe sa temp\u00e9rature\u00a0! Et nous faisons de m\u00eame\u00a0: avec Location Lac Annecy, venez visiter la r\u00e9gion en toute saison gr\u00e2ce \u00e0 nos offres d\u2019h\u00e9bergements sur mesure. Vous \u00eates \u00e0 quelques clics de vacances inoubliables\u00a0autour du lac d\u2019Annecy, alors n\u2019h\u00e9sitez plus !<\/p>\t\t\t\t\t\t\t\t<\/div>\n\t\t\t\t<\/div>\n\t\t\t\t\t<\/div>\n\t\t\t\t<\/div>\n\t\t<div class=\"elementor-element elementor-element-259acf3 e-flex e-con-boxed e-con e-parent\" data-id=\"259acf3\" data-element_type=\"container\" data-e-type=\"container\">\n\t\t\t\t\t<div class=\"e-con-inner\">\n\t\t\t\t<div class=\"elementor-element elementor-element-842fe08 elementor-widget elementor-widget-shortcode\" data-id=\"842fe08\" data-element_type=\"widget\" data-e-type=\"widget\" data-widget_type=\"shortcode.default\">\n\t\t\t\t<div class=\"elementor-widget-container\">\n\t\t\t\t\t\t\t<div class=\"elementor-shortcode\">\t\t<div data-elementor-type=\"container\" data-elementor-id=\"2863\" class=\"elementor elementor-2863 elementor-2924 elementor-2924\" data-elementor-post-type=\"elementor_library\">\n\t\t\t\t<div class=\"elementor-element elementor-element-794180e0 e-flex e-con-boxed e-con e-parent\" data-id=\"794180e0\" data-element_type=\"container\" data-e-type=\"container\">\n\t\t\t\t\t<div class=\"e-con-inner\">\n\t\t<div class=\"elementor-element elementor-element-7bd67a93 e-con-full e-flex e-con e-child\" data-id=\"7bd67a93\" data-element_type=\"container\" data-e-type=\"container\">\n\t\t\t\t<div class=\"elementor-element elementor-element-4d6f49e0 elementor-cta--skin-cover elementor-cta--valign-bottom elementor-animated-content elementor-bg-transform elementor-bg-transform-zoom-in elementor-widget elementor-widget-call-to-action\" data-id=\"4d6f49e0\" data-element_type=\"widget\" data-e-type=\"widget\" data-widget_type=\"call-to-action.default\">\n\t\t\t\t<div class=\"elementor-widget-container\">\n\t\t\t\t\t\t\t<div class=\"elementor-cta\">\n\t\t\t\t\t<div class=\"elementor-cta__bg-wrapper\">\n\t\t\t\t<div class=\"elementor-cta__bg elementor-bg\" style=\"background-image: url(https:\/\/www.locationlacannecy.fr\/blog\/wp-content\/uploads\/2025\/01\/location-saisonniere-lac-annecy-france-1.webp);\" role=\"img\" aria-label=\"location saisonni\u00e8re lac annecy france\"><\/div>\n\t\t\t\t<div class=\"elementor-cta__bg-overlay\"><\/div>\n\t\t\t<\/div>\n\t\t\t\t\t\t\t<div class=\"elementor-cta__content\">\n\t\t\t\t\n\t\t\t\t\n\t\t\t\t\n\t\t\t\t\t\t\t\t\t<div class=\"elementor-cta__button-wrapper elementor-cta__content-item elementor-content-item elementor-animated-item--grow\">\n\t\t\t\t\t<a class=\"elementor-cta__button elementor-button elementor-size-\" href=\"https:\/\/www.locationlacannecy.fr\/location-vacances-lac-annecy\/\">\n\t\t\t\t\t\tLOCATIONS LAC ANNECY\t\t\t\t\t<\/a>\n\t\t\t\t\t<\/div>\n\t\t\t\t\t\t\t<\/div>\n\t\t\t\t\t\t<\/div>\n\t\t\t\t\t\t<\/div>\n\t\t\t\t<\/div>\n\t\t\t\t<\/div>\n\t\t<div class=\"elementor-element elementor-element-6ae81fc2 e-con-full e-flex e-con e-child\" data-id=\"6ae81fc2\" data-element_type=\"container\" data-e-type=\"container\">\n\t\t\t\t<div class=\"elementor-element elementor-element-d5b7aa0 elementor-cta--skin-cover elementor-cta--valign-bottom elementor-animated-content elementor-bg-transform elementor-bg-transform-zoom-in elementor-widget elementor-widget-call-to-action\" data-id=\"d5b7aa0\" data-element_type=\"widget\" data-e-type=\"widget\" data-widget_type=\"call-to-action.default\">\n\t\t\t\t<div class=\"elementor-widget-container\">\n\t\t\t\t\t\t\t<div class=\"elementor-cta\">\n\t\t\t\t\t<div class=\"elementor-cta__bg-wrapper\">\n\t\t\t\t<div class=\"elementor-cta__bg elementor-bg\" style=\"background-image: url(https:\/\/www.locationlacannecy.fr\/blog\/wp-content\/uploads\/2024\/12\/appartements-vacances-lac-annecy.webp);\" role=\"img\" aria-label=\"appartements vacances lac annecy\"><\/div>\n\t\t\t\t<div class=\"elementor-cta__bg-overlay\"><\/div>\n\t\t\t<\/div>\n\t\t\t\t\t\t\t<div class=\"elementor-cta__content\">\n\t\t\t\t\n\t\t\t\t\n\t\t\t\t\n\t\t\t\t\t\t\t\t\t<div class=\"elementor-cta__button-wrapper elementor-cta__content-item elementor-content-item elementor-animated-item--grow\">\n\t\t\t\t\t<a class=\"elementor-cta__button elementor-button elementor-size-\" href=\"https:\/\/www.locationlacannecy.fr\/appartements-vacances-lac-annecy\/\">\n\t\t\t\t\t\tAPPARTEMENTS LAC ANNECY\t\t\t\t\t<\/a>\n\t\t\t\t\t<\/div>\n\t\t\t\t\t\t\t<\/div>\n\t\t\t\t\t\t<\/div>\n\t\t\t\t\t\t<\/div>\n\t\t\t\t<\/div>\n\t\t\t\t<\/div>\n\t\t<div class=\"elementor-element elementor-element-42fcb376 e-con-full e-flex e-con e-child\" data-id=\"42fcb376\" data-element_type=\"container\" data-e-type=\"container\">\n\t\t\t\t<div class=\"elementor-element elementor-element-4b19f703 elementor-cta--skin-cover elementor-cta--valign-bottom elementor-animated-content elementor-bg-transform elementor-bg-transform-zoom-in elementor-widget elementor-widget-call-to-action\" data-id=\"4b19f703\" data-element_type=\"widget\" data-e-type=\"widget\" data-widget_type=\"call-to-action.default\">\n\t\t\t\t<div class=\"elementor-widget-container\">\n\t\t\t\t\t\t\t<div class=\"elementor-cta\">\n\t\t\t\t\t<div class=\"elementor-cta__bg-wrapper\">\n\t\t\t\t<div class=\"elementor-cta__bg elementor-bg\" style=\"background-image: url(https:\/\/www.locationlacannecy.fr\/blog\/wp-content\/uploads\/2024\/12\/maisons-vacances-lac-annecy.webp);\" role=\"img\" aria-label=\"maisons-vacances-lac-annecy\"><\/div>\n\t\t\t\t<div class=\"elementor-cta__bg-overlay\"><\/div>\n\t\t\t<\/div>\n\t\t\t\t\t\t\t<div class=\"elementor-cta__content\">\n\t\t\t\t\n\t\t\t\t\n\t\t\t\t\n\t\t\t\t\t\t\t\t\t<div class=\"elementor-cta__button-wrapper elementor-cta__content-item elementor-content-item elementor-animated-item--grow\">\n\t\t\t\t\t<a class=\"elementor-cta__button elementor-button elementor-size-\" href=\"https:\/\/www.locationlacannecy.fr\/location\/maisons-lac-annecy-c19z1932\/\">\n\t\t\t\t\t\tMAISONS LAC ANNECY\t\t\t\t\t<\/a>\n\t\t\t\t\t<\/div>\n\t\t\t\t\t\t\t<\/div>\n\t\t\t\t\t\t<\/div>\n\t\t\t\t\t\t<\/div>\n\t\t\t\t<\/div>\n\t\t\t\t<\/div>\n\t\t\t\t\t<\/div>\n\t\t\t\t<\/div>\n\t\t\t\t<\/div>\n\t\t<\/div>\n\t\t\t\t\t\t<\/div>\n\t\t\t\t<\/div>\n\t\t\t\t\t<\/div>\n\t\t\t\t<\/div>\n\t\t<div class=\"elementor-element elementor-element-e505e42 e-flex e-con-boxed e-con e-parent\" data-id=\"e505e42\" data-element_type=\"container\" data-e-type=\"container\">\n\t\t\t\t\t<div class=\"e-con-inner\">\n\t\t\t\t<div class=\"elementor-element elementor-element-ba38747 elementor-widget elementor-widget-spacer\" data-id=\"ba38747\" data-element_type=\"widget\" data-e-type=\"widget\" data-widget_type=\"spacer.default\">\n\t\t\t\t<div class=\"elementor-widget-container\">\n\t\t\t\t\t\t\t<div class=\"elementor-spacer\">\n\t\t\t<div class=\"elementor-spacer-inner\"><\/div>\n\t\t<\/div>\n\t\t\t\t\t\t<\/div>\n\t\t\t\t<\/div>\n\t\t\t\t\t<\/div>\n\t\t\t\t<\/div>\n\t\t<div class=\"elementor-element elementor-element-1e185a2 e-flex e-con-boxed e-con e-parent\" data-id=\"1e185a2\" data-element_type=\"container\" data-e-type=\"container\">\n\t\t\t\t\t<div class=\"e-con-inner\">\n\t\t\t\t<div class=\"elementor-element elementor-element-1947bf9 elementor-shape-rounded elementor-grid-0 e-grid-align-center elementor-widget elementor-widget-social-icons\" data-id=\"1947bf9\" data-element_type=\"widget\" data-e-type=\"widget\" data-widget_type=\"social-icons.default\">\n\t\t\t\t<div class=\"elementor-widget-container\">\n\t\t\t\t\t\t\t<div class=\"elementor-social-icons-wrapper elementor-grid\" role=\"list\">\n\t\t\t\t\t\t\t<span class=\"elementor-grid-item\" role=\"listitem\">\n\t\t\t\t\t<a class=\"elementor-icon elementor-social-icon elementor-social-icon-facebook elementor-repeater-item-d8d1a27\" href=\"https:\/\/www.facebook.com\/locationsaisonnieredeluxealpesetlacs\" target=\"_blank\">\n\t\t\t\t\t\t<span class=\"elementor-screen-only\">Facebook<\/span>\n\t\t\t\t\t\t<svg aria-hidden=\"true\" class=\"e-font-icon-svg e-fab-facebook\" viewBox=\"0 0 512 512\" xmlns=\"http:\/\/www.w3.org\/2000\/svg\"><path d=\"M504 256C504 119 393 8 256 8S8 119 8 256c0 123.78 90.69 226.38 209.25 245V327.69h-63V256h63v-54.64c0-62.15 37-96.48 93.67-96.48 27.14 0 55.52 4.84 55.52 4.84v61h-31.28c-30.8 0-40.41 19.12-40.41 38.73V256h68.78l-11 71.69h-57.78V501C413.31 482.38 504 379.78 504 256z\"><\/path><\/svg>\t\t\t\t\t<\/a>\n\t\t\t\t<\/span>\n\t\t\t\t\t\t\t<span class=\"elementor-grid-item\" role=\"listitem\">\n\t\t\t\t\t<a class=\"elementor-icon elementor-social-icon elementor-social-icon-instagram elementor-repeater-item-da4dbdd\" href=\"https:\/\/www.instagram.com\/locationsaisonnierealpes\/\" target=\"_blank\">\n\t\t\t\t\t\t<span class=\"elementor-screen-only\">Instagram<\/span>\n\t\t\t\t\t\t<svg aria-hidden=\"true\" class=\"e-font-icon-svg e-fab-instagram\" viewBox=\"0 0 448 512\" xmlns=\"http:\/\/www.w3.org\/2000\/svg\"><path d=\"M224.1 141c-63.6 0-114.9 51.3-114.9 114.9s51.3 114.9 114.9 114.9S339 319.5 339 255.9 287.7 141 224.1 141zm0 189.6c-41.1 0-74.7-33.5-74.7-74.7s33.5-74.7 74.7-74.7 74.7 33.5 74.7 74.7-33.6 74.7-74.7 74.7zm146.4-194.3c0 14.9-12 26.8-26.8 26.8-14.9 0-26.8-12-26.8-26.8s12-26.8 26.8-26.8 26.8 12 26.8 26.8zm76.1 27.2c-1.7-35.9-9.9-67.7-36.2-93.9-26.2-26.2-58-34.4-93.9-36.2-37-2.1-147.9-2.1-184.9 0-35.8 1.7-67.6 9.9-93.9 36.1s-34.4 58-36.2 93.9c-2.1 37-2.1 147.9 0 184.9 1.7 35.9 9.9 67.7 36.2 93.9s58 34.4 93.9 36.2c37 2.1 147.9 2.1 184.9 0 35.9-1.7 67.7-9.9 93.9-36.2 26.2-26.2 34.4-58 36.2-93.9 2.1-37 2.1-147.8 0-184.8zM398.8 388c-7.8 19.6-22.9 34.7-42.6 42.6-29.5 11.7-99.5 9-132.1 9s-102.7 2.6-132.1-9c-19.6-7.8-34.7-22.9-42.6-42.6-11.7-29.5-9-99.5-9-132.1s-2.6-102.7 9-132.1c7.8-19.6 22.9-34.7 42.6-42.6 29.5-11.7 99.5-9 132.1-9s102.7-2.6 132.1 9c19.6 7.8 34.7 22.9 42.6 42.6 11.7 29.5 9 99.5 9 132.1s2.7 102.7-9 132.1z\"><\/path><\/svg>\t\t\t\t\t<\/a>\n\t\t\t\t<\/span>\n\t\t\t\t\t\t\t<span class=\"elementor-grid-item\" role=\"listitem\">\n\t\t\t\t\t<a class=\"elementor-icon elementor-social-icon elementor-social-icon-youtube elementor-repeater-item-5c9b14b\" href=\"https:\/\/www.youtube.com\/@locationlacannecy-location7330\" target=\"_blank\">\n\t\t\t\t\t\t<span class=\"elementor-screen-only\">Youtube<\/span>\n\t\t\t\t\t\t<svg aria-hidden=\"true\" class=\"e-font-icon-svg e-fab-youtube\" viewBox=\"0 0 576 512\" xmlns=\"http:\/\/www.w3.org\/2000\/svg\"><path d=\"M549.655 124.083c-6.281-23.65-24.787-42.276-48.284-48.597C458.781 64 288 64 288 64S117.22 64 74.629 75.486c-23.497 6.322-42.003 24.947-48.284 48.597-11.412 42.867-11.412 132.305-11.412 132.305s0 89.438 11.412 132.305c6.281 23.65 24.787 41.5 48.284 47.821C117.22 448 288 448 288 448s170.78 0 213.371-11.486c23.497-6.321 42.003-24.171 48.284-47.821 11.412-42.867 11.412-132.305 11.412-132.305s0-89.438-11.412-132.305zm-317.51 213.508V175.185l142.739 81.205-142.739 81.201z\"><\/path><\/svg>\t\t\t\t\t<\/a>\n\t\t\t\t<\/span>\n\t\t\t\t\t<\/div>\n\t\t\t\t\t\t<\/div>\n\t\t\t\t<\/div>\n\t\t\t\t\t<\/div>\n\t\t\t\t<\/div>\n\t\t\t\t<\/div>\n\t\t","protected":false},"excerpt":{"rendered":"<p>Le lac d\u2019Annecy, outre ses promenades environnantes et ses panoramas \u00e0 couper le souffle, est aussi un lieu o\u00f9 les habitants des environs aiment aller<\/p>\n","protected":false},"author":6,"featured_media":1999,"comment_status":"closed","ping_status":"open","sticky":false,"template":"","format":"standard","meta":{"footnotes":""},"categories":[15],"tags":[],"class_list":["post-1918","post","type-post","status-publish","format-standard","has-post-thumbnail","hentry","category-lac-annecy"],"yoast_head":"<!-- This site is optimized with the Yoast SEO plugin v27.4 - https:\/\/yoast.com\/product\/yoast-seo-wordpress\/ -->\n<title>La temp\u00e9rature du Lac d&#039;Annecy : tout savoir<\/title>\n<meta name=\"description\" content=\"D\u00e9couvrez la temp\u00e9rature du Lac d&#039;Annecy et planifiez vos activit\u00e9s nautiques ou profitez simplement de la vue. Cliquez ici !\" \/>\n<meta name=\"robots\" content=\"index, follow, max-snippet:-1, max-image-preview:large, max-video-preview:-1\" \/>\n<link rel=\"canonical\" href=\"https:\/\/www.locationlacannecy.fr\/blog\/temperature-lac-dannecy\/\" \/>\n<meta property=\"og:locale\" content=\"fr_FR\" \/>\n<meta property=\"og:type\" content=\"article\" \/>\n<meta property=\"og:title\" content=\"La temp\u00e9rature du Lac d&#039;Annecy : tout savoir\" \/>\n<meta property=\"og:description\" content=\"D\u00e9couvrez la temp\u00e9rature du Lac d&#039;Annecy et planifiez vos activit\u00e9s nautiques ou profitez simplement de la vue. Cliquez ici !\" \/>\n<meta property=\"og:url\" content=\"https:\/\/www.locationlacannecy.fr\/blog\/temperature-lac-dannecy\/\" \/>\n<meta property=\"og:site_name\" content=\"Tourisme au Lac d&#039;Annecy et dans les Alpes du Nord\" \/>\n<meta property=\"article:publisher\" content=\"https:\/\/www.facebook.com\/locationlacannecy\" \/>\n<meta property=\"article:published_time\" content=\"2024-09-02T10:06:06+00:00\" \/>\n<meta property=\"article:modified_time\" content=\"2025-04-15T13:50:30+00:00\" \/>\n<meta property=\"og:image\" content=\"https:\/\/www.locationlacannecy.fr\/blog\/wp-content\/uploads\/2024\/09\/temperature-lac-annecy-1.jpg\" \/>\n\t<meta property=\"og:image:width\" content=\"1920\" \/>\n\t<meta property=\"og:image:height\" content=\"630\" \/>\n\t<meta property=\"og:image:type\" content=\"image\/jpeg\" \/>\n<meta name=\"author\" content=\"Thibaut\" \/>\n<meta name=\"twitter:card\" content=\"summary_large_image\" \/>\n<meta name=\"twitter:label1\" content=\"Written by\" \/>\n\t<meta name=\"twitter:data1\" content=\"Thibaut\" \/>\n\t<meta name=\"twitter:label2\" content=\"Est. reading time\" \/>\n\t<meta name=\"twitter:data2\" content=\"9 minutes\" \/>\n<script type=\"application\/ld+json\" class=\"yoast-schema-graph\">{\"@context\":\"https:\\\/\\\/schema.org\",\"@graph\":[{\"@type\":\"Article\",\"@id\":\"https:\\\/\\\/www.locationlacannecy.fr\\\/blog\\\/temperature-lac-dannecy\\\/#article\",\"isPartOf\":{\"@id\":\"https:\\\/\\\/www.locationlacannecy.fr\\\/blog\\\/temperature-lac-dannecy\\\/\"},\"author\":{\"name\":\"Thibaut\",\"@id\":\"https:\\\/\\\/www.locationlacannecy.fr\\\/blog\\\/#\\\/schema\\\/person\\\/8def4a0d3f1a4265698eb6f51243a746\"},\"headline\":\"La temp\u00e9rature du Lac d&#8217;Annecy\",\"datePublished\":\"2024-09-02T10:06:06+00:00\",\"dateModified\":\"2025-04-15T13:50:30+00:00\",\"mainEntityOfPage\":{\"@id\":\"https:\\\/\\\/www.locationlacannecy.fr\\\/blog\\\/temperature-lac-dannecy\\\/\"},\"wordCount\":1315,\"publisher\":{\"@id\":\"https:\\\/\\\/www.locationlacannecy.fr\\\/blog\\\/#organization\"},\"image\":{\"@id\":\"https:\\\/\\\/www.locationlacannecy.fr\\\/blog\\\/temperature-lac-dannecy\\\/#primaryimage\"},\"thumbnailUrl\":\"https:\\\/\\\/www.locationlacannecy.fr\\\/blog\\\/wp-content\\\/uploads\\\/2024\\\/09\\\/temperature-lac-annecy-1.jpg\",\"articleSection\":[\"Lac d'Annecy\"],\"inLanguage\":\"fr\"},{\"@type\":\"WebPage\",\"@id\":\"https:\\\/\\\/www.locationlacannecy.fr\\\/blog\\\/temperature-lac-dannecy\\\/\",\"url\":\"https:\\\/\\\/www.locationlacannecy.fr\\\/blog\\\/temperature-lac-dannecy\\\/\",\"name\":\"La temp\u00e9rature du Lac d'Annecy : tout savoir\",\"isPartOf\":{\"@id\":\"https:\\\/\\\/www.locationlacannecy.fr\\\/blog\\\/#website\"},\"primaryImageOfPage\":{\"@id\":\"https:\\\/\\\/www.locationlacannecy.fr\\\/blog\\\/temperature-lac-dannecy\\\/#primaryimage\"},\"image\":{\"@id\":\"https:\\\/\\\/www.locationlacannecy.fr\\\/blog\\\/temperature-lac-dannecy\\\/#primaryimage\"},\"thumbnailUrl\":\"https:\\\/\\\/www.locationlacannecy.fr\\\/blog\\\/wp-content\\\/uploads\\\/2024\\\/09\\\/temperature-lac-annecy-1.jpg\",\"datePublished\":\"2024-09-02T10:06:06+00:00\",\"dateModified\":\"2025-04-15T13:50:30+00:00\",\"description\":\"D\u00e9couvrez la temp\u00e9rature du Lac d'Annecy et planifiez vos activit\u00e9s nautiques ou profitez simplement de la vue. Cliquez ici !\",\"breadcrumb\":{\"@id\":\"https:\\\/\\\/www.locationlacannecy.fr\\\/blog\\\/temperature-lac-dannecy\\\/#breadcrumb\"},\"inLanguage\":\"fr\",\"potentialAction\":[{\"@type\":\"ReadAction\",\"target\":[\"https:\\\/\\\/www.locationlacannecy.fr\\\/blog\\\/temperature-lac-dannecy\\\/\"]}]},{\"@type\":\"ImageObject\",\"inLanguage\":\"fr\",\"@id\":\"https:\\\/\\\/www.locationlacannecy.fr\\\/blog\\\/temperature-lac-dannecy\\\/#primaryimage\",\"url\":\"https:\\\/\\\/www.locationlacannecy.fr\\\/blog\\\/wp-content\\\/uploads\\\/2024\\\/09\\\/temperature-lac-annecy-1.jpg\",\"contentUrl\":\"https:\\\/\\\/www.locationlacannecy.fr\\\/blog\\\/wp-content\\\/uploads\\\/2024\\\/09\\\/temperature-lac-annecy-1.jpg\",\"width\":1920,\"height\":630,\"caption\":\"temperature lac annecy\"},{\"@type\":\"BreadcrumbList\",\"@id\":\"https:\\\/\\\/www.locationlacannecy.fr\\\/blog\\\/temperature-lac-dannecy\\\/#breadcrumb\",\"itemListElement\":[{\"@type\":\"ListItem\",\"position\":1,\"name\":\"Home\",\"item\":\"https:\\\/\\\/www.locationlacannecy.fr\\\/blog\\\/\"},{\"@type\":\"ListItem\",\"position\":2,\"name\":\"La temp\u00e9rature du Lac d&rsquo;Annecy\"}]},{\"@type\":\"WebSite\",\"@id\":\"https:\\\/\\\/www.locationlacannecy.fr\\\/blog\\\/#website\",\"url\":\"https:\\\/\\\/www.locationlacannecy.fr\\\/blog\\\/\",\"name\":\"https:\\\/\\\/www.locationlacannecy.fr\\\/blog\\\/\",\"description\":\"by LLA Selections \\\/\\\/ Location Lac Annecy\",\"publisher\":{\"@id\":\"https:\\\/\\\/www.locationlacannecy.fr\\\/blog\\\/#organization\"},\"alternateName\":\"https:\\\/\\\/www.locationlacannecy.fr\",\"potentialAction\":[{\"@type\":\"SearchAction\",\"target\":{\"@type\":\"EntryPoint\",\"urlTemplate\":\"https:\\\/\\\/www.locationlacannecy.fr\\\/blog\\\/?s={search_term_string}\"},\"query-input\":{\"@type\":\"PropertyValueSpecification\",\"valueRequired\":true,\"valueName\":\"search_term_string\"}}],\"inLanguage\":\"fr\"},{\"@type\":\"Organization\",\"@id\":\"https:\\\/\\\/www.locationlacannecy.fr\\\/blog\\\/#organization\",\"name\":\"Blog de Location lac Annecy\",\"url\":\"https:\\\/\\\/www.locationlacannecy.fr\\\/blog\\\/\",\"logo\":{\"@type\":\"ImageObject\",\"inLanguage\":\"fr\",\"@id\":\"https:\\\/\\\/www.locationlacannecy.fr\\\/blog\\\/#\\\/schema\\\/logo\\\/image\\\/\",\"url\":\"https:\\\/\\\/www.locationlacannecy.fr\\\/blog\\\/wp-content\\\/uploads\\\/2023\\\/01\\\/LLA-Selections-Publication-Facebook.png\",\"contentUrl\":\"https:\\\/\\\/www.locationlacannecy.fr\\\/blog\\\/wp-content\\\/uploads\\\/2023\\\/01\\\/LLA-Selections-Publication-Facebook.png\",\"width\":940,\"height\":788,\"caption\":\"Blog de Location lac Annecy\"},\"image\":{\"@id\":\"https:\\\/\\\/www.locationlacannecy.fr\\\/blog\\\/#\\\/schema\\\/logo\\\/image\\\/\"},\"sameAs\":[\"https:\\\/\\\/www.facebook.com\\\/locationlacannecy\",\"https:\\\/\\\/www.instagram.com\\\/locationsaisonnierealpes\\\/\",\"https:\\\/\\\/www.linkedin.com\\\/company\\\/location-lac-annecy-lla\\\/\"]},{\"@type\":\"Person\",\"@id\":\"https:\\\/\\\/www.locationlacannecy.fr\\\/blog\\\/#\\\/schema\\\/person\\\/8def4a0d3f1a4265698eb6f51243a746\",\"name\":\"Thibaut\",\"image\":{\"@type\":\"ImageObject\",\"inLanguage\":\"fr\",\"@id\":\"https:\\\/\\\/secure.gravatar.com\\\/avatar\\\/1657d3e03cb74dfd00a369778744d0f6773802ba2d5232a1fad7d484cfa7dcbe?s=96&d=mm&r=g\",\"url\":\"https:\\\/\\\/secure.gravatar.com\\\/avatar\\\/1657d3e03cb74dfd00a369778744d0f6773802ba2d5232a1fad7d484cfa7dcbe?s=96&d=mm&r=g\",\"contentUrl\":\"https:\\\/\\\/secure.gravatar.com\\\/avatar\\\/1657d3e03cb74dfd00a369778744d0f6773802ba2d5232a1fad7d484cfa7dcbe?s=96&d=mm&r=g\",\"caption\":\"Thibaut\"},\"url\":\"https:\\\/\\\/www.locationlacannecy.fr\\\/blog\\\/author\\\/thibaut\\\/\"}]}<\/script>\n<!-- \/ Yoast SEO plugin. -->","yoast_head_json":{"title":"La temp\u00e9rature du Lac d'Annecy : tout savoir","description":"D\u00e9couvrez la temp\u00e9rature du Lac d'Annecy et planifiez vos activit\u00e9s nautiques ou profitez simplement de la vue. Cliquez ici !","robots":{"index":"index","follow":"follow","max-snippet":"max-snippet:-1","max-image-preview":"max-image-preview:large","max-video-preview":"max-video-preview:-1"},"canonical":"https:\/\/www.locationlacannecy.fr\/blog\/temperature-lac-dannecy\/","og_locale":"fr_FR","og_type":"article","og_title":"La temp\u00e9rature du Lac d'Annecy : tout savoir","og_description":"D\u00e9couvrez la temp\u00e9rature du Lac d'Annecy et planifiez vos activit\u00e9s nautiques ou profitez simplement de la vue. Cliquez ici !","og_url":"https:\/\/www.locationlacannecy.fr\/blog\/temperature-lac-dannecy\/","og_site_name":"Tourisme au Lac d&#039;Annecy et dans les Alpes du Nord","article_publisher":"https:\/\/www.facebook.com\/locationlacannecy","article_published_time":"2024-09-02T10:06:06+00:00","article_modified_time":"2025-04-15T13:50:30+00:00","og_image":[{"width":1920,"height":630,"url":"https:\/\/www.locationlacannecy.fr\/blog\/wp-content\/uploads\/2024\/09\/temperature-lac-annecy-1.jpg","type":"image\/jpeg"}],"author":"Thibaut","twitter_card":"summary_large_image","twitter_misc":{"Written by":"Thibaut","Est. reading time":"9 minutes"},"schema":{"@context":"https:\/\/schema.org","@graph":[{"@type":"Article","@id":"https:\/\/www.locationlacannecy.fr\/blog\/temperature-lac-dannecy\/#article","isPartOf":{"@id":"https:\/\/www.locationlacannecy.fr\/blog\/temperature-lac-dannecy\/"},"author":{"name":"Thibaut","@id":"https:\/\/www.locationlacannecy.fr\/blog\/#\/schema\/person\/8def4a0d3f1a4265698eb6f51243a746"},"headline":"La temp\u00e9rature du Lac d&#8217;Annecy","datePublished":"2024-09-02T10:06:06+00:00","dateModified":"2025-04-15T13:50:30+00:00","mainEntityOfPage":{"@id":"https:\/\/www.locationlacannecy.fr\/blog\/temperature-lac-dannecy\/"},"wordCount":1315,"publisher":{"@id":"https:\/\/www.locationlacannecy.fr\/blog\/#organization"},"image":{"@id":"https:\/\/www.locationlacannecy.fr\/blog\/temperature-lac-dannecy\/#primaryimage"},"thumbnailUrl":"https:\/\/www.locationlacannecy.fr\/blog\/wp-content\/uploads\/2024\/09\/temperature-lac-annecy-1.jpg","articleSection":["Lac d'Annecy"],"inLanguage":"fr"},{"@type":"WebPage","@id":"https:\/\/www.locationlacannecy.fr\/blog\/temperature-lac-dannecy\/","url":"https:\/\/www.locationlacannecy.fr\/blog\/temperature-lac-dannecy\/","name":"La temp\u00e9rature du Lac d'Annecy : tout savoir","isPartOf":{"@id":"https:\/\/www.locationlacannecy.fr\/blog\/#website"},"primaryImageOfPage":{"@id":"https:\/\/www.locationlacannecy.fr\/blog\/temperature-lac-dannecy\/#primaryimage"},"image":{"@id":"https:\/\/www.locationlacannecy.fr\/blog\/temperature-lac-dannecy\/#primaryimage"},"thumbnailUrl":"https:\/\/www.locationlacannecy.fr\/blog\/wp-content\/uploads\/2024\/09\/temperature-lac-annecy-1.jpg","datePublished":"2024-09-02T10:06:06+00:00","dateModified":"2025-04-15T13:50:30+00:00","description":"D\u00e9couvrez la temp\u00e9rature du Lac d'Annecy et planifiez vos activit\u00e9s nautiques ou profitez simplement de la vue. Cliquez ici !","breadcrumb":{"@id":"https:\/\/www.locationlacannecy.fr\/blog\/temperature-lac-dannecy\/#breadcrumb"},"inLanguage":"fr","potentialAction":[{"@type":"ReadAction","target":["https:\/\/www.locationlacannecy.fr\/blog\/temperature-lac-dannecy\/"]}]},{"@type":"ImageObject","inLanguage":"fr","@id":"https:\/\/www.locationlacannecy.fr\/blog\/temperature-lac-dannecy\/#primaryimage","url":"https:\/\/www.locationlacannecy.fr\/blog\/wp-content\/uploads\/2024\/09\/temperature-lac-annecy-1.jpg","contentUrl":"https:\/\/www.locationlacannecy.fr\/blog\/wp-content\/uploads\/2024\/09\/temperature-lac-annecy-1.jpg","width":1920,"height":630,"caption":"temperature lac annecy"},{"@type":"BreadcrumbList","@id":"https:\/\/www.locationlacannecy.fr\/blog\/temperature-lac-dannecy\/#breadcrumb","itemListElement":[{"@type":"ListItem","position":1,"name":"Home","item":"https:\/\/www.locationlacannecy.fr\/blog\/"},{"@type":"ListItem","position":2,"name":"La temp\u00e9rature du Lac d&rsquo;Annecy"}]},{"@type":"WebSite","@id":"https:\/\/www.locationlacannecy.fr\/blog\/#website","url":"https:\/\/www.locationlacannecy.fr\/blog\/","name":"https:\/\/www.locationlacannecy.fr\/blog\/","description":"by LLA Selections \/\/ Location Lac Annecy","publisher":{"@id":"https:\/\/www.locationlacannecy.fr\/blog\/#organization"},"alternateName":"https:\/\/www.locationlacannecy.fr","potentialAction":[{"@type":"SearchAction","target":{"@type":"EntryPoint","urlTemplate":"https:\/\/www.locationlacannecy.fr\/blog\/?s={search_term_string}"},"query-input":{"@type":"PropertyValueSpecification","valueRequired":true,"valueName":"search_term_string"}}],"inLanguage":"fr"},{"@type":"Organization","@id":"https:\/\/www.locationlacannecy.fr\/blog\/#organization","name":"Blog de Location lac Annecy","url":"https:\/\/www.locationlacannecy.fr\/blog\/","logo":{"@type":"ImageObject","inLanguage":"fr","@id":"https:\/\/www.locationlacannecy.fr\/blog\/#\/schema\/logo\/image\/","url":"https:\/\/www.locationlacannecy.fr\/blog\/wp-content\/uploads\/2023\/01\/LLA-Selections-Publication-Facebook.png","contentUrl":"https:\/\/www.locationlacannecy.fr\/blog\/wp-content\/uploads\/2023\/01\/LLA-Selections-Publication-Facebook.png","width":940,"height":788,"caption":"Blog de Location lac Annecy"},"image":{"@id":"https:\/\/www.locationlacannecy.fr\/blog\/#\/schema\/logo\/image\/"},"sameAs":["https:\/\/www.facebook.com\/locationlacannecy","https:\/\/www.instagram.com\/locationsaisonnierealpes\/","https:\/\/www.linkedin.com\/company\/location-lac-annecy-lla\/"]},{"@type":"Person","@id":"https:\/\/www.locationlacannecy.fr\/blog\/#\/schema\/person\/8def4a0d3f1a4265698eb6f51243a746","name":"Thibaut","image":{"@type":"ImageObject","inLanguage":"fr","@id":"https:\/\/secure.gravatar.com\/avatar\/1657d3e03cb74dfd00a369778744d0f6773802ba2d5232a1fad7d484cfa7dcbe?s=96&d=mm&r=g","url":"https:\/\/secure.gravatar.com\/avatar\/1657d3e03cb74dfd00a369778744d0f6773802ba2d5232a1fad7d484cfa7dcbe?s=96&d=mm&r=g","contentUrl":"https:\/\/secure.gravatar.com\/avatar\/1657d3e03cb74dfd00a369778744d0f6773802ba2d5232a1fad7d484cfa7dcbe?s=96&d=mm&r=g","caption":"Thibaut"},"url":"https:\/\/www.locationlacannecy.fr\/blog\/author\/thibaut\/"}]}},"_links":{"self":[{"href":"https:\/\/www.locationlacannecy.fr\/blog\/wp-json\/wp\/v2\/posts\/1918","targetHints":{"allow":["GET"]}}],"collection":[{"href":"https:\/\/www.locationlacannecy.fr\/blog\/wp-json\/wp\/v2\/posts"}],"about":[{"href":"https:\/\/www.locationlacannecy.fr\/blog\/wp-json\/wp\/v2\/types\/post"}],"author":[{"embeddable":true,"href":"https:\/\/www.locationlacannecy.fr\/blog\/wp-json\/wp\/v2\/users\/6"}],"replies":[{"embeddable":true,"href":"https:\/\/www.locationlacannecy.fr\/blog\/wp-json\/wp\/v2\/comments?post=1918"}],"version-history":[{"count":38,"href":"https:\/\/www.locationlacannecy.fr\/blog\/wp-json\/wp\/v2\/posts\/1918\/revisions"}],"predecessor-version":[{"id":4632,"href":"https:\/\/www.locationlacannecy.fr\/blog\/wp-json\/wp\/v2\/posts\/1918\/revisions\/4632"}],"wp:featuredmedia":[{"embeddable":true,"href":"https:\/\/www.locationlacannecy.fr\/blog\/wp-json\/wp\/v2\/media\/1999"}],"wp:attachment":[{"href":"https:\/\/www.locationlacannecy.fr\/blog\/wp-json\/wp\/v2\/media?parent=1918"}],"wp:term":[{"taxonomy":"category","embeddable":true,"href":"https:\/\/www.locationlacannecy.fr\/blog\/wp-json\/wp\/v2\/categories?post=1918"},{"taxonomy":"post_tag","embeddable":true,"href":"https:\/\/www.locationlacannecy.fr\/blog\/wp-json\/wp\/v2\/tags?post=1918"}],"curies":[{"name":"wp","href":"https:\/\/api.w.org\/{rel}","templated":true}]}}