{"id":2064,"date":"2024-10-04T11:05:13","date_gmt":"2024-10-04T11:05:13","guid":{"rendered":"https:\/\/www.locationlacannecy.fr\/blog\/?p=2064"},"modified":"2025-10-22T14:14:47","modified_gmt":"2025-10-22T14:14:47","slug":"la-foire-saint-andre","status":"publish","type":"post","link":"https:\/\/www.locationlacannecy.fr\/blog\/la-foire-saint-andre\/","title":{"rendered":"La foire Saint-Andr\u00e9 2025 \u00e0 Annecy\u00a0: un \u00e9v\u00e9nement savoyard incontournable"},"content":{"rendered":"\t\t<div data-elementor-type=\"wp-post\" data-elementor-id=\"2064\" class=\"elementor elementor-2064\" data-elementor-post-type=\"post\">\n\t\t\t\t<div class=\"elementor-element elementor-element-3828fecb e-flex e-con-boxed e-con e-parent\" data-id=\"3828fecb\" data-element_type=\"container\" data-e-type=\"container\">\n\t\t\t\t\t<div class=\"e-con-inner\">\n\t\t\t\t<div class=\"elementor-element elementor-element-305e35c7 elementor-widget elementor-widget-text-editor\" data-id=\"305e35c7\" data-element_type=\"widget\" data-e-type=\"widget\" data-widget_type=\"text-editor.default\">\n\t\t\t\t<div class=\"elementor-widget-container\">\n\t\t\t\t\t\t\t\t\t<p>Tout au long de l\u2019ann\u00e9e, la ville d\u2019Annecy sait surprendre les visiteurs avec ses diff\u00e9rents \u00e9v\u00e9nements et foires qui la composent au rythme des saisons. \u00c0 l\u2019approche de No\u00ebl, c\u2019est la <strong>foire Saint-Andr\u00e9<\/strong> qui est mis \u00e0 l\u2019honneur\u00a0! Avec ses <strong>11000 commer\u00e7ants et ses 5,5 kilom\u00e8tres d\u2019\u00e9talage, <\/strong>elle attire chaque ann\u00e9e des dizaines de milliers de personnes en qu\u00eate de bonnes affaires. \u00c0 l\u2019occasion de cette \u00e9dition 2025, plongez dans la foire Saint-Andr\u00e9, son histoire et son univers pour vous faire plaisir avant les f\u00eates de fin d\u2019ann\u00e9e !<\/p>\t\t\t\t\t\t\t\t<\/div>\n\t\t\t\t<\/div>\n\t\t\t\t\t<\/div>\n\t\t\t\t<\/div>\n\t\t<div class=\"elementor-element elementor-element-554752f1 e-flex e-con-boxed e-con e-parent\" data-id=\"554752f1\" data-element_type=\"container\" data-e-type=\"container\">\n\t\t\t\t\t<div class=\"e-con-inner\">\n\t\t\t\t<div class=\"elementor-element elementor-element-1e29e8a0 elementor-widget elementor-widget-table-of-contents\" data-id=\"1e29e8a0\" data-element_type=\"widget\" data-e-type=\"widget\" data-settings=\"{&quot;headings_by_tags&quot;:[&quot;h2&quot;],&quot;exclude_headings_by_selector&quot;:[],&quot;marker_view&quot;:&quot;bullets&quot;,&quot;icon&quot;:{&quot;value&quot;:&quot;far fa-circle&quot;,&quot;library&quot;:&quot;fa-regular&quot;,&quot;rendered_tag&quot;:&quot;&lt;svg class=\\&quot;e-font-icon-svg e-far-circle\\&quot; viewBox=\\&quot;0 0 512 512\\&quot; xmlns=\\&quot;http:\\\/\\\/www.w3.org\\\/2000\\\/svg\\&quot;&gt;&lt;path d=\\&quot;M256 8C119 8 8 119 8 256s111 248 248 248 248-111 248-248S393 8 256 8zm0 448c-110.5 0-200-89.5-200-200S145.5 56 256 56s200 89.5 200 200-89.5 200-200 200z\\&quot;&gt;&lt;\\\/path&gt;&lt;\\\/svg&gt;&quot;},&quot;no_headings_message&quot;:&quot;Aucun titre n\\u2019a \\u00e9t\\u00e9 trouv\\u00e9 sur cette page.&quot;,&quot;hierarchical_view&quot;:&quot;yes&quot;,&quot;min_height&quot;:{&quot;unit&quot;:&quot;px&quot;,&quot;size&quot;:&quot;&quot;,&quot;sizes&quot;:[]},&quot;min_height_tablet&quot;:{&quot;unit&quot;:&quot;px&quot;,&quot;size&quot;:&quot;&quot;,&quot;sizes&quot;:[]},&quot;min_height_mobile&quot;:{&quot;unit&quot;:&quot;px&quot;,&quot;size&quot;:&quot;&quot;,&quot;sizes&quot;:[]}}\" data-widget_type=\"table-of-contents.default\">\n\t\t\t\t<div class=\"elementor-widget-container\">\n\t\t\t\t\t\t\t\t\t<div class=\"elementor-toc__header\">\n\t\t\t\t\t\t<div class=\"elementor-toc__header-title\">\n\t\t\t\tSOMMAIRE\t\t\t<\/div>\n\t\t\t\t\t\t\t\t<\/div>\n\t\t\t\t<div id=\"elementor-toc__1e29e8a0\" class=\"elementor-toc__body\">\n\t\t\t<div class=\"elementor-toc__spinner-container\">\n\t\t\t\t<svg class=\"elementor-toc__spinner eicon-animation-spin e-font-icon-svg e-eicon-loading\" aria-hidden=\"true\" viewBox=\"0 0 1000 1000\" xmlns=\"http:\/\/www.w3.org\/2000\/svg\"><path d=\"M500 975V858C696 858 858 696 858 500S696 142 500 142 142 304 142 500H25C25 237 238 25 500 25S975 237 975 500 763 975 500 975Z\"><\/path><\/svg>\t\t\t<\/div>\n\t\t<\/div>\n\t\t\t\t\t\t<\/div>\n\t\t\t\t<\/div>\n\t\t\t\t\t<\/div>\n\t\t\t\t<\/div>\n\t\t<div class=\"elementor-element elementor-element-48e0de70 e-flex e-con-boxed e-con e-parent\" data-id=\"48e0de70\" data-element_type=\"container\" data-e-type=\"container\">\n\t\t\t\t\t<div class=\"e-con-inner\">\n\t\t\t\t<div class=\"elementor-element elementor-element-2be4373a elementor-widget elementor-widget-heading\" data-id=\"2be4373a\" data-element_type=\"widget\" data-e-type=\"widget\" data-widget_type=\"heading.default\">\n\t\t\t\t<div class=\"elementor-widget-container\">\n\t\t\t\t\t<h2 class=\"elementor-heading-title elementor-size-default\">Histoire et Tradition de la Foire Saint Andr\u00e9 \u00e0 Annecy<\/h2>\t\t\t\t<\/div>\n\t\t\t\t<\/div>\n\t\t\t\t<div class=\"elementor-element elementor-element-5b6d02bc elementor-widget elementor-widget-text-editor\" data-id=\"5b6d02bc\" data-element_type=\"widget\" data-e-type=\"widget\" data-widget_type=\"text-editor.default\">\n\t\t\t\t<div class=\"elementor-widget-container\">\n\t\t\t\t\t\t\t\t\t<p>Vieille de cinq si\u00e8cles, la <strong>foire Saint-Andr\u00e9 \u00e9tonne par sa long\u00e9vit\u00e9 et son histoire atypique<\/strong>\u00a0; on trouverait m\u00eame des r\u00e9f\u00e9rences <strong>datant de 1132<\/strong>, \u00e9poque \u00e0 laquelle le comte de Gen\u00e8ve devait verser une somme \u00e0 l\u2019abbaye de Tamier le jour de la Saint-Andr\u00e9. \u00c0 l\u2019\u00e9poque, au Moyen-\u00c2ge, la Saint-Andr\u00e9 se tenait le premier mardi de d\u00e9cembre (ce qui est toujours le cas aujourd\u2019hui) et elle \u00e9tait l\u2019occasion pour les habitants vivant \u00e0 la montagne et provenant de lieux recul\u00e9s de vendre leur production et de se pr\u00e9parer pour l\u2019hiver en se fournissant en denr\u00e9es et ustensiles.<\/p><p>La foire exposait donc du mat\u00e9riel agricole ; et les marchands de chevaux faisaient courir leurs animaux afin de montrer leurs qualit\u00e9s avant de les vendre aux plus offrants. C\u2019\u00e9tait \u00e9galement l\u2019occasion de rencontrer les <strong>camelots<\/strong>, des marchands ambulants qui vendaient toutes sortes d\u2019objets, mais aussi les casseurs d\u2019assiettes, des vendeurs qui cassaient leur porcelaine si cette derni\u00e8re n\u2019\u00e9tait pas vendue au cours de la journ\u00e9e.<\/p><p>Aujourd\u2019hui, les besoins des locaux et les conditions de vie ont bien \u00e9videmment \u00e9volu\u00e9, mais la foire Saint-Andr\u00e9 a su garder ce c\u00f4t\u00e9 festif qui la caract\u00e9rise tant.<\/p>\t\t\t\t\t\t\t\t<\/div>\n\t\t\t\t<\/div>\n\t\t\t\t\t<\/div>\n\t\t\t\t<\/div>\n\t\t<div class=\"elementor-element elementor-element-0d5415d e-flex e-con-boxed e-con e-parent\" data-id=\"0d5415d\" data-element_type=\"container\" data-e-type=\"container\">\n\t\t\t\t\t<div class=\"e-con-inner\">\n\t\t\t\t<div class=\"elementor-element elementor-element-9deedb0 elementor-widget elementor-widget-image\" data-id=\"9deedb0\" data-element_type=\"widget\" data-e-type=\"widget\" data-widget_type=\"image.default\">\n\t\t\t\t<div class=\"elementor-widget-container\">\n\t\t\t\t\t\t\t\t\t\t\t\t\t\t\t<img fetchpriority=\"high\" decoding=\"async\" width=\"1220\" height=\"570\" src=\"https:\/\/www.locationlacannecy.fr\/blog\/wp-content\/uploads\/2024\/10\/Foire-Saint-Andre-a-Annecy-visiter.jpg\" class=\"attachment-full size-full wp-image-2080\" alt=\"Foire-Saint-Andre-a-Annecy-visiter\" srcset=\"https:\/\/www.locationlacannecy.fr\/blog\/wp-content\/uploads\/2024\/10\/Foire-Saint-Andre-a-Annecy-visiter.jpg 1220w, https:\/\/www.locationlacannecy.fr\/blog\/wp-content\/uploads\/2024\/10\/Foire-Saint-Andre-a-Annecy-visiter-768x359.jpg 768w\" sizes=\"(max-width: 1220px) 100vw, 1220px\" \/>\t\t\t\t\t\t\t\t\t\t\t\t\t\t\t<\/div>\n\t\t\t\t<\/div>\n\t\t\t\t\t<\/div>\n\t\t\t\t<\/div>\n\t\t<div class=\"elementor-element elementor-element-01a2646 e-flex e-con-boxed e-con e-parent\" data-id=\"01a2646\" data-element_type=\"container\" data-e-type=\"container\">\n\t\t\t\t\t<div class=\"e-con-inner\">\n\t\t\t\t<div class=\"elementor-element elementor-element-1265a87 elementor-widget elementor-widget-heading\" data-id=\"1265a87\" data-element_type=\"widget\" data-e-type=\"widget\" data-widget_type=\"heading.default\">\n\t\t\t\t<div class=\"elementor-widget-container\">\n\t\t\t\t\t<h2 class=\"elementor-heading-title elementor-size-default\">Que voir et faire \u00e0 la Foire Saint Andr\u00e9 de Annecy 2025<\/h2>\t\t\t\t<\/div>\n\t\t\t\t<\/div>\n\t\t\t\t<div class=\"elementor-element elementor-element-8d8bc33 elementor-widget elementor-widget-text-editor\" data-id=\"8d8bc33\" data-element_type=\"widget\" data-e-type=\"widget\" data-widget_type=\"text-editor.default\">\n\t\t\t\t<div class=\"elementor-widget-container\">\n\t\t\t\t\t\t\t\t\t<p>La foire Saint-Andr\u00e9 est l\u2019occasion pour les riverains et visiteurs des villages environnants de faire de bonnes occasions en mati\u00e8re de produits artisanaux et de d\u00e9guster des sp\u00e9cialit\u00e9s r\u00e9gionales, mais la foire Saint-Andr\u00e9 propose \u00e9galement d\u2019autres activit\u00e9s, comme la <strong>f\u00eate foraine de la Saint-Andr\u00e9, qui elle est disponible du 22 novembre au 7 d\u00e9cembre<\/strong>\u00a0; elle vous permettra de profiter de man\u00e8ges impressionnants et d\u2019une grande roue, pour les petits comme pour les grands, au rythme de lumi\u00e8res \u00e9blouissantes et de musiques festives.<\/p><p>En outre, lorsque vous d\u00e9ambulerez entre les diff\u00e9rents \u00e9tals des commer\u00e7ants de la foire Saint-Andr\u00e9, vous croiserez certainement des marchands vendant toutes sortes de produits\u00a0: des santons \u00e0 l\u2019approche des <a href=\"https:\/\/www.locationlacannecy.fr\/blog\/noel-alpes-annecy\/\">f\u00eates de No\u00ebl<\/a>, des recettes typiques de la r\u00e9gion, ou encore tout un tas de choses en lien avec les bonnes affaires, allant des v\u00eatements aux produits artisanaux. En clair, il y aura de tout, pour tout le monde.<\/p>\t\t\t\t\t\t\t\t<\/div>\n\t\t\t\t<\/div>\n\t\t\t\t\t<\/div>\n\t\t\t\t<\/div>\n\t\t<div class=\"elementor-element elementor-element-60ea3d5 e-flex e-con-boxed e-con e-parent\" data-id=\"60ea3d5\" data-element_type=\"container\" data-e-type=\"container\">\n\t\t\t\t\t<div class=\"e-con-inner\">\n\t\t\t\t<div class=\"elementor-element elementor-element-1f8b91c elementor-grid-4 elementor-grid-tablet-2 elementor-grid-mobile-1 elementor-posts--thumbnail-top elementor-card-shadow-yes elementor-posts__hover-gradient load-more-align-center elementor-widget elementor-widget-posts\" data-id=\"1f8b91c\" data-element_type=\"widget\" data-e-type=\"widget\" data-settings=\"{&quot;pagination_type&quot;:&quot;load_more_on_click&quot;,&quot;cards_columns&quot;:&quot;4&quot;,&quot;cards_columns_tablet&quot;:&quot;2&quot;,&quot;cards_columns_mobile&quot;:&quot;1&quot;,&quot;cards_row_gap&quot;:{&quot;unit&quot;:&quot;px&quot;,&quot;size&quot;:35,&quot;sizes&quot;:[]},&quot;cards_row_gap_tablet&quot;:{&quot;unit&quot;:&quot;px&quot;,&quot;size&quot;:&quot;&quot;,&quot;sizes&quot;:[]},&quot;cards_row_gap_mobile&quot;:{&quot;unit&quot;:&quot;px&quot;,&quot;size&quot;:&quot;&quot;,&quot;sizes&quot;:[]},&quot;load_more_spinner&quot;:{&quot;value&quot;:&quot;fas fa-spinner&quot;,&quot;library&quot;:&quot;fa-solid&quot;}}\" data-widget_type=\"posts.cards\">\n\t\t\t\t<div class=\"elementor-widget-container\">\n\t\t\t\t\t\t\t<div class=\"elementor-posts-container elementor-posts elementor-posts--skin-cards elementor-grid\" role=\"list\">\n\t\t\t\t<article class=\"elementor-post elementor-grid-item post-8721 post type-post status-publish format-standard has-post-thumbnail hentry category-activites category-lac-annecy\" role=\"listitem\">\n\t\t\t<div class=\"elementor-post__card\">\n\t\t\t\t<a class=\"elementor-post__thumbnail__link\" href=\"https:\/\/www.locationlacannecy.fr\/blog\/annecy-en-3-jours\/\" tabindex=\"-1\" ><div class=\"elementor-post__thumbnail\"><img decoding=\"async\" width=\"2121\" height=\"707\" src=\"https:\/\/www.locationlacannecy.fr\/blog\/wp-content\/uploads\/2026\/04\/Annecy-en-3-jours.jpg\" class=\"attachment-full size-full wp-image-8765\" alt=\"\" srcset=\"https:\/\/www.locationlacannecy.fr\/blog\/wp-content\/uploads\/2026\/04\/Annecy-en-3-jours.jpg 2121w, https:\/\/www.locationlacannecy.fr\/blog\/wp-content\/uploads\/2026\/04\/Annecy-en-3-jours-300x100.jpg 300w, https:\/\/www.locationlacannecy.fr\/blog\/wp-content\/uploads\/2026\/04\/Annecy-en-3-jours-1024x341.jpg 1024w, https:\/\/www.locationlacannecy.fr\/blog\/wp-content\/uploads\/2026\/04\/Annecy-en-3-jours-768x256.jpg 768w, https:\/\/www.locationlacannecy.fr\/blog\/wp-content\/uploads\/2026\/04\/Annecy-en-3-jours-1536x512.jpg 1536w, https:\/\/www.locationlacannecy.fr\/blog\/wp-content\/uploads\/2026\/04\/Annecy-en-3-jours-2048x683.jpg 2048w\" sizes=\"(max-width: 2121px) 100vw, 2121px\" \/><\/div><\/a>\n\t\t\t\t<div class=\"elementor-post__text\">\n\t\t\t\t<h3 class=\"elementor-post__title\">\n\t\t\t<a href=\"https:\/\/www.locationlacannecy.fr\/blog\/annecy-en-3-jours\/\" >\n\t\t\t\tQue faire \u00e0 Annecy en 3 jours\u00a0? Un itin\u00e9raire complet et des conseils pour un s\u00e9jour d\u2019anthologie\t\t\t<\/a>\n\t\t<\/h3>\n\t\t\n\t\t<a class=\"elementor-post__read-more\" href=\"https:\/\/www.locationlacannecy.fr\/blog\/annecy-en-3-jours\/\" aria-label=\"Read more about Que faire \u00e0 Annecy en 3 jours\u00a0? Un itin\u00e9raire complet et des conseils pour un s\u00e9jour d\u2019anthologie\" tabindex=\"-1\" >\n\t\t\tLire la suite \u00bb\t\t<\/a>\n\n\t\t\t\t<\/div>\n\t\t\t\t\t<\/div>\n\t\t<\/article>\n\t\t\t\t<article class=\"elementor-post elementor-grid-item post-8726 post type-post status-publish format-standard has-post-thumbnail hentry category-activites category-lac-annecy\" role=\"listitem\">\n\t\t\t<div class=\"elementor-post__card\">\n\t\t\t\t<a class=\"elementor-post__thumbnail__link\" href=\"https:\/\/www.locationlacannecy.fr\/blog\/activite-annecy-en-famille\/\" tabindex=\"-1\" ><div class=\"elementor-post__thumbnail\"><img decoding=\"async\" width=\"1254\" height=\"418\" src=\"https:\/\/www.locationlacannecy.fr\/blog\/wp-content\/uploads\/2026\/04\/Annecy-en-Famille.jpg\" class=\"attachment-full size-full wp-image-8770\" alt=\"\" srcset=\"https:\/\/www.locationlacannecy.fr\/blog\/wp-content\/uploads\/2026\/04\/Annecy-en-Famille.jpg 1254w, https:\/\/www.locationlacannecy.fr\/blog\/wp-content\/uploads\/2026\/04\/Annecy-en-Famille-300x100.jpg 300w, https:\/\/www.locationlacannecy.fr\/blog\/wp-content\/uploads\/2026\/04\/Annecy-en-Famille-1024x341.jpg 1024w, https:\/\/www.locationlacannecy.fr\/blog\/wp-content\/uploads\/2026\/04\/Annecy-en-Famille-768x256.jpg 768w\" sizes=\"(max-width: 1254px) 100vw, 1254px\" \/><\/div><\/a>\n\t\t\t\t<div class=\"elementor-post__text\">\n\t\t\t\t<h3 class=\"elementor-post__title\">\n\t\t\t<a href=\"https:\/\/www.locationlacannecy.fr\/blog\/activite-annecy-en-famille\/\" >\n\t\t\t\tVenir \u00e0 Annecy en famille : les activit\u00e9s, les visites et des conseils pour un s\u00e9jour inoubliable avec vos enfants\t\t\t<\/a>\n\t\t<\/h3>\n\t\t\n\t\t<a class=\"elementor-post__read-more\" href=\"https:\/\/www.locationlacannecy.fr\/blog\/activite-annecy-en-famille\/\" aria-label=\"Read more about Venir \u00e0 Annecy en famille : les activit\u00e9s, les visites et des conseils pour un s\u00e9jour inoubliable avec vos enfants\" tabindex=\"-1\" >\n\t\t\tLire la suite \u00bb\t\t<\/a>\n\n\t\t\t\t<\/div>\n\t\t\t\t\t<\/div>\n\t\t<\/article>\n\t\t\t\t<article class=\"elementor-post elementor-grid-item post-8731 post type-post status-publish format-standard has-post-thumbnail hentry category-lac-annecy\" role=\"listitem\">\n\t\t\t<div class=\"elementor-post__card\">\n\t\t\t\t<a class=\"elementor-post__thumbnail__link\" href=\"https:\/\/www.locationlacannecy.fr\/blog\/guide-pratique-sur-sevrier\/\" tabindex=\"-1\" ><div class=\"elementor-post__thumbnail\"><img loading=\"lazy\" decoding=\"async\" width=\"1000\" height=\"339\" src=\"https:\/\/www.locationlacannecy.fr\/blog\/wp-content\/uploads\/2026\/04\/lacdannecysevrier.png\" class=\"attachment-full size-full wp-image-8740\" alt=\"\" srcset=\"https:\/\/www.locationlacannecy.fr\/blog\/wp-content\/uploads\/2026\/04\/lacdannecysevrier.png 1000w, https:\/\/www.locationlacannecy.fr\/blog\/wp-content\/uploads\/2026\/04\/lacdannecysevrier-300x102.png 300w, https:\/\/www.locationlacannecy.fr\/blog\/wp-content\/uploads\/2026\/04\/lacdannecysevrier-768x260.png 768w\" sizes=\"(max-width: 1000px) 100vw, 1000px\" \/><\/div><\/a>\n\t\t\t\t<div class=\"elementor-post__text\">\n\t\t\t\t<h3 class=\"elementor-post__title\">\n\t\t\t<a href=\"https:\/\/www.locationlacannecy.fr\/blog\/guide-pratique-sur-sevrier\/\" >\n\t\t\t\tGuide pratique \/\/ Sevrier\t\t\t<\/a>\n\t\t<\/h3>\n\t\t\n\t\t<a class=\"elementor-post__read-more\" href=\"https:\/\/www.locationlacannecy.fr\/blog\/guide-pratique-sur-sevrier\/\" aria-label=\"Read more about Guide pratique \/\/ Sevrier\" tabindex=\"-1\" >\n\t\t\tLire la suite \u00bb\t\t<\/a>\n\n\t\t\t\t<\/div>\n\t\t\t\t\t<\/div>\n\t\t<\/article>\n\t\t\t\t<article class=\"elementor-post elementor-grid-item post-8314 post type-post status-publish format-standard has-post-thumbnail hentry category-lac-annecy\" role=\"listitem\">\n\t\t\t<div class=\"elementor-post__card\">\n\t\t\t\t<a class=\"elementor-post__thumbnail__link\" href=\"https:\/\/www.locationlacannecy.fr\/blog\/lac-annecy-printemps\/\" tabindex=\"-1\" ><div class=\"elementor-post__thumbnail\"><img loading=\"lazy\" decoding=\"async\" width=\"1920\" height=\"960\" src=\"https:\/\/www.locationlacannecy.fr\/blog\/wp-content\/uploads\/2026\/03\/Lac-annecy-printemps.jpg\" class=\"attachment-full size-full wp-image-8383\" alt=\"Lac annecy printemps\" srcset=\"https:\/\/www.locationlacannecy.fr\/blog\/wp-content\/uploads\/2026\/03\/Lac-annecy-printemps.jpg 1920w, https:\/\/www.locationlacannecy.fr\/blog\/wp-content\/uploads\/2026\/03\/Lac-annecy-printemps-300x150.jpg 300w, https:\/\/www.locationlacannecy.fr\/blog\/wp-content\/uploads\/2026\/03\/Lac-annecy-printemps-1024x512.jpg 1024w, https:\/\/www.locationlacannecy.fr\/blog\/wp-content\/uploads\/2026\/03\/Lac-annecy-printemps-768x384.jpg 768w, https:\/\/www.locationlacannecy.fr\/blog\/wp-content\/uploads\/2026\/03\/Lac-annecy-printemps-1536x768.jpg 1536w\" sizes=\"(max-width: 1920px) 100vw, 1920px\" \/><\/div><\/a>\n\t\t\t\t<div class=\"elementor-post__text\">\n\t\t\t\t<h3 class=\"elementor-post__title\">\n\t\t\t<a href=\"https:\/\/www.locationlacannecy.fr\/blog\/lac-annecy-printemps\/\" >\n\t\t\t\tAppr\u00e9ciez le r\u00e9veil de la nature au lac d\u2019Annecy au printemps\t\t\t<\/a>\n\t\t<\/h3>\n\t\t\n\t\t<a class=\"elementor-post__read-more\" href=\"https:\/\/www.locationlacannecy.fr\/blog\/lac-annecy-printemps\/\" aria-label=\"Read more about Appr\u00e9ciez le r\u00e9veil de la nature au lac d\u2019Annecy au printemps\" tabindex=\"-1\" >\n\t\t\tLire la suite \u00bb\t\t<\/a>\n\n\t\t\t\t<\/div>\n\t\t\t\t\t<\/div>\n\t\t<\/article>\n\t\t\t\t<\/div>\n\t\t\t\t\t<span class=\"e-load-more-spinner\">\n\t\t\t\t<svg aria-hidden=\"true\" class=\"e-font-icon-svg e-fas-spinner\" viewBox=\"0 0 512 512\" xmlns=\"http:\/\/www.w3.org\/2000\/svg\"><path d=\"M304 48c0 26.51-21.49 48-48 48s-48-21.49-48-48 21.49-48 48-48 48 21.49 48 48zm-48 368c-26.51 0-48 21.49-48 48s21.49 48 48 48 48-21.49 48-48-21.49-48-48-48zm208-208c-26.51 0-48 21.49-48 48s21.49 48 48 48 48-21.49 48-48-21.49-48-48-48zM96 256c0-26.51-21.49-48-48-48S0 229.49 0 256s21.49 48 48 48 48-21.49 48-48zm12.922 99.078c-26.51 0-48 21.49-48 48s21.49 48 48 48 48-21.49 48-48c0-26.509-21.491-48-48-48zm294.156 0c-26.51 0-48 21.49-48 48s21.49 48 48 48 48-21.49 48-48c0-26.509-21.49-48-48-48zM108.922 60.922c-26.51 0-48 21.49-48 48s21.49 48 48 48 48-21.49 48-48-21.491-48-48-48z\"><\/path><\/svg>\t\t\t<\/span>\n\t\t\n\t\t\t\t<div class=\"e-load-more-anchor\" data-page=\"1\" data-max-page=\"12\" data-next-page=\"https:\/\/www.locationlacannecy.fr\/blog\/wp-json\/wp\/v2\/posts\/2064\/page\/2\/\"><\/div>\n\t\t\t\t<div class=\"elementor-button-wrapper\">\n\t\t\t<a class=\"elementor-button elementor-size-sm\" role=\"button\">\n\t\t\t\t\t\t<span class=\"elementor-button-content-wrapper\">\n\t\t\t\t\t\t\t\t\t<span class=\"elementor-button-text\">VOIR PLUS \u00bb<\/span>\n\t\t\t\t\t<\/span>\n\t\t\t\t\t<\/a>\n\t\t<\/div>\n\t\t\t\t<div class=\"e-load-more-message\"><\/div>\n\t\t\t\t\t\t<\/div>\n\t\t\t\t<\/div>\n\t\t\t\t\t<\/div>\n\t\t\t\t<\/div>\n\t\t<div class=\"elementor-element elementor-element-0a3ad2c e-flex e-con-boxed e-con e-parent\" data-id=\"0a3ad2c\" data-element_type=\"container\" data-e-type=\"container\">\n\t\t\t\t\t<div class=\"e-con-inner\">\n\t\t\t\t<div class=\"elementor-element elementor-element-d77a48e elementor-widget elementor-widget-heading\" data-id=\"d77a48e\" data-element_type=\"widget\" data-e-type=\"widget\" data-widget_type=\"heading.default\">\n\t\t\t\t<div class=\"elementor-widget-container\">\n\t\t\t\t\t<h2 class=\"elementor-heading-title elementor-size-default\">Les produits typiques de la Foire Saint Andr\u00e9<\/h2>\t\t\t\t<\/div>\n\t\t\t\t<\/div>\n\t\t\t\t<div class=\"elementor-element elementor-element-2d9b651 elementor-widget elementor-widget-text-editor\" data-id=\"2d9b651\" data-element_type=\"widget\" data-e-type=\"widget\" data-widget_type=\"text-editor.default\">\n\t\t\t\t<div class=\"elementor-widget-container\">\n\t\t\t\t\t\t\t\t\t<p>Si vous vous rendez \u00e0 la foire Saint-Andr\u00e9, c\u2019est avant tout pour faire la <strong>d\u00e9gustation de produits locaux<\/strong>, typique de la r\u00e9gion d\u2019Annecy et de ses alentours\u00a0! En effet, le terroir ann\u00e9cien est r\u00e9put\u00e9 pour sa grande g\u00e9n\u00e9rosit\u00e9 et ses recettes anciennes, ce qui met l\u2019accent sur la long\u00e9vit\u00e9 de la foire Saint-Andr\u00e9. Au menu, vous pourrez d\u00e9gustez une pl\u00e9thore de plats d\u2019hiver \u00e0 base de fromage, comme la <strong>fondue savoyarde<\/strong>, un incontournable de la r\u00e9gion qui r\u00e9unit une quantit\u00e9 astronomique de fromage au lait de vaches dans l\u2019assiette\u00a0; en parlant de fromage, il vous sera \u00e9galement possible d\u00e8s 8h du matin \u00e0 la foire Saint-Andr\u00e9 de go\u00fbter la <strong>tartiflette<\/strong> locale, un gratin de fromage et de pomme de terre tr\u00e8s typique et qui est une v\u00e9ritable star en Haute-Savoie.<\/p><p>Pour les amateurs de viande, il est possible de d\u00e9guster des saucisses de porc miniatures que l\u2019on appelle des \u00ab\u00a0<strong>diots<\/strong>\u00a0\u00bb. Ces derni\u00e8res sont cuites avec du vin blanc et des oignons et s\u2019accompagnent g\u00e9n\u00e9ralement de <strong>Crozets<\/strong>, qui sont des petites p\u00e2tes plates, reconnaissables \u00e0 leur forme carr\u00e9e. Elles peuvent aussi \u00eatre cuisin\u00e9es fa\u00e7on \u00ab\u00a0<strong>croziflette<\/strong>\u00a0\u00bb, avec des oignons, des lardons tout en \u00e9tant recouvertes de fromage \u00e0 gratiner.<\/p><p>Pour accompagner votre repas, un vin blanc typiquement savoyard est de mise\u00a0: leur ar\u00f4me doux vous permettra de relever les diff\u00e9rents plats que vous d\u00e9gusterez, mais prenez garde\u00a0: il peut vite vous monter \u00e0 la t\u00eate\u00a0! Nous vous conseillons <strong>le vin Roussette de Savoie<\/strong>, un vin sec et tr\u00e8s aromatique qui saura ravir vos papilles gustatives.<\/p><p>En guise de dessert, vous pourrez retrouver sur la foire Saint-Andr\u00e9 des douceurs comme le <strong>g\u00e2teau de Savoie<\/strong>, un aliment \u00e0 base de farine, de f\u00e9cule de ma\u00efs, de sucre et d\u2019\u0153ufs, qui s\u2019accompagne g\u00e9n\u00e9ralement avec de la compote de pomme, ou encore <strong>les truffes en chocolat<\/strong>, des sucreries \u00e9labor\u00e9es \u00e0 base de chocolat noir, de cr\u00e8me liquide, de beurre et d\u2019un soup\u00e7on de vanille.<\/p><p>Vous l\u2019aurez compris, la foire Saint-Andr\u00e9 est aussi l\u2019occasion de d\u00e9couvrir des sp\u00e9cialit\u00e9s locales et de vous r\u00e9galer lors de votre escapade marchande.<\/p>\t\t\t\t\t\t\t\t<\/div>\n\t\t\t\t<\/div>\n\t\t\t\t\t<\/div>\n\t\t\t\t<\/div>\n\t\t<div class=\"elementor-element elementor-element-064f175 e-flex e-con-boxed e-con e-parent\" data-id=\"064f175\" data-element_type=\"container\" data-e-type=\"container\">\n\t\t\t\t\t<div class=\"e-con-inner\">\n\t\t\t\t<div class=\"elementor-element elementor-element-973f11c elementor-widget elementor-widget-image\" data-id=\"973f11c\" data-element_type=\"widget\" data-e-type=\"widget\" data-widget_type=\"image.default\">\n\t\t\t\t<div class=\"elementor-widget-container\">\n\t\t\t\t\t\t\t\t\t\t\t\t\t\t\t<img loading=\"lazy\" decoding=\"async\" width=\"1230\" height=\"615\" src=\"https:\/\/www.locationlacannecy.fr\/blog\/wp-content\/uploads\/2024\/10\/Foire-Saint-Andre-a-Annecy.jpg\" class=\"attachment-full size-full wp-image-2082\" alt=\"Foire-Saint-Andre-a-Annecy\" srcset=\"https:\/\/www.locationlacannecy.fr\/blog\/wp-content\/uploads\/2024\/10\/Foire-Saint-Andre-a-Annecy.jpg 1230w, https:\/\/www.locationlacannecy.fr\/blog\/wp-content\/uploads\/2024\/10\/Foire-Saint-Andre-a-Annecy-768x384.jpg 768w\" sizes=\"(max-width: 1230px) 100vw, 1230px\" \/>\t\t\t\t\t\t\t\t\t\t\t\t\t\t\t<\/div>\n\t\t\t\t<\/div>\n\t\t\t\t\t<\/div>\n\t\t\t\t<\/div>\n\t\t<div class=\"elementor-element elementor-element-26b4f8c e-flex e-con-boxed e-con e-parent\" data-id=\"26b4f8c\" data-element_type=\"container\" data-e-type=\"container\">\n\t\t\t\t\t<div class=\"e-con-inner\">\n\t\t\t\t<div class=\"elementor-element elementor-element-a10fc50 elementor-widget elementor-widget-heading\" data-id=\"a10fc50\" data-element_type=\"widget\" data-e-type=\"widget\" data-widget_type=\"heading.default\">\n\t\t\t\t<div class=\"elementor-widget-container\">\n\t\t\t\t\t<h2 class=\"elementor-heading-title elementor-size-default\">Quelques conseils pour profiter au maximum de la Foire Saint Andr\u00e9<\/h2>\t\t\t\t<\/div>\n\t\t\t\t<\/div>\n\t\t\t\t<div class=\"elementor-element elementor-element-44d0e58 elementor-widget elementor-widget-text-editor\" data-id=\"44d0e58\" data-element_type=\"widget\" data-e-type=\"widget\" data-widget_type=\"text-editor.default\">\n\t\t\t\t<div class=\"elementor-widget-container\">\n\t\t\t\t\t\t\t\t\t<p>La foire Saint-Andr\u00e9 est un \u00e9v\u00e9nement qui attire beaucoup de visiteurs\u00a0: l\u2019ann\u00e9e derni\u00e8re, on ne comptait pas moins de <strong>80\u00a0000 personnes en une journ\u00e9e. <\/strong>Aussi, il est conseill\u00e9 de s\u2019y rendre \u00e0 pied ou en bus afin d\u2019\u00e9viter de se retrouver bloquer en voiture et de se faciliter la vie\u00a0: \u00e9tant bas\u00e9e au centre-ville, la foire Saint-Andr\u00e9 est bien desservie par des bus, notamment du c\u00f4t\u00e9 de la rue Sommelier et via une desserte de bus SIBRA.<\/p><p>Pour ceux qui veulent tout de m\u00eame s\u2019y rendre en voiture, il existe plusieurs parkings non loin de la foire\u00a0: il y a le parking Saint-Claire du c\u00f4t\u00e9 de la rue de la Gare, le Parking de la Poste, dont l\u2019acc\u00e8s est ferm\u00e9 d\u00e8s 5h du matin, et le Parking Carnot, qui lui cependant est ferm\u00e9 de 5h \u00e0 19h.<\/p><p>Enfin, le march\u00e9 est en acc\u00e8s libre, ce qui signifie que vous pouvez vous y rendre quand bon vous semble. Notez tout de m\u00eame que les commer\u00e7ants de la foire sont pr\u00e9sents de <strong>9h \u00e0 19h<\/strong>, soit toute la journ\u00e9e.<\/p>\t\t\t\t\t\t\t\t<\/div>\n\t\t\t\t<\/div>\n\t\t\t\t\t<\/div>\n\t\t\t\t<\/div>\n\t\t<div class=\"elementor-element elementor-element-f4f0fc1 e-flex e-con-boxed e-con e-parent\" data-id=\"f4f0fc1\" data-element_type=\"container\" data-e-type=\"container\">\n\t\t\t\t\t<div class=\"e-con-inner\">\n\t\t\t\t<div class=\"elementor-element elementor-element-08e5c2c elementor-widget elementor-widget-heading\" data-id=\"08e5c2c\" data-element_type=\"widget\" data-e-type=\"widget\" data-widget_type=\"heading.default\">\n\t\t\t\t<div class=\"elementor-widget-container\">\n\t\t\t\t\t<h2 class=\"elementor-heading-title elementor-size-default\">Rendez-vous \u00e0 la foire Saint-Andr\u00e9 avec nous !<\/h2>\t\t\t\t<\/div>\n\t\t\t\t<\/div>\n\t\t\t\t<div class=\"elementor-element elementor-element-6c62ed2 elementor-widget elementor-widget-text-editor\" data-id=\"6c62ed2\" data-element_type=\"widget\" data-e-type=\"widget\" data-widget_type=\"text-editor.default\">\n\t\t\t\t<div class=\"elementor-widget-container\">\n\t\t\t\t\t\t\t\t\t<p>La <strong>foire Saint-Andr\u00e9<\/strong> est un \u00e9v\u00e9nement incontournable pour les amoureux de bonnes affaires et les gourmands en tout genre\u00a0! Vous pourrez profiter d\u2019une ambiance festive, d\u2019une cuisine gastronomique et de produits locaux qui font honneur aux traditions savoyardes. Vous avez envie d\u2019y participer et de d\u00e9ambuler entre les diff\u00e9rents \u00e9talages\u00a0? C\u2019est l\u00e0 que Location Lac Annecy entre en jeu\u00a0! En r\u00e9servant votre h\u00e9bergement sur notre <a href=\"https:\/\/www.locationlacannecy.fr\/\">site<\/a>, vous pourrez profiter de la foire Saint-Andr\u00e9, mais aussi de toutes les activit\u00e9s qu\u2019offre la ville d\u2019Annecy lors des f\u00eates de fin d\u2019ann\u00e9e.<\/p>\t\t\t\t\t\t\t\t<\/div>\n\t\t\t\t<\/div>\n\t\t\t\t\t<\/div>\n\t\t\t\t<\/div>\n\t\t<div class=\"elementor-element elementor-element-34f1f09 e-flex e-con-boxed e-con e-parent\" data-id=\"34f1f09\" data-element_type=\"container\" data-e-type=\"container\">\n\t\t\t\t\t<div class=\"e-con-inner\">\n\t\t\t\t<div class=\"elementor-element elementor-element-81b9498 elementor-widget elementor-widget-shortcode\" data-id=\"81b9498\" data-element_type=\"widget\" data-e-type=\"widget\" data-widget_type=\"shortcode.default\">\n\t\t\t\t<div class=\"elementor-widget-container\">\n\t\t\t\t\t\t\t<div class=\"elementor-shortcode\">\t\t<div data-elementor-type=\"container\" data-elementor-id=\"2863\" class=\"elementor elementor-2863 elementor-2924 elementor-2924\" data-elementor-post-type=\"elementor_library\">\n\t\t\t\t<div class=\"elementor-element elementor-element-794180e0 e-flex e-con-boxed e-con e-parent\" data-id=\"794180e0\" data-element_type=\"container\" data-e-type=\"container\">\n\t\t\t\t\t<div class=\"e-con-inner\">\n\t\t<div class=\"elementor-element elementor-element-7bd67a93 e-con-full e-flex e-con e-child\" data-id=\"7bd67a93\" data-element_type=\"container\" data-e-type=\"container\">\n\t\t\t\t<div class=\"elementor-element elementor-element-4d6f49e0 elementor-cta--skin-cover elementor-cta--valign-bottom elementor-animated-content elementor-bg-transform elementor-bg-transform-zoom-in elementor-widget elementor-widget-call-to-action\" data-id=\"4d6f49e0\" data-element_type=\"widget\" data-e-type=\"widget\" data-widget_type=\"call-to-action.default\">\n\t\t\t\t<div class=\"elementor-widget-container\">\n\t\t\t\t\t\t\t<div class=\"elementor-cta\">\n\t\t\t\t\t<div class=\"elementor-cta__bg-wrapper\">\n\t\t\t\t<div class=\"elementor-cta__bg elementor-bg\" style=\"background-image: url(https:\/\/www.locationlacannecy.fr\/blog\/wp-content\/uploads\/2025\/01\/location-saisonniere-lac-annecy-france-1.webp);\" role=\"img\" aria-label=\"location saisonni\u00e8re lac annecy france\"><\/div>\n\t\t\t\t<div class=\"elementor-cta__bg-overlay\"><\/div>\n\t\t\t<\/div>\n\t\t\t\t\t\t\t<div class=\"elementor-cta__content\">\n\t\t\t\t\n\t\t\t\t\n\t\t\t\t\n\t\t\t\t\t\t\t\t\t<div class=\"elementor-cta__button-wrapper elementor-cta__content-item elementor-content-item elementor-animated-item--grow\">\n\t\t\t\t\t<a class=\"elementor-cta__button elementor-button elementor-size-\" href=\"https:\/\/www.locationlacannecy.fr\/location-vacances-lac-annecy\/\">\n\t\t\t\t\t\tLOCATIONS LAC ANNECY\t\t\t\t\t<\/a>\n\t\t\t\t\t<\/div>\n\t\t\t\t\t\t\t<\/div>\n\t\t\t\t\t\t<\/div>\n\t\t\t\t\t\t<\/div>\n\t\t\t\t<\/div>\n\t\t\t\t<\/div>\n\t\t<div class=\"elementor-element elementor-element-6ae81fc2 e-con-full e-flex e-con e-child\" data-id=\"6ae81fc2\" data-element_type=\"container\" data-e-type=\"container\">\n\t\t\t\t<div class=\"elementor-element elementor-element-d5b7aa0 elementor-cta--skin-cover elementor-cta--valign-bottom elementor-animated-content elementor-bg-transform elementor-bg-transform-zoom-in elementor-widget elementor-widget-call-to-action\" data-id=\"d5b7aa0\" data-element_type=\"widget\" data-e-type=\"widget\" data-widget_type=\"call-to-action.default\">\n\t\t\t\t<div class=\"elementor-widget-container\">\n\t\t\t\t\t\t\t<div class=\"elementor-cta\">\n\t\t\t\t\t<div class=\"elementor-cta__bg-wrapper\">\n\t\t\t\t<div class=\"elementor-cta__bg elementor-bg\" style=\"background-image: url(https:\/\/www.locationlacannecy.fr\/blog\/wp-content\/uploads\/2024\/12\/appartements-vacances-lac-annecy.webp);\" role=\"img\" aria-label=\"appartements vacances lac annecy\"><\/div>\n\t\t\t\t<div class=\"elementor-cta__bg-overlay\"><\/div>\n\t\t\t<\/div>\n\t\t\t\t\t\t\t<div class=\"elementor-cta__content\">\n\t\t\t\t\n\t\t\t\t\n\t\t\t\t\n\t\t\t\t\t\t\t\t\t<div class=\"elementor-cta__button-wrapper elementor-cta__content-item elementor-content-item elementor-animated-item--grow\">\n\t\t\t\t\t<a class=\"elementor-cta__button elementor-button elementor-size-\" href=\"https:\/\/www.locationlacannecy.fr\/appartements-vacances-lac-annecy\/\">\n\t\t\t\t\t\tAPPARTEMENTS LAC ANNECY\t\t\t\t\t<\/a>\n\t\t\t\t\t<\/div>\n\t\t\t\t\t\t\t<\/div>\n\t\t\t\t\t\t<\/div>\n\t\t\t\t\t\t<\/div>\n\t\t\t\t<\/div>\n\t\t\t\t<\/div>\n\t\t<div class=\"elementor-element elementor-element-42fcb376 e-con-full e-flex e-con e-child\" data-id=\"42fcb376\" data-element_type=\"container\" data-e-type=\"container\">\n\t\t\t\t<div class=\"elementor-element elementor-element-4b19f703 elementor-cta--skin-cover elementor-cta--valign-bottom elementor-animated-content elementor-bg-transform elementor-bg-transform-zoom-in elementor-widget elementor-widget-call-to-action\" data-id=\"4b19f703\" data-element_type=\"widget\" data-e-type=\"widget\" data-widget_type=\"call-to-action.default\">\n\t\t\t\t<div class=\"elementor-widget-container\">\n\t\t\t\t\t\t\t<div class=\"elementor-cta\">\n\t\t\t\t\t<div class=\"elementor-cta__bg-wrapper\">\n\t\t\t\t<div class=\"elementor-cta__bg elementor-bg\" style=\"background-image: url(https:\/\/www.locationlacannecy.fr\/blog\/wp-content\/uploads\/2024\/12\/maisons-vacances-lac-annecy.webp);\" role=\"img\" aria-label=\"maisons-vacances-lac-annecy\"><\/div>\n\t\t\t\t<div class=\"elementor-cta__bg-overlay\"><\/div>\n\t\t\t<\/div>\n\t\t\t\t\t\t\t<div class=\"elementor-cta__content\">\n\t\t\t\t\n\t\t\t\t\n\t\t\t\t\n\t\t\t\t\t\t\t\t\t<div class=\"elementor-cta__button-wrapper elementor-cta__content-item elementor-content-item elementor-animated-item--grow\">\n\t\t\t\t\t<a class=\"elementor-cta__button elementor-button elementor-size-\" href=\"https:\/\/www.locationlacannecy.fr\/location\/maisons-lac-annecy-c19z1932\/\">\n\t\t\t\t\t\tMAISONS LAC ANNECY\t\t\t\t\t<\/a>\n\t\t\t\t\t<\/div>\n\t\t\t\t\t\t\t<\/div>\n\t\t\t\t\t\t<\/div>\n\t\t\t\t\t\t<\/div>\n\t\t\t\t<\/div>\n\t\t\t\t<\/div>\n\t\t\t\t\t<\/div>\n\t\t\t\t<\/div>\n\t\t\t\t<\/div>\n\t\t<\/div>\n\t\t\t\t\t\t<\/div>\n\t\t\t\t<\/div>\n\t\t\t\t\t<\/div>\n\t\t\t\t<\/div>\n\t\t<div class=\"elementor-element elementor-element-18ebf01b e-flex e-con-boxed e-con e-parent\" data-id=\"18ebf01b\" data-element_type=\"container\" data-e-type=\"container\">\n\t\t\t\t\t<div class=\"e-con-inner\">\n\t\t\t\t<div class=\"elementor-element elementor-element-6f2efd91 elementor-widget elementor-widget-spacer\" data-id=\"6f2efd91\" data-element_type=\"widget\" data-e-type=\"widget\" data-widget_type=\"spacer.default\">\n\t\t\t\t<div class=\"elementor-widget-container\">\n\t\t\t\t\t\t\t<div class=\"elementor-spacer\">\n\t\t\t<div class=\"elementor-spacer-inner\"><\/div>\n\t\t<\/div>\n\t\t\t\t\t\t<\/div>\n\t\t\t\t<\/div>\n\t\t\t\t\t<\/div>\n\t\t\t\t<\/div>\n\t\t<div class=\"elementor-element elementor-element-13ab4cea e-flex e-con-boxed e-con e-parent\" data-id=\"13ab4cea\" data-element_type=\"container\" data-e-type=\"container\">\n\t\t\t\t\t<div class=\"e-con-inner\">\n\t\t\t\t<div class=\"elementor-element elementor-element-5bc170c6 elementor-shape-rounded elementor-grid-0 e-grid-align-center elementor-widget elementor-widget-social-icons\" data-id=\"5bc170c6\" data-element_type=\"widget\" data-e-type=\"widget\" data-widget_type=\"social-icons.default\">\n\t\t\t\t<div class=\"elementor-widget-container\">\n\t\t\t\t\t\t\t<div class=\"elementor-social-icons-wrapper elementor-grid\" role=\"list\">\n\t\t\t\t\t\t\t<span class=\"elementor-grid-item\" role=\"listitem\">\n\t\t\t\t\t<a class=\"elementor-icon elementor-social-icon elementor-social-icon-facebook elementor-repeater-item-d8d1a27\" href=\"https:\/\/www.facebook.com\/locationsaisonnieredeluxealpesetlacs\" target=\"_blank\">\n\t\t\t\t\t\t<span class=\"elementor-screen-only\">Facebook<\/span>\n\t\t\t\t\t\t<svg aria-hidden=\"true\" class=\"e-font-icon-svg e-fab-facebook\" viewBox=\"0 0 512 512\" xmlns=\"http:\/\/www.w3.org\/2000\/svg\"><path d=\"M504 256C504 119 393 8 256 8S8 119 8 256c0 123.78 90.69 226.38 209.25 245V327.69h-63V256h63v-54.64c0-62.15 37-96.48 93.67-96.48 27.14 0 55.52 4.84 55.52 4.84v61h-31.28c-30.8 0-40.41 19.12-40.41 38.73V256h68.78l-11 71.69h-57.78V501C413.31 482.38 504 379.78 504 256z\"><\/path><\/svg>\t\t\t\t\t<\/a>\n\t\t\t\t<\/span>\n\t\t\t\t\t\t\t<span class=\"elementor-grid-item\" role=\"listitem\">\n\t\t\t\t\t<a class=\"elementor-icon elementor-social-icon elementor-social-icon-instagram elementor-repeater-item-da4dbdd\" href=\"https:\/\/www.instagram.com\/locationsaisonnierealpes\/\" target=\"_blank\">\n\t\t\t\t\t\t<span class=\"elementor-screen-only\">Instagram<\/span>\n\t\t\t\t\t\t<svg aria-hidden=\"true\" class=\"e-font-icon-svg e-fab-instagram\" viewBox=\"0 0 448 512\" xmlns=\"http:\/\/www.w3.org\/2000\/svg\"><path d=\"M224.1 141c-63.6 0-114.9 51.3-114.9 114.9s51.3 114.9 114.9 114.9S339 319.5 339 255.9 287.7 141 224.1 141zm0 189.6c-41.1 0-74.7-33.5-74.7-74.7s33.5-74.7 74.7-74.7 74.7 33.5 74.7 74.7-33.6 74.7-74.7 74.7zm146.4-194.3c0 14.9-12 26.8-26.8 26.8-14.9 0-26.8-12-26.8-26.8s12-26.8 26.8-26.8 26.8 12 26.8 26.8zm76.1 27.2c-1.7-35.9-9.9-67.7-36.2-93.9-26.2-26.2-58-34.4-93.9-36.2-37-2.1-147.9-2.1-184.9 0-35.8 1.7-67.6 9.9-93.9 36.1s-34.4 58-36.2 93.9c-2.1 37-2.1 147.9 0 184.9 1.7 35.9 9.9 67.7 36.2 93.9s58 34.4 93.9 36.2c37 2.1 147.9 2.1 184.9 0 35.9-1.7 67.7-9.9 93.9-36.2 26.2-26.2 34.4-58 36.2-93.9 2.1-37 2.1-147.8 0-184.8zM398.8 388c-7.8 19.6-22.9 34.7-42.6 42.6-29.5 11.7-99.5 9-132.1 9s-102.7 2.6-132.1-9c-19.6-7.8-34.7-22.9-42.6-42.6-11.7-29.5-9-99.5-9-132.1s-2.6-102.7 9-132.1c7.8-19.6 22.9-34.7 42.6-42.6 29.5-11.7 99.5-9 132.1-9s102.7-2.6 132.1 9c19.6 7.8 34.7 22.9 42.6 42.6 11.7 29.5 9 99.5 9 132.1s2.7 102.7-9 132.1z\"><\/path><\/svg>\t\t\t\t\t<\/a>\n\t\t\t\t<\/span>\n\t\t\t\t\t\t\t<span class=\"elementor-grid-item\" role=\"listitem\">\n\t\t\t\t\t<a class=\"elementor-icon elementor-social-icon elementor-social-icon-youtube elementor-repeater-item-5c9b14b\" href=\"https:\/\/www.youtube.com\/@locationlacannecy-location7330\" target=\"_blank\">\n\t\t\t\t\t\t<span class=\"elementor-screen-only\">Youtube<\/span>\n\t\t\t\t\t\t<svg aria-hidden=\"true\" class=\"e-font-icon-svg e-fab-youtube\" viewBox=\"0 0 576 512\" xmlns=\"http:\/\/www.w3.org\/2000\/svg\"><path d=\"M549.655 124.083c-6.281-23.65-24.787-42.276-48.284-48.597C458.781 64 288 64 288 64S117.22 64 74.629 75.486c-23.497 6.322-42.003 24.947-48.284 48.597-11.412 42.867-11.412 132.305-11.412 132.305s0 89.438 11.412 132.305c6.281 23.65 24.787 41.5 48.284 47.821C117.22 448 288 448 288 448s170.78 0 213.371-11.486c23.497-6.321 42.003-24.171 48.284-47.821 11.412-42.867 11.412-132.305 11.412-132.305s0-89.438-11.412-132.305zm-317.51 213.508V175.185l142.739 81.205-142.739 81.201z\"><\/path><\/svg>\t\t\t\t\t<\/a>\n\t\t\t\t<\/span>\n\t\t\t\t\t<\/div>\n\t\t\t\t\t\t<\/div>\n\t\t\t\t<\/div>\n\t\t\t\t\t<\/div>\n\t\t\t\t<\/div>\n\t\t\t\t<\/div>\n\t\t","protected":false},"excerpt":{"rendered":"<p>Tout au long de l\u2019ann\u00e9e, la ville d\u2019Annecy sait surprendre les visiteurs avec ses diff\u00e9rents \u00e9v\u00e9nements et foires qui la composent au rythme des saisons.<\/p>\n","protected":false},"author":6,"featured_media":2084,"comment_status":"closed","ping_status":"open","sticky":false,"template":"","format":"standard","meta":{"footnotes":""},"categories":[77,15],"tags":[],"class_list":["post-2064","post","type-post","status-publish","format-standard","has-post-thumbnail","hentry","category-evenements","category-lac-annecy"],"yoast_head":"<!-- This site is optimized with the Yoast SEO plugin v27.4 - https:\/\/yoast.com\/product\/yoast-seo-wordpress\/ -->\n<title>La Foire Saint Andr\u00e9 d&#039;Annecy 2024<\/title>\n<meta name=\"description\" content=\"D\u00e9couvrez la Foire Saint Andr\u00e9 d&#039;Annecy. Profitez de cette foire traditionnelle et trouvez des produits uniques lors de cet \u00e9v\u00e9nement annuel.\" \/>\n<meta name=\"robots\" content=\"index, follow, max-snippet:-1, max-image-preview:large, max-video-preview:-1\" \/>\n<link rel=\"canonical\" href=\"https:\/\/www.locationlacannecy.fr\/blog\/la-foire-saint-andre\/\" \/>\n<meta property=\"og:locale\" content=\"fr_FR\" \/>\n<meta property=\"og:type\" content=\"article\" \/>\n<meta property=\"og:title\" content=\"La Foire Saint Andr\u00e9 d&#039;Annecy 2024\" \/>\n<meta property=\"og:description\" content=\"D\u00e9couvrez la Foire Saint Andr\u00e9 d&#039;Annecy. Profitez de cette foire traditionnelle et trouvez des produits uniques lors de cet \u00e9v\u00e9nement annuel.\" \/>\n<meta property=\"og:url\" content=\"https:\/\/www.locationlacannecy.fr\/blog\/la-foire-saint-andre\/\" \/>\n<meta property=\"og:site_name\" content=\"Tourisme au Lac d&#039;Annecy et dans les Alpes du Nord\" \/>\n<meta property=\"article:publisher\" content=\"https:\/\/www.facebook.com\/locationlacannecy\" \/>\n<meta property=\"article:published_time\" content=\"2024-10-04T11:05:13+00:00\" \/>\n<meta property=\"article:modified_time\" content=\"2025-10-22T14:14:47+00:00\" \/>\n<meta property=\"og:image\" content=\"https:\/\/www.locationlacannecy.fr\/blog\/wp-content\/uploads\/2024\/10\/Venir-Foire-Saint-Andre-a-Annecy.jpg\" \/>\n\t<meta property=\"og:image:width\" content=\"2002\" \/>\n\t<meta property=\"og:image:height\" content=\"667\" \/>\n\t<meta property=\"og:image:type\" content=\"image\/jpeg\" \/>\n<meta name=\"author\" content=\"Thibaut\" \/>\n<meta name=\"twitter:card\" content=\"summary_large_image\" \/>\n<meta name=\"twitter:label1\" content=\"Written by\" \/>\n\t<meta name=\"twitter:data1\" content=\"Thibaut\" \/>\n\t<meta name=\"twitter:label2\" content=\"Est. reading time\" \/>\n\t<meta name=\"twitter:data2\" content=\"7 minutes\" \/>\n<script type=\"application\/ld+json\" class=\"yoast-schema-graph\">{\"@context\":\"https:\\\/\\\/schema.org\",\"@graph\":[{\"@type\":\"Article\",\"@id\":\"https:\\\/\\\/www.locationlacannecy.fr\\\/blog\\\/la-foire-saint-andre\\\/#article\",\"isPartOf\":{\"@id\":\"https:\\\/\\\/www.locationlacannecy.fr\\\/blog\\\/la-foire-saint-andre\\\/\"},\"author\":{\"name\":\"Thibaut\",\"@id\":\"https:\\\/\\\/www.locationlacannecy.fr\\\/blog\\\/#\\\/schema\\\/person\\\/8def4a0d3f1a4265698eb6f51243a746\"},\"headline\":\"La foire Saint-Andr\u00e9 2025 \u00e0 Annecy\u00a0: un \u00e9v\u00e9nement savoyard incontournable\",\"datePublished\":\"2024-10-04T11:05:13+00:00\",\"dateModified\":\"2025-10-22T14:14:47+00:00\",\"mainEntityOfPage\":{\"@id\":\"https:\\\/\\\/www.locationlacannecy.fr\\\/blog\\\/la-foire-saint-andre\\\/\"},\"wordCount\":1222,\"publisher\":{\"@id\":\"https:\\\/\\\/www.locationlacannecy.fr\\\/blog\\\/#organization\"},\"image\":{\"@id\":\"https:\\\/\\\/www.locationlacannecy.fr\\\/blog\\\/la-foire-saint-andre\\\/#primaryimage\"},\"thumbnailUrl\":\"https:\\\/\\\/www.locationlacannecy.fr\\\/blog\\\/wp-content\\\/uploads\\\/2024\\\/10\\\/Venir-Foire-Saint-Andre-a-Annecy.jpg\",\"articleSection\":[\"\u00c9v\u00e9nements\",\"Lac d'Annecy\"],\"inLanguage\":\"fr\"},{\"@type\":\"WebPage\",\"@id\":\"https:\\\/\\\/www.locationlacannecy.fr\\\/blog\\\/la-foire-saint-andre\\\/\",\"url\":\"https:\\\/\\\/www.locationlacannecy.fr\\\/blog\\\/la-foire-saint-andre\\\/\",\"name\":\"La Foire Saint Andr\u00e9 d'Annecy 2024\",\"isPartOf\":{\"@id\":\"https:\\\/\\\/www.locationlacannecy.fr\\\/blog\\\/#website\"},\"primaryImageOfPage\":{\"@id\":\"https:\\\/\\\/www.locationlacannecy.fr\\\/blog\\\/la-foire-saint-andre\\\/#primaryimage\"},\"image\":{\"@id\":\"https:\\\/\\\/www.locationlacannecy.fr\\\/blog\\\/la-foire-saint-andre\\\/#primaryimage\"},\"thumbnailUrl\":\"https:\\\/\\\/www.locationlacannecy.fr\\\/blog\\\/wp-content\\\/uploads\\\/2024\\\/10\\\/Venir-Foire-Saint-Andre-a-Annecy.jpg\",\"datePublished\":\"2024-10-04T11:05:13+00:00\",\"dateModified\":\"2025-10-22T14:14:47+00:00\",\"description\":\"D\u00e9couvrez la Foire Saint Andr\u00e9 d'Annecy. Profitez de cette foire traditionnelle et trouvez des produits uniques lors de cet \u00e9v\u00e9nement annuel.\",\"breadcrumb\":{\"@id\":\"https:\\\/\\\/www.locationlacannecy.fr\\\/blog\\\/la-foire-saint-andre\\\/#breadcrumb\"},\"inLanguage\":\"fr\",\"potentialAction\":[{\"@type\":\"ReadAction\",\"target\":[\"https:\\\/\\\/www.locationlacannecy.fr\\\/blog\\\/la-foire-saint-andre\\\/\"]}]},{\"@type\":\"ImageObject\",\"inLanguage\":\"fr\",\"@id\":\"https:\\\/\\\/www.locationlacannecy.fr\\\/blog\\\/la-foire-saint-andre\\\/#primaryimage\",\"url\":\"https:\\\/\\\/www.locationlacannecy.fr\\\/blog\\\/wp-content\\\/uploads\\\/2024\\\/10\\\/Venir-Foire-Saint-Andre-a-Annecy.jpg\",\"contentUrl\":\"https:\\\/\\\/www.locationlacannecy.fr\\\/blog\\\/wp-content\\\/uploads\\\/2024\\\/10\\\/Venir-Foire-Saint-Andre-a-Annecy.jpg\",\"width\":2002,\"height\":667,\"caption\":\"Venir Foire Saint Andr\u00e9 \u00e0 Annecy\"},{\"@type\":\"BreadcrumbList\",\"@id\":\"https:\\\/\\\/www.locationlacannecy.fr\\\/blog\\\/la-foire-saint-andre\\\/#breadcrumb\",\"itemListElement\":[{\"@type\":\"ListItem\",\"position\":1,\"name\":\"Home\",\"item\":\"https:\\\/\\\/www.locationlacannecy.fr\\\/blog\\\/\"},{\"@type\":\"ListItem\",\"position\":2,\"name\":\"La foire Saint-Andr\u00e9 2025 \u00e0 Annecy\u00a0: un \u00e9v\u00e9nement savoyard incontournable\"}]},{\"@type\":\"WebSite\",\"@id\":\"https:\\\/\\\/www.locationlacannecy.fr\\\/blog\\\/#website\",\"url\":\"https:\\\/\\\/www.locationlacannecy.fr\\\/blog\\\/\",\"name\":\"https:\\\/\\\/www.locationlacannecy.fr\\\/blog\\\/\",\"description\":\"by LLA Selections \\\/\\\/ Location Lac Annecy\",\"publisher\":{\"@id\":\"https:\\\/\\\/www.locationlacannecy.fr\\\/blog\\\/#organization\"},\"alternateName\":\"https:\\\/\\\/www.locationlacannecy.fr\",\"potentialAction\":[{\"@type\":\"SearchAction\",\"target\":{\"@type\":\"EntryPoint\",\"urlTemplate\":\"https:\\\/\\\/www.locationlacannecy.fr\\\/blog\\\/?s={search_term_string}\"},\"query-input\":{\"@type\":\"PropertyValueSpecification\",\"valueRequired\":true,\"valueName\":\"search_term_string\"}}],\"inLanguage\":\"fr\"},{\"@type\":\"Organization\",\"@id\":\"https:\\\/\\\/www.locationlacannecy.fr\\\/blog\\\/#organization\",\"name\":\"Blog de Location lac Annecy\",\"url\":\"https:\\\/\\\/www.locationlacannecy.fr\\\/blog\\\/\",\"logo\":{\"@type\":\"ImageObject\",\"inLanguage\":\"fr\",\"@id\":\"https:\\\/\\\/www.locationlacannecy.fr\\\/blog\\\/#\\\/schema\\\/logo\\\/image\\\/\",\"url\":\"https:\\\/\\\/www.locationlacannecy.fr\\\/blog\\\/wp-content\\\/uploads\\\/2023\\\/01\\\/LLA-Selections-Publication-Facebook.png\",\"contentUrl\":\"https:\\\/\\\/www.locationlacannecy.fr\\\/blog\\\/wp-content\\\/uploads\\\/2023\\\/01\\\/LLA-Selections-Publication-Facebook.png\",\"width\":940,\"height\":788,\"caption\":\"Blog de Location lac Annecy\"},\"image\":{\"@id\":\"https:\\\/\\\/www.locationlacannecy.fr\\\/blog\\\/#\\\/schema\\\/logo\\\/image\\\/\"},\"sameAs\":[\"https:\\\/\\\/www.facebook.com\\\/locationlacannecy\",\"https:\\\/\\\/www.instagram.com\\\/locationsaisonnierealpes\\\/\",\"https:\\\/\\\/www.linkedin.com\\\/company\\\/location-lac-annecy-lla\\\/\"]},{\"@type\":\"Person\",\"@id\":\"https:\\\/\\\/www.locationlacannecy.fr\\\/blog\\\/#\\\/schema\\\/person\\\/8def4a0d3f1a4265698eb6f51243a746\",\"name\":\"Thibaut\",\"image\":{\"@type\":\"ImageObject\",\"inLanguage\":\"fr\",\"@id\":\"https:\\\/\\\/secure.gravatar.com\\\/avatar\\\/1657d3e03cb74dfd00a369778744d0f6773802ba2d5232a1fad7d484cfa7dcbe?s=96&d=mm&r=g\",\"url\":\"https:\\\/\\\/secure.gravatar.com\\\/avatar\\\/1657d3e03cb74dfd00a369778744d0f6773802ba2d5232a1fad7d484cfa7dcbe?s=96&d=mm&r=g\",\"contentUrl\":\"https:\\\/\\\/secure.gravatar.com\\\/avatar\\\/1657d3e03cb74dfd00a369778744d0f6773802ba2d5232a1fad7d484cfa7dcbe?s=96&d=mm&r=g\",\"caption\":\"Thibaut\"},\"url\":\"https:\\\/\\\/www.locationlacannecy.fr\\\/blog\\\/author\\\/thibaut\\\/\"}]}<\/script>\n<!-- \/ Yoast SEO plugin. -->","yoast_head_json":{"title":"La Foire Saint Andr\u00e9 d'Annecy 2024","description":"D\u00e9couvrez la Foire Saint Andr\u00e9 d'Annecy. Profitez de cette foire traditionnelle et trouvez des produits uniques lors de cet \u00e9v\u00e9nement annuel.","robots":{"index":"index","follow":"follow","max-snippet":"max-snippet:-1","max-image-preview":"max-image-preview:large","max-video-preview":"max-video-preview:-1"},"canonical":"https:\/\/www.locationlacannecy.fr\/blog\/la-foire-saint-andre\/","og_locale":"fr_FR","og_type":"article","og_title":"La Foire Saint Andr\u00e9 d'Annecy 2024","og_description":"D\u00e9couvrez la Foire Saint Andr\u00e9 d'Annecy. Profitez de cette foire traditionnelle et trouvez des produits uniques lors de cet \u00e9v\u00e9nement annuel.","og_url":"https:\/\/www.locationlacannecy.fr\/blog\/la-foire-saint-andre\/","og_site_name":"Tourisme au Lac d&#039;Annecy et dans les Alpes du Nord","article_publisher":"https:\/\/www.facebook.com\/locationlacannecy","article_published_time":"2024-10-04T11:05:13+00:00","article_modified_time":"2025-10-22T14:14:47+00:00","og_image":[{"width":2002,"height":667,"url":"https:\/\/www.locationlacannecy.fr\/blog\/wp-content\/uploads\/2024\/10\/Venir-Foire-Saint-Andre-a-Annecy.jpg","type":"image\/jpeg"}],"author":"Thibaut","twitter_card":"summary_large_image","twitter_misc":{"Written by":"Thibaut","Est. reading time":"7 minutes"},"schema":{"@context":"https:\/\/schema.org","@graph":[{"@type":"Article","@id":"https:\/\/www.locationlacannecy.fr\/blog\/la-foire-saint-andre\/#article","isPartOf":{"@id":"https:\/\/www.locationlacannecy.fr\/blog\/la-foire-saint-andre\/"},"author":{"name":"Thibaut","@id":"https:\/\/www.locationlacannecy.fr\/blog\/#\/schema\/person\/8def4a0d3f1a4265698eb6f51243a746"},"headline":"La foire Saint-Andr\u00e9 2025 \u00e0 Annecy\u00a0: un \u00e9v\u00e9nement savoyard incontournable","datePublished":"2024-10-04T11:05:13+00:00","dateModified":"2025-10-22T14:14:47+00:00","mainEntityOfPage":{"@id":"https:\/\/www.locationlacannecy.fr\/blog\/la-foire-saint-andre\/"},"wordCount":1222,"publisher":{"@id":"https:\/\/www.locationlacannecy.fr\/blog\/#organization"},"image":{"@id":"https:\/\/www.locationlacannecy.fr\/blog\/la-foire-saint-andre\/#primaryimage"},"thumbnailUrl":"https:\/\/www.locationlacannecy.fr\/blog\/wp-content\/uploads\/2024\/10\/Venir-Foire-Saint-Andre-a-Annecy.jpg","articleSection":["\u00c9v\u00e9nements","Lac d'Annecy"],"inLanguage":"fr"},{"@type":"WebPage","@id":"https:\/\/www.locationlacannecy.fr\/blog\/la-foire-saint-andre\/","url":"https:\/\/www.locationlacannecy.fr\/blog\/la-foire-saint-andre\/","name":"La Foire Saint Andr\u00e9 d'Annecy 2024","isPartOf":{"@id":"https:\/\/www.locationlacannecy.fr\/blog\/#website"},"primaryImageOfPage":{"@id":"https:\/\/www.locationlacannecy.fr\/blog\/la-foire-saint-andre\/#primaryimage"},"image":{"@id":"https:\/\/www.locationlacannecy.fr\/blog\/la-foire-saint-andre\/#primaryimage"},"thumbnailUrl":"https:\/\/www.locationlacannecy.fr\/blog\/wp-content\/uploads\/2024\/10\/Venir-Foire-Saint-Andre-a-Annecy.jpg","datePublished":"2024-10-04T11:05:13+00:00","dateModified":"2025-10-22T14:14:47+00:00","description":"D\u00e9couvrez la Foire Saint Andr\u00e9 d'Annecy. Profitez de cette foire traditionnelle et trouvez des produits uniques lors de cet \u00e9v\u00e9nement annuel.","breadcrumb":{"@id":"https:\/\/www.locationlacannecy.fr\/blog\/la-foire-saint-andre\/#breadcrumb"},"inLanguage":"fr","potentialAction":[{"@type":"ReadAction","target":["https:\/\/www.locationlacannecy.fr\/blog\/la-foire-saint-andre\/"]}]},{"@type":"ImageObject","inLanguage":"fr","@id":"https:\/\/www.locationlacannecy.fr\/blog\/la-foire-saint-andre\/#primaryimage","url":"https:\/\/www.locationlacannecy.fr\/blog\/wp-content\/uploads\/2024\/10\/Venir-Foire-Saint-Andre-a-Annecy.jpg","contentUrl":"https:\/\/www.locationlacannecy.fr\/blog\/wp-content\/uploads\/2024\/10\/Venir-Foire-Saint-Andre-a-Annecy.jpg","width":2002,"height":667,"caption":"Venir Foire Saint Andr\u00e9 \u00e0 Annecy"},{"@type":"BreadcrumbList","@id":"https:\/\/www.locationlacannecy.fr\/blog\/la-foire-saint-andre\/#breadcrumb","itemListElement":[{"@type":"ListItem","position":1,"name":"Home","item":"https:\/\/www.locationlacannecy.fr\/blog\/"},{"@type":"ListItem","position":2,"name":"La foire Saint-Andr\u00e9 2025 \u00e0 Annecy\u00a0: un \u00e9v\u00e9nement savoyard incontournable"}]},{"@type":"WebSite","@id":"https:\/\/www.locationlacannecy.fr\/blog\/#website","url":"https:\/\/www.locationlacannecy.fr\/blog\/","name":"https:\/\/www.locationlacannecy.fr\/blog\/","description":"by LLA Selections \/\/ Location Lac Annecy","publisher":{"@id":"https:\/\/www.locationlacannecy.fr\/blog\/#organization"},"alternateName":"https:\/\/www.locationlacannecy.fr","potentialAction":[{"@type":"SearchAction","target":{"@type":"EntryPoint","urlTemplate":"https:\/\/www.locationlacannecy.fr\/blog\/?s={search_term_string}"},"query-input":{"@type":"PropertyValueSpecification","valueRequired":true,"valueName":"search_term_string"}}],"inLanguage":"fr"},{"@type":"Organization","@id":"https:\/\/www.locationlacannecy.fr\/blog\/#organization","name":"Blog de Location lac Annecy","url":"https:\/\/www.locationlacannecy.fr\/blog\/","logo":{"@type":"ImageObject","inLanguage":"fr","@id":"https:\/\/www.locationlacannecy.fr\/blog\/#\/schema\/logo\/image\/","url":"https:\/\/www.locationlacannecy.fr\/blog\/wp-content\/uploads\/2023\/01\/LLA-Selections-Publication-Facebook.png","contentUrl":"https:\/\/www.locationlacannecy.fr\/blog\/wp-content\/uploads\/2023\/01\/LLA-Selections-Publication-Facebook.png","width":940,"height":788,"caption":"Blog de Location lac Annecy"},"image":{"@id":"https:\/\/www.locationlacannecy.fr\/blog\/#\/schema\/logo\/image\/"},"sameAs":["https:\/\/www.facebook.com\/locationlacannecy","https:\/\/www.instagram.com\/locationsaisonnierealpes\/","https:\/\/www.linkedin.com\/company\/location-lac-annecy-lla\/"]},{"@type":"Person","@id":"https:\/\/www.locationlacannecy.fr\/blog\/#\/schema\/person\/8def4a0d3f1a4265698eb6f51243a746","name":"Thibaut","image":{"@type":"ImageObject","inLanguage":"fr","@id":"https:\/\/secure.gravatar.com\/avatar\/1657d3e03cb74dfd00a369778744d0f6773802ba2d5232a1fad7d484cfa7dcbe?s=96&d=mm&r=g","url":"https:\/\/secure.gravatar.com\/avatar\/1657d3e03cb74dfd00a369778744d0f6773802ba2d5232a1fad7d484cfa7dcbe?s=96&d=mm&r=g","contentUrl":"https:\/\/secure.gravatar.com\/avatar\/1657d3e03cb74dfd00a369778744d0f6773802ba2d5232a1fad7d484cfa7dcbe?s=96&d=mm&r=g","caption":"Thibaut"},"url":"https:\/\/www.locationlacannecy.fr\/blog\/author\/thibaut\/"}]}},"_links":{"self":[{"href":"https:\/\/www.locationlacannecy.fr\/blog\/wp-json\/wp\/v2\/posts\/2064","targetHints":{"allow":["GET"]}}],"collection":[{"href":"https:\/\/www.locationlacannecy.fr\/blog\/wp-json\/wp\/v2\/posts"}],"about":[{"href":"https:\/\/www.locationlacannecy.fr\/blog\/wp-json\/wp\/v2\/types\/post"}],"author":[{"embeddable":true,"href":"https:\/\/www.locationlacannecy.fr\/blog\/wp-json\/wp\/v2\/users\/6"}],"replies":[{"embeddable":true,"href":"https:\/\/www.locationlacannecy.fr\/blog\/wp-json\/wp\/v2\/comments?post=2064"}],"version-history":[{"count":34,"href":"https:\/\/www.locationlacannecy.fr\/blog\/wp-json\/wp\/v2\/posts\/2064\/revisions"}],"predecessor-version":[{"id":6826,"href":"https:\/\/www.locationlacannecy.fr\/blog\/wp-json\/wp\/v2\/posts\/2064\/revisions\/6826"}],"wp:featuredmedia":[{"embeddable":true,"href":"https:\/\/www.locationlacannecy.fr\/blog\/wp-json\/wp\/v2\/media\/2084"}],"wp:attachment":[{"href":"https:\/\/www.locationlacannecy.fr\/blog\/wp-json\/wp\/v2\/media?parent=2064"}],"wp:term":[{"taxonomy":"category","embeddable":true,"href":"https:\/\/www.locationlacannecy.fr\/blog\/wp-json\/wp\/v2\/categories?post=2064"},{"taxonomy":"post_tag","embeddable":true,"href":"https:\/\/www.locationlacannecy.fr\/blog\/wp-json\/wp\/v2\/tags?post=2064"}],"curies":[{"name":"wp","href":"https:\/\/api.w.org\/{rel}","templated":true}]}}