{"id":340,"date":"2022-12-28T10:00:00","date_gmt":"2022-12-28T10:00:00","guid":{"rendered":"https:\/\/www.locationlacannecy.fr\/blog\/?p=340"},"modified":"2025-07-16T06:11:22","modified_gmt":"2025-07-16T06:11:22","slug":"la-location-saisonniere-avec-lla-selections","status":"publish","type":"post","link":"https:\/\/www.locationlacannecy.fr\/blog\/la-location-saisonniere-avec-lla-selections\/","title":{"rendered":"La location saisonni\u00e8re avec LLA Selections by Location lac Annecy c&#8217;est quoi ?"},"content":{"rendered":"\t\t<div data-elementor-type=\"wp-post\" data-elementor-id=\"340\" class=\"elementor elementor-340\" data-elementor-post-type=\"post\">\n\t\t\t\t<div class=\"elementor-element elementor-element-02b9646 e-flex e-con-boxed e-con e-parent\" data-id=\"02b9646\" data-element_type=\"container\" data-e-type=\"container\">\n\t\t\t\t\t<div class=\"e-con-inner\">\n\t\t\t\t<div class=\"elementor-element elementor-element-9f74d17 elementor-widget elementor-widget-text-editor\" data-id=\"9f74d17\" data-element_type=\"widget\" data-e-type=\"widget\" data-widget_type=\"text-editor.default\">\n\t\t\t\t<div class=\"elementor-widget-container\">\n\t\t\t\t\t\t\t\t\t<p>Afin de rester \u00e0 la pointe de l&#8217;excellence et de vous satisfaire encore, nous mettons en \u0153uvre tous les moyens possibles pour nous perfectionner dans notre m\u00e9tier de la location saisonni\u00e8re.<\/p>\t\t\t\t\t\t\t\t<\/div>\n\t\t\t\t<\/div>\n\t\t\t\t\t<\/div>\n\t\t\t\t<\/div>\n\t\t<div class=\"elementor-element elementor-element-c0ef34d e-flex e-con-boxed e-con e-parent\" data-id=\"c0ef34d\" data-element_type=\"container\" data-e-type=\"container\">\n\t\t\t\t\t<div class=\"e-con-inner\">\n\t\t\t\t<div class=\"elementor-element elementor-element-14a55fc elementor-widget elementor-widget-heading\" data-id=\"14a55fc\" data-element_type=\"widget\" data-e-type=\"widget\" data-widget_type=\"heading.default\">\n\t\t\t\t<div class=\"elementor-widget-container\">\n\t\t\t\t\t<h2 class=\"elementor-heading-title elementor-size-default\">La location saisonni\u00e8re<\/h2>\t\t\t\t<\/div>\n\t\t\t\t<\/div>\n\t\t\t\t<div class=\"elementor-element elementor-element-f122266 elementor-widget elementor-widget-text-editor\" data-id=\"f122266\" data-element_type=\"widget\" data-e-type=\"widget\" data-widget_type=\"text-editor.default\">\n\t\t\t\t<div class=\"elementor-widget-container\">\n\t\t\t\t\t\t\t\t\t<p><span style=\"color: #000000; background-color: rgba(247, 243, 228, 0);\">Souvent sujet de m\u00e9fiance, LLA Selections se mobilise dans <\/span>sa r\u00e9gion <span style=\"color: #000000; background-color: rgba(247, 243, 228, 0);\">pour changer ce point de vue et offrir \u00e0 ses clients les meilleures offres &amp; services. Que vous soyez locataires ou propri\u00e9taires, de nombreuses arnaques persistent dans ce domaine et d\u00e9teignent sur notre savoir-faire.<\/span><\/p>\n<p>De ce fait, <a href=\"https:\/\/www.locationlacannecy.fr\">notre agence<\/a> se perfectionne \u00e0 travers le monde entier. Notre objectif est de vous prouver notre r\u00e9el professionnalisme et \u00f4ter \u00e0 chacun ses \u00e9ventuels doutes. Nous analysons sans-cesse le march\u00e9 et les demandes de nos clients ou futurs clients pour adapter notre offre.<\/p>\t\t\t\t\t\t\t\t<\/div>\n\t\t\t\t<\/div>\n\t\t\t\t\t<\/div>\n\t\t\t\t<\/div>\n\t\t<div class=\"elementor-element elementor-element-c98ea63 e-flex e-con-boxed e-con e-parent\" data-id=\"c98ea63\" data-element_type=\"container\" data-e-type=\"container\">\n\t\t\t\t\t<div class=\"e-con-inner\">\n\t\t<div class=\"elementor-element elementor-element-df4badc e-con-full e-flex e-con e-child\" data-id=\"df4badc\" data-element_type=\"container\" data-e-type=\"container\">\n\t\t\t\t<div class=\"elementor-element elementor-element-4dc1464 elementor-widget elementor-widget-text-editor\" data-id=\"4dc1464\" data-element_type=\"widget\" data-e-type=\"widget\" data-widget_type=\"text-editor.default\">\n\t\t\t\t<div class=\"elementor-widget-container\">\n\t\t\t\t\t\t\t\t\t<p><\/p>\n<figure class=\"wp-block-image size-full\"><img fetchpriority=\"high\" decoding=\"async\" width=\"1050\" height=\"1867\" class=\"wp-image-353\" src=\"https:\/\/www.locationlacannecy.fr\/blog\/wp-content\/uploads\/2022\/12\/Visit-Annecy-\u2013-Venice-of-France.jpg\" alt=\"LLA Selections - Location saisonni\u00e8re de maisons et chalets Premium \" srcset=\"https:\/\/www.locationlacannecy.fr\/blog\/wp-content\/uploads\/2022\/12\/Visit-Annecy-\u2013-Venice-of-France.jpg 1050w, https:\/\/www.locationlacannecy.fr\/blog\/wp-content\/uploads\/2022\/12\/Visit-Annecy-\u2013-Venice-of-France-768x1366.jpg 768w, https:\/\/www.locationlacannecy.fr\/blog\/wp-content\/uploads\/2022\/12\/Visit-Annecy-\u2013-Venice-of-France-864x1536.jpg 864w\" sizes=\"(max-width: 1050px) 100vw, 1050px\" \/>\n<figcaption class=\"wp-element-caption\">Annecy, Le Thiou<\/figcaption>\n<\/figure>\t\t\t\t\t\t\t\t<\/div>\n\t\t\t\t<\/div>\n\t\t\t\t<\/div>\n\t\t<div class=\"elementor-element elementor-element-b362774 e-con-full e-flex e-con e-child\" data-id=\"b362774\" data-element_type=\"container\" data-e-type=\"container\">\n\t\t\t\t<div class=\"elementor-element elementor-element-6d108f9 elementor-widget elementor-widget-text-editor\" data-id=\"6d108f9\" data-element_type=\"widget\" data-e-type=\"widget\" data-widget_type=\"text-editor.default\">\n\t\t\t\t<div class=\"elementor-widget-container\">\n\t\t\t\t\t\t\t\t\t<p><img decoding=\"async\" width=\"640\" height=\"960\" class=\"wp-image-351\" src=\"https:\/\/www.locationlacannecy.fr\/blog\/wp-content\/uploads\/2022\/12\/Dinner-on-a-quaint-side-street-in-Annecy-France.jpg\" alt=\"LLA Selections - Location saisonni\u00e8re de maisons et chalets Premium \" \/>Annecy, La Vieille ville<\/p>\t\t\t\t\t\t\t\t<\/div>\n\t\t\t\t<\/div>\n\t\t\t\t<\/div>\n\t\t\t\t\t<\/div>\n\t\t\t\t<\/div>\n\t\t<div class=\"elementor-element elementor-element-3a32b5c e-flex e-con-boxed e-con e-parent\" data-id=\"3a32b5c\" data-element_type=\"container\" data-e-type=\"container\">\n\t\t\t\t\t<div class=\"e-con-inner\">\n\t\t\t\t<div class=\"elementor-element elementor-element-51d077b elementor-widget elementor-widget-text-editor\" data-id=\"51d077b\" data-element_type=\"widget\" data-e-type=\"widget\" data-widget_type=\"text-editor.default\">\n\t\t\t\t<div class=\"elementor-widget-container\">\n\t\t\t\t\t\t\t\t\t<p>Professionnels de la location saisonni\u00e8re depuis 15 ans, <a href=\"https:\/\/www.locationlacannecy.fr\/blog\/annecy-locations-de-vacances-nos-nouveautes\/\">notre \u00e9quipe <\/a>se mobilise \u00e0 travers diff\u00e9rents s\u00e9minaires pour vous offrir son expertise. La rencontre et l&#8217;\u00e9change avec nos confr\u00e8res permettent de se positionner et d&#8217;agir en fonction des tendances de notre march\u00e9.<\/p>\n<p><img decoding=\"async\" width=\"800\" height=\"534\" class=\"wp-image-411 size-full\" src=\"https:\/\/www.locationlacannecy.fr\/blog\/wp-content\/uploads\/2022\/12\/rodzina-lodge-WEB2.jpg\" alt=\"Location saisonni\u00e8re\" srcset=\"https:\/\/www.locationlacannecy.fr\/blog\/wp-content\/uploads\/2022\/12\/rodzina-lodge-WEB2.jpg 800w, https:\/\/www.locationlacannecy.fr\/blog\/wp-content\/uploads\/2022\/12\/rodzina-lodge-WEB2-360x240.jpg 360w, https:\/\/www.locationlacannecy.fr\/blog\/wp-content\/uploads\/2022\/12\/rodzina-lodge-WEB2-768x513.jpg 768w\" sizes=\"(max-width: 800px) 100vw, 800px\" \/><\/p>\t\t\t\t\t\t\t\t<\/div>\n\t\t\t\t<\/div>\n\t\t\t\t\t<\/div>\n\t\t\t\t<\/div>\n\t\t<div class=\"elementor-element elementor-element-657f1f6 e-flex e-con-boxed e-con e-parent\" data-id=\"657f1f6\" data-element_type=\"container\" data-e-type=\"container\">\n\t\t\t\t\t<div class=\"e-con-inner\">\n\t\t\t\t<div class=\"elementor-element elementor-element-3c136fb elementor-widget elementor-widget-heading\" data-id=\"3c136fb\" data-element_type=\"widget\" data-e-type=\"widget\" data-widget_type=\"heading.default\">\n\t\t\t\t<div class=\"elementor-widget-container\">\n\t\t\t\t\t<h2 class=\"elementor-heading-title elementor-size-default\">ON VOUS EN DIT PLUS... Direction le Portugal \u2708\ufe0f<\/h2>\t\t\t\t<\/div>\n\t\t\t\t<\/div>\n\t\t\t\t<div class=\"elementor-element elementor-element-6a23356 elementor-widget elementor-widget-text-editor\" data-id=\"6a23356\" data-element_type=\"widget\" data-e-type=\"widget\" data-widget_type=\"text-editor.default\">\n\t\t\t\t<div class=\"elementor-widget-container\">\n\t\t\t\t\t\t\t\t\t<p class=\"has-text-color has-extra-small-font-size\" style=\"color: #000000;\">Nous nous sommes rendus au Vacation Rental World Summit le 15 et 16 septembre au Portugal. Pendant 2 jours, nous \u00e9changeons avec des professionnels qui nous ressemblent. Nous d\u00e9couvrons les meilleurs secrets de l&#8217;industrie de la location saisonni\u00e8re.<\/p>\n<p><\/p>\n<p>Les r\u00e9unions s&#8217;effectuent en petit comit\u00e9 autour de tables rondes. Chacun apporte son exp\u00e9rience et ses conseils.<\/p>\t\t\t\t\t\t\t\t<\/div>\n\t\t\t\t<\/div>\n\t\t\t\t\t<\/div>\n\t\t\t\t<\/div>\n\t\t<div class=\"elementor-element elementor-element-7081729 e-flex e-con-boxed e-con e-parent\" data-id=\"7081729\" data-element_type=\"container\" data-e-type=\"container\">\n\t\t\t\t\t<div class=\"e-con-inner\">\n\t\t<div class=\"elementor-element elementor-element-6a68a4e e-con-full e-flex e-con e-child\" data-id=\"6a68a4e\" data-element_type=\"container\" data-e-type=\"container\">\n\t\t\t\t<div class=\"elementor-element elementor-element-2aadb53 elementor-widget elementor-widget-text-editor\" data-id=\"2aadb53\" data-element_type=\"widget\" data-e-type=\"widget\" data-widget_type=\"text-editor.default\">\n\t\t\t\t<div class=\"elementor-widget-container\">\n\t\t\t\t\t\t\t\t\t<div class=\"wp-block-column\" style=\"flex-basis: 33%;\">\n<figure class=\"wp-block-image size-full\"><img loading=\"lazy\" decoding=\"async\" width=\"1200\" height=\"1200\" class=\"wp-image-417\" src=\"https:\/\/www.locationlacannecy.fr\/blog\/wp-content\/uploads\/2022\/12\/Avantio-VRWS-Portugal-2022-1.jpg\" alt=\"\" srcset=\"https:\/\/www.locationlacannecy.fr\/blog\/wp-content\/uploads\/2022\/12\/Avantio-VRWS-Portugal-2022-1.jpg 1200w, https:\/\/www.locationlacannecy.fr\/blog\/wp-content\/uploads\/2022\/12\/Avantio-VRWS-Portugal-2022-1-150x150.jpg 150w, https:\/\/www.locationlacannecy.fr\/blog\/wp-content\/uploads\/2022\/12\/Avantio-VRWS-Portugal-2022-1-768x768.jpg 768w, https:\/\/www.locationlacannecy.fr\/blog\/wp-content\/uploads\/2022\/12\/Avantio-VRWS-Portugal-2022-1-64x64.jpg 64w\" sizes=\"(max-width: 1200px) 100vw, 1200px\" \/><\/figure>\n<\/div>\t\t\t\t\t\t\t\t<\/div>\n\t\t\t\t<\/div>\n\t\t\t\t<\/div>\n\t\t<div class=\"elementor-element elementor-element-f1b5b5d e-con-full e-flex e-con e-child\" data-id=\"f1b5b5d\" data-element_type=\"container\" data-e-type=\"container\">\n\t\t\t\t<div class=\"elementor-element elementor-element-df8cf28 elementor-widget elementor-widget-text-editor\" data-id=\"df8cf28\" data-element_type=\"widget\" data-e-type=\"widget\" data-widget_type=\"text-editor.default\">\n\t\t\t\t<div class=\"elementor-widget-container\">\n\t\t\t\t\t\t\t\t\t<p><img loading=\"lazy\" decoding=\"async\" width=\"974\" height=\"1280\" class=\"wp-image-415\" src=\"https:\/\/www.locationlacannecy.fr\/blog\/wp-content\/uploads\/2022\/12\/Capture-decran-2022-12-16-a-11.33.27.jpeg\" alt=\"Location saisonni\u00e8re\" srcset=\"https:\/\/www.locationlacannecy.fr\/blog\/wp-content\/uploads\/2022\/12\/Capture-decran-2022-12-16-a-11.33.27.jpeg 974w, https:\/\/www.locationlacannecy.fr\/blog\/wp-content\/uploads\/2022\/12\/Capture-decran-2022-12-16-a-11.33.27-768x1009.jpeg 768w\" sizes=\"(max-width: 974px) 100vw, 974px\" \/><\/p>\t\t\t\t\t\t\t\t<\/div>\n\t\t\t\t<\/div>\n\t\t\t\t<\/div>\n\t\t\t\t\t<\/div>\n\t\t\t\t<\/div>\n\t\t<div class=\"elementor-element elementor-element-3ce09da e-flex e-con-boxed e-con e-parent\" data-id=\"3ce09da\" data-element_type=\"container\" data-e-type=\"container\">\n\t\t\t\t\t<div class=\"e-con-inner\">\n\t\t\t\t<div class=\"elementor-element elementor-element-da60f90 elementor-widget elementor-widget-text-editor\" data-id=\"da60f90\" data-element_type=\"widget\" data-e-type=\"widget\" data-widget_type=\"text-editor.default\">\n\t\t\t\t<div class=\"elementor-widget-container\">\n\t\t\t\t\t\t\t\t\t<h3>Au programme :<\/h3>\t\t\t\t\t\t\t\t<\/div>\n\t\t\t\t<\/div>\n\t\t\t\t\t<\/div>\n\t\t\t\t<\/div>\n\t\t<div class=\"elementor-element elementor-element-8964bbe e-flex e-con-boxed e-con e-parent\" data-id=\"8964bbe\" data-element_type=\"container\" data-e-type=\"container\">\n\t\t\t\t\t<div class=\"e-con-inner\">\n\t\t<div class=\"elementor-element elementor-element-9bd5e4e e-con-full e-flex e-con e-child\" data-id=\"9bd5e4e\" data-element_type=\"container\" data-e-type=\"container\">\n\t\t\t\t<div class=\"elementor-element elementor-element-75b90ce elementor-widget elementor-widget-text-editor\" data-id=\"75b90ce\" data-element_type=\"widget\" data-e-type=\"widget\" data-widget_type=\"text-editor.default\">\n\t\t\t\t<div class=\"elementor-widget-container\">\n\t\t\t\t\t\t\t\t\t<p><span style=\"text-decoration: underline;\"><strong>Jour 1<\/strong><\/span><\/p>\n<p>Un regard vers l&#8217;avenir&#8230;<\/p>\n<ul>\n<li>Les tendances du march\u00e9 actuel et leurs impacts<\/li>\n<li>Interactions entre confr\u00e8res sur des solutions<\/li>\n<li>Les principaux facteurs de r\u00e9ussite pour la croissance de son entreprise<\/li>\n<li>Point sur ce que les voyageurs recherchent<\/li>\n<\/ul>\n<p><a href=\"https:\/\/vacationrentalworldsummit.com\/agenda-2022\/\">Vacation Rental World Summit<\/a><\/p>\t\t\t\t\t\t\t\t<\/div>\n\t\t\t\t<\/div>\n\t\t\t\t<\/div>\n\t\t<div class=\"elementor-element elementor-element-51ba808 e-con-full e-flex e-con e-child\" data-id=\"51ba808\" data-element_type=\"container\" data-e-type=\"container\">\n\t\t\t\t<div class=\"elementor-element elementor-element-1e1b9ba elementor-widget elementor-widget-text-editor\" data-id=\"1e1b9ba\" data-element_type=\"widget\" data-e-type=\"widget\" data-widget_type=\"text-editor.default\">\n\t\t\t\t<div class=\"elementor-widget-container\">\n\t\t\t\t\t\t\t\t\t<p><span style=\"text-decoration: underline;\"><strong>Jour 2<\/strong><\/span><\/p>\n<p>Masterclass pour les professionnels&#8230;<\/p>\n<ul>\n<li>Rencontre avec le responsable mondial des h\u00e9bergements de Booking<\/li>\n<li>Partage des difficult\u00e9s li\u00e9es aux entreprises<\/li>\n<li>Les facteurs cl\u00e9s de la r\u00e9alit\u00e9 virtuelle<\/li>\n<li>R\u00e9seautage avec les exposants<\/li>\n<\/ul>\t\t\t\t\t\t\t\t<\/div>\n\t\t\t\t<\/div>\n\t\t\t\t<\/div>\n\t\t\t\t\t<\/div>\n\t\t\t\t<\/div>\n\t\t<div class=\"elementor-element elementor-element-b8aec98 e-flex e-con-boxed e-con e-parent\" data-id=\"b8aec98\" data-element_type=\"container\" data-e-type=\"container\">\n\t\t\t\t\t<div class=\"e-con-inner\">\n\t\t\t\t<div class=\"elementor-element elementor-element-52f8aab elementor-widget elementor-widget-heading\" data-id=\"52f8aab\" data-element_type=\"widget\" data-e-type=\"widget\" data-widget_type=\"heading.default\">\n\t\t\t\t<div class=\"elementor-widget-container\">\n\t\t\t\t\t<h2 class=\"elementor-heading-title elementor-size-default\">ENSUITE... Direction Paris \u2708\ufe0f<\/h2>\t\t\t\t<\/div>\n\t\t\t\t<\/div>\n\t\t\t\t<div class=\"elementor-element elementor-element-18069a8 elementor-widget elementor-widget-text-editor\" data-id=\"18069a8\" data-element_type=\"widget\" data-e-type=\"widget\" data-widget_type=\"text-editor.default\">\n\t\t\t\t<div class=\"elementor-widget-container\">\n\t\t\t\t\t\t\t\t\t<p>Dans un second temps, LLA Selections s&#8217;est rendu le mois dernier \u00e0 la version fran\u00e7aise du congr\u00e8s d\u00e9di\u00e9 \u00e0 la location meubl\u00e9e de courte dur\u00e9e.<strong>\u00a0<\/strong><\/p>\n<p><\/p>\n<p>\u00c0 la rencontre d&#8217;environ 250 professionnels &#8211; agences de location, conciergeries d\u00e9di\u00e9es &#8211; et chefs d&#8217;entreprise. L&#8217;objectif de ce s\u00e9minaire est de toucher \u00e0 l\u2019op\u00e9rationnel\u00a0et de faire un point chacun dans son business dans le but de poursuivre nos d\u00e9veloppements respectifs.<\/p>\n<p><\/p>\n<p>De la distribution sur Airbnb, Abritel, ou Booking.com, en passant par les techniques de mise en avant des r\u00e9servations en direct, les op\u00e9rations, la technologie, les effets d\u2019une possible r\u00e9cession \u00e9conomique, les derni\u00e8res tendances de march\u00e9; Scale Rentals France \u00e0 Paris nous a permis de revenir avec une sacr\u00e9e dose de connaissances pratiques, tactiques, techniques et strat\u00e9giques !<\/p>\t\t\t\t\t\t\t\t<\/div>\n\t\t\t\t<\/div>\n\t\t\t\t\t<\/div>\n\t\t\t\t<\/div>\n\t\t<div class=\"elementor-element elementor-element-683c5b0 e-flex e-con-boxed e-con e-parent\" data-id=\"683c5b0\" data-element_type=\"container\" data-e-type=\"container\">\n\t\t\t\t\t<div class=\"e-con-inner\">\n\t\t<div class=\"elementor-element elementor-element-aaa52fb e-con-full e-flex e-con e-child\" data-id=\"aaa52fb\" data-element_type=\"container\" data-e-type=\"container\">\n\t\t\t\t<div class=\"elementor-element elementor-element-1d06a94 elementor-widget elementor-widget-text-editor\" data-id=\"1d06a94\" data-element_type=\"widget\" data-e-type=\"widget\" data-widget_type=\"text-editor.default\">\n\t\t\t\t<div class=\"elementor-widget-container\">\n\t\t\t\t\t\t\t\t\t<p><img loading=\"lazy\" decoding=\"async\" width=\"477\" height=\"401\" class=\"wp-image-425\" src=\"https:\/\/www.locationlacannecy.fr\/blog\/wp-content\/uploads\/2022\/12\/Capture-decran-2022-12-16-a-12.50.42.png\" alt=\"Location saisonni\u00e8re\" \/><\/p>\t\t\t\t\t\t\t\t<\/div>\n\t\t\t\t<\/div>\n\t\t\t\t<\/div>\n\t\t<div class=\"elementor-element elementor-element-7a150f7 e-con-full e-flex e-con e-child\" data-id=\"7a150f7\" data-element_type=\"container\" data-e-type=\"container\">\n\t\t\t\t<div class=\"elementor-element elementor-element-021818c elementor-widget elementor-widget-text-editor\" data-id=\"021818c\" data-element_type=\"widget\" data-e-type=\"widget\" data-widget_type=\"text-editor.default\">\n\t\t\t\t<div class=\"elementor-widget-container\">\n\t\t\t\t\t\t\t\t\t<p><img loading=\"lazy\" decoding=\"async\" width=\"800\" height=\"800\" class=\"wp-image-423\" src=\"https:\/\/www.locationlacannecy.fr\/blog\/wp-content\/uploads\/2022\/12\/1668610083270.jpg\" alt=\"Location saisonni\u00e8re\" srcset=\"https:\/\/www.locationlacannecy.fr\/blog\/wp-content\/uploads\/2022\/12\/1668610083270.jpg 800w, https:\/\/www.locationlacannecy.fr\/blog\/wp-content\/uploads\/2022\/12\/1668610083270-150x150.jpg 150w, https:\/\/www.locationlacannecy.fr\/blog\/wp-content\/uploads\/2022\/12\/1668610083270-768x768.jpg 768w, https:\/\/www.locationlacannecy.fr\/blog\/wp-content\/uploads\/2022\/12\/1668610083270-64x64.jpg 64w\" sizes=\"(max-width: 800px) 100vw, 800px\" \/><\/p>\t\t\t\t\t\t\t\t<\/div>\n\t\t\t\t<\/div>\n\t\t\t\t<\/div>\n\t\t\t\t\t<\/div>\n\t\t\t\t<\/div>\n\t\t<div class=\"elementor-element elementor-element-40afedc e-flex e-con-boxed e-con e-parent\" data-id=\"40afedc\" data-element_type=\"container\" data-e-type=\"container\">\n\t\t\t\t\t<div class=\"e-con-inner\">\n\t\t<div class=\"elementor-element elementor-element-cb95bd2 e-con-full e-flex e-con e-child\" data-id=\"cb95bd2\" data-element_type=\"container\" data-e-type=\"container\">\n\t\t\t\t<div class=\"elementor-element elementor-element-a086ed9 elementor-widget elementor-widget-text-editor\" data-id=\"a086ed9\" data-element_type=\"widget\" data-e-type=\"widget\" data-widget_type=\"text-editor.default\">\n\t\t\t\t<div class=\"elementor-widget-container\">\n\t\t\t\t\t\t\t\t\t<p><img loading=\"lazy\" decoding=\"async\" width=\"688\" height=\"1414\" class=\"wp-image-429\" src=\"https:\/\/www.locationlacannecy.fr\/blog\/wp-content\/uploads\/2022\/12\/Capture-decran-2022-12-16-a-13.09.13.png\" alt=\"Location saisonni\u00e8re\" \/><\/p>\t\t\t\t\t\t\t\t<\/div>\n\t\t\t\t<\/div>\n\t\t\t\t<\/div>\n\t\t<div class=\"elementor-element elementor-element-f1b276f e-con-full e-flex e-con e-child\" data-id=\"f1b276f\" data-element_type=\"container\" data-e-type=\"container\">\n\t\t\t\t<div class=\"elementor-element elementor-element-dcc7053 elementor-widget elementor-widget-text-editor\" data-id=\"dcc7053\" data-element_type=\"widget\" data-e-type=\"widget\" data-widget_type=\"text-editor.default\">\n\t\t\t\t<div class=\"elementor-widget-container\">\n\t\t\t\t\t\t\t\t\t<p><img loading=\"lazy\" decoding=\"async\" width=\"1500\" height=\"630\" class=\"wp-image-431\" src=\"https:\/\/www.locationlacannecy.fr\/blog\/wp-content\/uploads\/2022\/12\/Capture-decran-2022-12-16-a-13.12.14-1-1500x630.png\" alt=\"\" \/><\/p>\t\t\t\t\t\t\t\t<\/div>\n\t\t\t\t<\/div>\n\t\t\t\t<\/div>\n\t\t\t\t\t<\/div>\n\t\t\t\t<\/div>\n\t\t<div class=\"elementor-element elementor-element-51e10c7 e-flex e-con-boxed e-con e-parent\" data-id=\"51e10c7\" data-element_type=\"container\" data-e-type=\"container\">\n\t\t\t\t\t<div class=\"e-con-inner\">\n\t\t\t\t<div class=\"elementor-element elementor-element-ee2469a elementor-widget elementor-widget-text-editor\" data-id=\"ee2469a\" data-element_type=\"widget\" data-e-type=\"widget\" data-widget_type=\"text-editor.default\">\n\t\t\t\t<div class=\"elementor-widget-container\">\n\t\t\t\t\t\t\t\t\t<p>En quelques mots :<\/p>\n<p><\/p>\n<ul>\n<li style=\"list-style-type: none;\">\n<ul><\/ul>\n<\/li>\n<\/ul>\n<ul>\n<li style=\"list-style-type: none;\">\n<ul>\n<li>Des sessions \u00e9ducatives pour apprendre \u00e0 mettre en place des actions \u00e0 court et long terme<\/li>\n<\/ul>\n<\/li>\n<\/ul>\n<p><\/p>\n<ul>\n<li style=\"list-style-type: none;\">\n<ul>\n<li>D\u00e9bats anim\u00e9s par des Pan\u00e9listes sur des sujets pr\u00e9cis, utiles, fond\u00e9s et convaincants<\/li>\n<\/ul>\n<\/li>\n<\/ul>\n<p><\/p>\n<ul>\n<li style=\"list-style-type: none;\">\n<ul>\n<li>Approfondissement du networking dans une atmosph\u00e8re conviviale,<\/li>\n<\/ul>\n<\/li>\n<\/ul>\n<p><\/p>\n<ul>\n<li style=\"list-style-type: none;\">\n<ul>\n<li>D\u00e9couverte de l&#8217;espace d\u2019exposition o\u00f9 les vendeurs de technologies et de services d\u00e9di\u00e9s \u00e0 la location saisonni\u00e8re restent disponibles.<\/li>\n<\/ul>\n<\/li>\n<\/ul>\t\t\t\t\t\t\t\t<\/div>\n\t\t\t\t<\/div>\n\t\t\t\t\t<\/div>\n\t\t\t\t<\/div>\n\t\t<div class=\"elementor-element elementor-element-d5d05de e-flex e-con-boxed e-con e-parent\" data-id=\"d5d05de\" data-element_type=\"container\" data-e-type=\"container\">\n\t\t\t\t\t<div class=\"e-con-inner\">\n\t\t\t\t<div class=\"elementor-element elementor-element-e1e2806 elementor-widget elementor-widget-text-editor\" data-id=\"e1e2806\" data-element_type=\"widget\" data-e-type=\"widget\" data-widget_type=\"text-editor.default\">\n\t\t\t\t<div class=\"elementor-widget-container\">\n\t\t\t\t\t\t\t\t\t<figure class=\"wp-block-image aligncenter size-thumbnail is-style-rounded\"><img loading=\"lazy\" decoding=\"async\" width=\"150\" height=\"150\" class=\"wp-image-436\" src=\"https:\/\/www.locationlacannecy.fr\/blog\/wp-content\/uploads\/2022\/12\/LLA_Selections-logo-150x150.png\" alt=\"\" srcset=\"https:\/\/www.locationlacannecy.fr\/blog\/wp-content\/uploads\/2022\/12\/LLA_Selections-logo-150x150.png 150w, https:\/\/www.locationlacannecy.fr\/blog\/wp-content\/uploads\/2022\/12\/LLA_Selections-logo-64x64.png 64w, https:\/\/www.locationlacannecy.fr\/blog\/wp-content\/uploads\/2022\/12\/LLA_Selections-logo.png 500w\" sizes=\"(max-width: 150px) 100vw, 150px\" \/><\/figure>\n<p><\/p>\n<blockquote class=\"wp-block-quote has-text-align-center is-style-large\">\n<p><\/p>\n<p>Au plaisir de vous accueillir au sein d&#8217;Annecy et vous prouver notre professionnalisme.<\/p>\n<p><cite>\u2014 <em><a href=\"https:\/\/www.locationlacannecy.fr\" target=\"_blank\" rel=\"noreferrer noopener\">LLA Selections by Location Lac Annecy<\/a><\/em><\/cite><\/p>\n<\/blockquote>\t\t\t\t\t\t\t\t<\/div>\n\t\t\t\t<\/div>\n\t\t\t\t\t<\/div>\n\t\t\t\t<\/div>\n\t\t\t\t<\/div>\n\t\t","protected":false},"excerpt":{"rendered":"<p>Afin de rester \u00e0 la pointe de l&#8217;excellence et de vous satisfaire encore, nous mettons en \u0153uvre tous les moyens possibles pour nous perfectionner dans notre m\u00e9tier de la location saisonni\u00e8re. La location saisonni\u00e8re Souvent sujet de m\u00e9fiance, LLA Selections se mobilise dans sa r\u00e9gion pour changer ce point de vue et offrir \u00e0 ses [&hellip;]<\/p>\n","protected":false},"author":2,"featured_media":431,"comment_status":"open","ping_status":"open","sticky":false,"template":"","format":"standard","meta":{"footnotes":""},"categories":[12],"tags":[],"class_list":["post-340","post","type-post","status-publish","format-standard","has-post-thumbnail","hentry","category-le-metier-de-la-location-saisonniere"],"yoast_head":"<!-- This site is optimized with the Yoast SEO plugin v27.4 - https:\/\/yoast.com\/product\/yoast-seo-wordpress\/ -->\n<title>La location saisonni\u00e8re avec LLA Selections by Location lac Annecy c&#039;est quoi ? - Tourisme au Lac d&#039;Annecy et dans les Alpes du Nord<\/title>\n<meta name=\"description\" content=\"Notre agence de location saisonni\u00e8re se perfectionne sans cesse. D\u00e9couvrez notre savoir-faire via une conciergerie sur mesure.\" \/>\n<meta name=\"robots\" content=\"index, follow, max-snippet:-1, max-image-preview:large, max-video-preview:-1\" \/>\n<link rel=\"canonical\" href=\"https:\/\/www.locationlacannecy.fr\/blog\/la-location-saisonniere-avec-lla-selections\/\" \/>\n<meta property=\"og:locale\" content=\"fr_FR\" \/>\n<meta property=\"og:type\" content=\"article\" \/>\n<meta property=\"og:title\" content=\"La location saisonni\u00e8re avec LLA Selections by Location lac Annecy c&#039;est quoi ? - Tourisme au Lac d&#039;Annecy et dans les Alpes du Nord\" \/>\n<meta property=\"og:description\" content=\"Notre agence de location saisonni\u00e8re se perfectionne sans cesse. D\u00e9couvrez notre savoir-faire via une conciergerie sur mesure.\" \/>\n<meta property=\"og:url\" content=\"https:\/\/www.locationlacannecy.fr\/blog\/la-location-saisonniere-avec-lla-selections\/\" \/>\n<meta property=\"og:site_name\" content=\"Tourisme au Lac d&#039;Annecy et dans les Alpes du Nord\" \/>\n<meta property=\"article:publisher\" content=\"https:\/\/www.facebook.com\/locationlacannecy\" \/>\n<meta property=\"article:author\" content=\"https:\/\/www.facebook.com\/locationsaisonnieredeluxealpesetlacs\" \/>\n<meta property=\"article:published_time\" content=\"2022-12-28T10:00:00+00:00\" \/>\n<meta property=\"article:modified_time\" content=\"2025-07-16T06:11:22+00:00\" \/>\n<meta property=\"og:image\" content=\"https:\/\/www.locationlacannecy.fr\/blog\/wp-content\/uploads\/2022\/12\/Capture-decran-2022-12-16-a-13.12.14-1.png\" \/>\n\t<meta property=\"og:image:width\" content=\"1656\" \/>\n\t<meta property=\"og:image:height\" content=\"934\" \/>\n\t<meta property=\"og:image:type\" content=\"image\/png\" \/>\n<meta name=\"author\" content=\"locationlacannecy\" \/>\n<meta name=\"twitter:card\" content=\"summary_large_image\" \/>\n<meta name=\"twitter:label1\" content=\"Written by\" \/>\n\t<meta name=\"twitter:data1\" content=\"locationlacannecy\" \/>\n\t<meta name=\"twitter:label2\" content=\"Est. reading time\" \/>\n\t<meta name=\"twitter:data2\" content=\"5 minutes\" \/>\n<script type=\"application\/ld+json\" class=\"yoast-schema-graph\">{\"@context\":\"https:\\\/\\\/schema.org\",\"@graph\":[{\"@type\":\"Article\",\"@id\":\"https:\\\/\\\/www.locationlacannecy.fr\\\/blog\\\/la-location-saisonniere-avec-lla-selections\\\/#article\",\"isPartOf\":{\"@id\":\"https:\\\/\\\/www.locationlacannecy.fr\\\/blog\\\/la-location-saisonniere-avec-lla-selections\\\/\"},\"author\":{\"name\":\"locationlacannecy\",\"@id\":\"https:\\\/\\\/www.locationlacannecy.fr\\\/blog\\\/#\\\/schema\\\/person\\\/7fab390e122a0e75a3a1e342801fac68\"},\"headline\":\"La location saisonni\u00e8re avec LLA Selections by Location lac Annecy c&#8217;est quoi ?\",\"datePublished\":\"2022-12-28T10:00:00+00:00\",\"dateModified\":\"2025-07-16T06:11:22+00:00\",\"mainEntityOfPage\":{\"@id\":\"https:\\\/\\\/www.locationlacannecy.fr\\\/blog\\\/la-location-saisonniere-avec-lla-selections\\\/\"},\"wordCount\":576,\"commentCount\":0,\"publisher\":{\"@id\":\"https:\\\/\\\/www.locationlacannecy.fr\\\/blog\\\/#organization\"},\"image\":{\"@id\":\"https:\\\/\\\/www.locationlacannecy.fr\\\/blog\\\/la-location-saisonniere-avec-lla-selections\\\/#primaryimage\"},\"thumbnailUrl\":\"https:\\\/\\\/www.locationlacannecy.fr\\\/blog\\\/wp-content\\\/uploads\\\/2022\\\/12\\\/Capture-decran-2022-12-16-a-13.12.14-1.png\",\"articleSection\":[\"Les actualit\u00e9s de notre m\u00e9tier\"],\"inLanguage\":\"fr\",\"potentialAction\":[{\"@type\":\"CommentAction\",\"name\":\"Comment\",\"target\":[\"https:\\\/\\\/www.locationlacannecy.fr\\\/blog\\\/la-location-saisonniere-avec-lla-selections\\\/#respond\"]}]},{\"@type\":\"WebPage\",\"@id\":\"https:\\\/\\\/www.locationlacannecy.fr\\\/blog\\\/la-location-saisonniere-avec-lla-selections\\\/\",\"url\":\"https:\\\/\\\/www.locationlacannecy.fr\\\/blog\\\/la-location-saisonniere-avec-lla-selections\\\/\",\"name\":\"La location saisonni\u00e8re avec LLA Selections by Location lac Annecy c'est quoi ? - Tourisme au Lac d&#039;Annecy et dans les Alpes du Nord\",\"isPartOf\":{\"@id\":\"https:\\\/\\\/www.locationlacannecy.fr\\\/blog\\\/#website\"},\"primaryImageOfPage\":{\"@id\":\"https:\\\/\\\/www.locationlacannecy.fr\\\/blog\\\/la-location-saisonniere-avec-lla-selections\\\/#primaryimage\"},\"image\":{\"@id\":\"https:\\\/\\\/www.locationlacannecy.fr\\\/blog\\\/la-location-saisonniere-avec-lla-selections\\\/#primaryimage\"},\"thumbnailUrl\":\"https:\\\/\\\/www.locationlacannecy.fr\\\/blog\\\/wp-content\\\/uploads\\\/2022\\\/12\\\/Capture-decran-2022-12-16-a-13.12.14-1.png\",\"datePublished\":\"2022-12-28T10:00:00+00:00\",\"dateModified\":\"2025-07-16T06:11:22+00:00\",\"description\":\"Notre agence de location saisonni\u00e8re se perfectionne sans cesse. D\u00e9couvrez notre savoir-faire via une conciergerie sur mesure.\",\"breadcrumb\":{\"@id\":\"https:\\\/\\\/www.locationlacannecy.fr\\\/blog\\\/la-location-saisonniere-avec-lla-selections\\\/#breadcrumb\"},\"inLanguage\":\"fr\",\"potentialAction\":[{\"@type\":\"ReadAction\",\"target\":[\"https:\\\/\\\/www.locationlacannecy.fr\\\/blog\\\/la-location-saisonniere-avec-lla-selections\\\/\"]}]},{\"@type\":\"ImageObject\",\"inLanguage\":\"fr\",\"@id\":\"https:\\\/\\\/www.locationlacannecy.fr\\\/blog\\\/la-location-saisonniere-avec-lla-selections\\\/#primaryimage\",\"url\":\"https:\\\/\\\/www.locationlacannecy.fr\\\/blog\\\/wp-content\\\/uploads\\\/2022\\\/12\\\/Capture-decran-2022-12-16-a-13.12.14-1.png\",\"contentUrl\":\"https:\\\/\\\/www.locationlacannecy.fr\\\/blog\\\/wp-content\\\/uploads\\\/2022\\\/12\\\/Capture-decran-2022-12-16-a-13.12.14-1.png\",\"width\":1656,\"height\":934},{\"@type\":\"BreadcrumbList\",\"@id\":\"https:\\\/\\\/www.locationlacannecy.fr\\\/blog\\\/la-location-saisonniere-avec-lla-selections\\\/#breadcrumb\",\"itemListElement\":[{\"@type\":\"ListItem\",\"position\":1,\"name\":\"Home\",\"item\":\"https:\\\/\\\/www.locationlacannecy.fr\\\/blog\\\/\"},{\"@type\":\"ListItem\",\"position\":2,\"name\":\"La location saisonni\u00e8re avec LLA Selections by Location lac Annecy c&#8217;est quoi ?\"}]},{\"@type\":\"WebSite\",\"@id\":\"https:\\\/\\\/www.locationlacannecy.fr\\\/blog\\\/#website\",\"url\":\"https:\\\/\\\/www.locationlacannecy.fr\\\/blog\\\/\",\"name\":\"https:\\\/\\\/www.locationlacannecy.fr\\\/blog\\\/\",\"description\":\"by LLA Selections \\\/\\\/ Location Lac Annecy\",\"publisher\":{\"@id\":\"https:\\\/\\\/www.locationlacannecy.fr\\\/blog\\\/#organization\"},\"alternateName\":\"https:\\\/\\\/www.locationlacannecy.fr\",\"potentialAction\":[{\"@type\":\"SearchAction\",\"target\":{\"@type\":\"EntryPoint\",\"urlTemplate\":\"https:\\\/\\\/www.locationlacannecy.fr\\\/blog\\\/?s={search_term_string}\"},\"query-input\":{\"@type\":\"PropertyValueSpecification\",\"valueRequired\":true,\"valueName\":\"search_term_string\"}}],\"inLanguage\":\"fr\"},{\"@type\":\"Organization\",\"@id\":\"https:\\\/\\\/www.locationlacannecy.fr\\\/blog\\\/#organization\",\"name\":\"Blog de Location lac Annecy\",\"url\":\"https:\\\/\\\/www.locationlacannecy.fr\\\/blog\\\/\",\"logo\":{\"@type\":\"ImageObject\",\"inLanguage\":\"fr\",\"@id\":\"https:\\\/\\\/www.locationlacannecy.fr\\\/blog\\\/#\\\/schema\\\/logo\\\/image\\\/\",\"url\":\"https:\\\/\\\/www.locationlacannecy.fr\\\/blog\\\/wp-content\\\/uploads\\\/2023\\\/01\\\/LLA-Selections-Publication-Facebook.png\",\"contentUrl\":\"https:\\\/\\\/www.locationlacannecy.fr\\\/blog\\\/wp-content\\\/uploads\\\/2023\\\/01\\\/LLA-Selections-Publication-Facebook.png\",\"width\":940,\"height\":788,\"caption\":\"Blog de Location lac Annecy\"},\"image\":{\"@id\":\"https:\\\/\\\/www.locationlacannecy.fr\\\/blog\\\/#\\\/schema\\\/logo\\\/image\\\/\"},\"sameAs\":[\"https:\\\/\\\/www.facebook.com\\\/locationlacannecy\",\"https:\\\/\\\/www.instagram.com\\\/locationsaisonnierealpes\\\/\",\"https:\\\/\\\/www.linkedin.com\\\/company\\\/location-lac-annecy-lla\\\/\"]},{\"@type\":\"Person\",\"@id\":\"https:\\\/\\\/www.locationlacannecy.fr\\\/blog\\\/#\\\/schema\\\/person\\\/7fab390e122a0e75a3a1e342801fac68\",\"name\":\"locationlacannecy\",\"image\":{\"@type\":\"ImageObject\",\"inLanguage\":\"fr\",\"@id\":\"https:\\\/\\\/secure.gravatar.com\\\/avatar\\\/2815d245b271634a0f5e1904b52bc658d5e1ae6c29cde71497fe4f86690e1c41?s=96&d=mm&r=g\",\"url\":\"https:\\\/\\\/secure.gravatar.com\\\/avatar\\\/2815d245b271634a0f5e1904b52bc658d5e1ae6c29cde71497fe4f86690e1c41?s=96&d=mm&r=g\",\"contentUrl\":\"https:\\\/\\\/secure.gravatar.com\\\/avatar\\\/2815d245b271634a0f5e1904b52bc658d5e1ae6c29cde71497fe4f86690e1c41?s=96&d=mm&r=g\",\"caption\":\"locationlacannecy\"},\"description\":\"Nous sommes une \u00e9quipe de professionnels de la location saisonni\u00e8re ayant acquis une exp\u00e9rience significative dans l\u2019accueil, l\u2019hospitalit\u00e9, l\u2019intendance, la logistique, le service clients. Nous exer\u00e7ons notre activit\u00e9 de professionnels de la location saisonni\u00e8re au bord du lac d'Annecy, la Clusaz, Courchevel, M\u00e9ribel, Chamonix, \u2026\",\"sameAs\":[\"https:\\\/\\\/www.locationlacannecy.fr\",\"https:\\\/\\\/www.facebook.com\\\/locationsaisonnieredeluxealpesetlacs\",\"https:\\\/\\\/www.instagram.com\\\/locationsaisonnierealpes\\\/\",\"https:\\\/\\\/www.youtube.com\\\/@locationlacannecy-location7330\\\/featured\"],\"url\":\"https:\\\/\\\/www.locationlacannecy.fr\\\/blog\\\/author\\\/locationlacannecy\\\/\"}]}<\/script>\n<!-- \/ Yoast SEO plugin. -->","yoast_head_json":{"title":"La location saisonni\u00e8re avec LLA Selections by Location lac Annecy c'est quoi ? - Tourisme au Lac d&#039;Annecy et dans les Alpes du Nord","description":"Notre agence de location saisonni\u00e8re se perfectionne sans cesse. D\u00e9couvrez notre savoir-faire via une conciergerie sur mesure.","robots":{"index":"index","follow":"follow","max-snippet":"max-snippet:-1","max-image-preview":"max-image-preview:large","max-video-preview":"max-video-preview:-1"},"canonical":"https:\/\/www.locationlacannecy.fr\/blog\/la-location-saisonniere-avec-lla-selections\/","og_locale":"fr_FR","og_type":"article","og_title":"La location saisonni\u00e8re avec LLA Selections by Location lac Annecy c'est quoi ? - Tourisme au Lac d&#039;Annecy et dans les Alpes du Nord","og_description":"Notre agence de location saisonni\u00e8re se perfectionne sans cesse. D\u00e9couvrez notre savoir-faire via une conciergerie sur mesure.","og_url":"https:\/\/www.locationlacannecy.fr\/blog\/la-location-saisonniere-avec-lla-selections\/","og_site_name":"Tourisme au Lac d&#039;Annecy et dans les Alpes du Nord","article_publisher":"https:\/\/www.facebook.com\/locationlacannecy","article_author":"https:\/\/www.facebook.com\/locationsaisonnieredeluxealpesetlacs","article_published_time":"2022-12-28T10:00:00+00:00","article_modified_time":"2025-07-16T06:11:22+00:00","og_image":[{"width":1656,"height":934,"url":"https:\/\/www.locationlacannecy.fr\/blog\/wp-content\/uploads\/2022\/12\/Capture-decran-2022-12-16-a-13.12.14-1.png","type":"image\/png"}],"author":"locationlacannecy","twitter_card":"summary_large_image","twitter_misc":{"Written by":"locationlacannecy","Est. reading time":"5 minutes"},"schema":{"@context":"https:\/\/schema.org","@graph":[{"@type":"Article","@id":"https:\/\/www.locationlacannecy.fr\/blog\/la-location-saisonniere-avec-lla-selections\/#article","isPartOf":{"@id":"https:\/\/www.locationlacannecy.fr\/blog\/la-location-saisonniere-avec-lla-selections\/"},"author":{"name":"locationlacannecy","@id":"https:\/\/www.locationlacannecy.fr\/blog\/#\/schema\/person\/7fab390e122a0e75a3a1e342801fac68"},"headline":"La location saisonni\u00e8re avec LLA Selections by Location lac Annecy c&#8217;est quoi ?","datePublished":"2022-12-28T10:00:00+00:00","dateModified":"2025-07-16T06:11:22+00:00","mainEntityOfPage":{"@id":"https:\/\/www.locationlacannecy.fr\/blog\/la-location-saisonniere-avec-lla-selections\/"},"wordCount":576,"commentCount":0,"publisher":{"@id":"https:\/\/www.locationlacannecy.fr\/blog\/#organization"},"image":{"@id":"https:\/\/www.locationlacannecy.fr\/blog\/la-location-saisonniere-avec-lla-selections\/#primaryimage"},"thumbnailUrl":"https:\/\/www.locationlacannecy.fr\/blog\/wp-content\/uploads\/2022\/12\/Capture-decran-2022-12-16-a-13.12.14-1.png","articleSection":["Les actualit\u00e9s de notre m\u00e9tier"],"inLanguage":"fr","potentialAction":[{"@type":"CommentAction","name":"Comment","target":["https:\/\/www.locationlacannecy.fr\/blog\/la-location-saisonniere-avec-lla-selections\/#respond"]}]},{"@type":"WebPage","@id":"https:\/\/www.locationlacannecy.fr\/blog\/la-location-saisonniere-avec-lla-selections\/","url":"https:\/\/www.locationlacannecy.fr\/blog\/la-location-saisonniere-avec-lla-selections\/","name":"La location saisonni\u00e8re avec LLA Selections by Location lac Annecy c'est quoi ? - Tourisme au Lac d&#039;Annecy et dans les Alpes du Nord","isPartOf":{"@id":"https:\/\/www.locationlacannecy.fr\/blog\/#website"},"primaryImageOfPage":{"@id":"https:\/\/www.locationlacannecy.fr\/blog\/la-location-saisonniere-avec-lla-selections\/#primaryimage"},"image":{"@id":"https:\/\/www.locationlacannecy.fr\/blog\/la-location-saisonniere-avec-lla-selections\/#primaryimage"},"thumbnailUrl":"https:\/\/www.locationlacannecy.fr\/blog\/wp-content\/uploads\/2022\/12\/Capture-decran-2022-12-16-a-13.12.14-1.png","datePublished":"2022-12-28T10:00:00+00:00","dateModified":"2025-07-16T06:11:22+00:00","description":"Notre agence de location saisonni\u00e8re se perfectionne sans cesse. D\u00e9couvrez notre savoir-faire via une conciergerie sur mesure.","breadcrumb":{"@id":"https:\/\/www.locationlacannecy.fr\/blog\/la-location-saisonniere-avec-lla-selections\/#breadcrumb"},"inLanguage":"fr","potentialAction":[{"@type":"ReadAction","target":["https:\/\/www.locationlacannecy.fr\/blog\/la-location-saisonniere-avec-lla-selections\/"]}]},{"@type":"ImageObject","inLanguage":"fr","@id":"https:\/\/www.locationlacannecy.fr\/blog\/la-location-saisonniere-avec-lla-selections\/#primaryimage","url":"https:\/\/www.locationlacannecy.fr\/blog\/wp-content\/uploads\/2022\/12\/Capture-decran-2022-12-16-a-13.12.14-1.png","contentUrl":"https:\/\/www.locationlacannecy.fr\/blog\/wp-content\/uploads\/2022\/12\/Capture-decran-2022-12-16-a-13.12.14-1.png","width":1656,"height":934},{"@type":"BreadcrumbList","@id":"https:\/\/www.locationlacannecy.fr\/blog\/la-location-saisonniere-avec-lla-selections\/#breadcrumb","itemListElement":[{"@type":"ListItem","position":1,"name":"Home","item":"https:\/\/www.locationlacannecy.fr\/blog\/"},{"@type":"ListItem","position":2,"name":"La location saisonni\u00e8re avec LLA Selections by Location lac Annecy c&#8217;est quoi ?"}]},{"@type":"WebSite","@id":"https:\/\/www.locationlacannecy.fr\/blog\/#website","url":"https:\/\/www.locationlacannecy.fr\/blog\/","name":"https:\/\/www.locationlacannecy.fr\/blog\/","description":"by LLA Selections \/\/ Location Lac Annecy","publisher":{"@id":"https:\/\/www.locationlacannecy.fr\/blog\/#organization"},"alternateName":"https:\/\/www.locationlacannecy.fr","potentialAction":[{"@type":"SearchAction","target":{"@type":"EntryPoint","urlTemplate":"https:\/\/www.locationlacannecy.fr\/blog\/?s={search_term_string}"},"query-input":{"@type":"PropertyValueSpecification","valueRequired":true,"valueName":"search_term_string"}}],"inLanguage":"fr"},{"@type":"Organization","@id":"https:\/\/www.locationlacannecy.fr\/blog\/#organization","name":"Blog de Location lac Annecy","url":"https:\/\/www.locationlacannecy.fr\/blog\/","logo":{"@type":"ImageObject","inLanguage":"fr","@id":"https:\/\/www.locationlacannecy.fr\/blog\/#\/schema\/logo\/image\/","url":"https:\/\/www.locationlacannecy.fr\/blog\/wp-content\/uploads\/2023\/01\/LLA-Selections-Publication-Facebook.png","contentUrl":"https:\/\/www.locationlacannecy.fr\/blog\/wp-content\/uploads\/2023\/01\/LLA-Selections-Publication-Facebook.png","width":940,"height":788,"caption":"Blog de Location lac Annecy"},"image":{"@id":"https:\/\/www.locationlacannecy.fr\/blog\/#\/schema\/logo\/image\/"},"sameAs":["https:\/\/www.facebook.com\/locationlacannecy","https:\/\/www.instagram.com\/locationsaisonnierealpes\/","https:\/\/www.linkedin.com\/company\/location-lac-annecy-lla\/"]},{"@type":"Person","@id":"https:\/\/www.locationlacannecy.fr\/blog\/#\/schema\/person\/7fab390e122a0e75a3a1e342801fac68","name":"locationlacannecy","image":{"@type":"ImageObject","inLanguage":"fr","@id":"https:\/\/secure.gravatar.com\/avatar\/2815d245b271634a0f5e1904b52bc658d5e1ae6c29cde71497fe4f86690e1c41?s=96&d=mm&r=g","url":"https:\/\/secure.gravatar.com\/avatar\/2815d245b271634a0f5e1904b52bc658d5e1ae6c29cde71497fe4f86690e1c41?s=96&d=mm&r=g","contentUrl":"https:\/\/secure.gravatar.com\/avatar\/2815d245b271634a0f5e1904b52bc658d5e1ae6c29cde71497fe4f86690e1c41?s=96&d=mm&r=g","caption":"locationlacannecy"},"description":"Nous sommes une \u00e9quipe de professionnels de la location saisonni\u00e8re ayant acquis une exp\u00e9rience significative dans l\u2019accueil, l\u2019hospitalit\u00e9, l\u2019intendance, la logistique, le service clients. Nous exer\u00e7ons notre activit\u00e9 de professionnels de la location saisonni\u00e8re au bord du lac d'Annecy, la Clusaz, Courchevel, M\u00e9ribel, Chamonix, \u2026","sameAs":["https:\/\/www.locationlacannecy.fr","https:\/\/www.facebook.com\/locationsaisonnieredeluxealpesetlacs","https:\/\/www.instagram.com\/locationsaisonnierealpes\/","https:\/\/www.youtube.com\/@locationlacannecy-location7330\/featured"],"url":"https:\/\/www.locationlacannecy.fr\/blog\/author\/locationlacannecy\/"}]}},"_links":{"self":[{"href":"https:\/\/www.locationlacannecy.fr\/blog\/wp-json\/wp\/v2\/posts\/340","targetHints":{"allow":["GET"]}}],"collection":[{"href":"https:\/\/www.locationlacannecy.fr\/blog\/wp-json\/wp\/v2\/posts"}],"about":[{"href":"https:\/\/www.locationlacannecy.fr\/blog\/wp-json\/wp\/v2\/types\/post"}],"author":[{"embeddable":true,"href":"https:\/\/www.locationlacannecy.fr\/blog\/wp-json\/wp\/v2\/users\/2"}],"replies":[{"embeddable":true,"href":"https:\/\/www.locationlacannecy.fr\/blog\/wp-json\/wp\/v2\/comments?post=340"}],"version-history":[{"count":26,"href":"https:\/\/www.locationlacannecy.fr\/blog\/wp-json\/wp\/v2\/posts\/340\/revisions"}],"predecessor-version":[{"id":5784,"href":"https:\/\/www.locationlacannecy.fr\/blog\/wp-json\/wp\/v2\/posts\/340\/revisions\/5784"}],"wp:featuredmedia":[{"embeddable":true,"href":"https:\/\/www.locationlacannecy.fr\/blog\/wp-json\/wp\/v2\/media\/431"}],"wp:attachment":[{"href":"https:\/\/www.locationlacannecy.fr\/blog\/wp-json\/wp\/v2\/media?parent=340"}],"wp:term":[{"taxonomy":"category","embeddable":true,"href":"https:\/\/www.locationlacannecy.fr\/blog\/wp-json\/wp\/v2\/categories?post=340"},{"taxonomy":"post_tag","embeddable":true,"href":"https:\/\/www.locationlacannecy.fr\/blog\/wp-json\/wp\/v2\/tags?post=340"}],"curies":[{"name":"wp","href":"https:\/\/api.w.org\/{rel}","templated":true}]}}