{"id":40,"date":"2022-11-30T15:34:17","date_gmt":"2022-11-30T15:34:17","guid":{"rendered":"https:\/\/www.locationlacannecy.fr\/blog\/?p=40"},"modified":"2026-02-27T14:24:52","modified_gmt":"2026-02-27T14:24:52","slug":"annecy-locations-de-vacances-nos-nouveautes","status":"publish","type":"post","link":"https:\/\/www.locationlacannecy.fr\/blog\/annecy-locations-de-vacances-nos-nouveautes\/","title":{"rendered":"Nouveaut\u00e9s d\u00e9cembre 2022 : Locations de vacances"},"content":{"rendered":"\t\t<div data-elementor-type=\"wp-post\" data-elementor-id=\"40\" class=\"elementor elementor-40\" data-elementor-post-type=\"post\">\n\t\t\t\t<div class=\"elementor-element elementor-element-4cf55f4 e-flex e-con-boxed e-con e-parent\" data-id=\"4cf55f4\" data-element_type=\"container\" data-e-type=\"container\">\n\t\t\t\t\t<div class=\"e-con-inner\">\n\t\t\t\t<div class=\"elementor-element elementor-element-42d3912 elementor-widget elementor-widget-text-editor\" data-id=\"42d3912\" data-element_type=\"widget\" data-e-type=\"widget\" data-widget_type=\"text-editor.default\">\n\t\t\t\t<div class=\"elementor-widget-container\">\n\t\t\t\t\t\t\t\t\t<h2>Nouveaut\u00e9 n\u00b01 : Envie de passer l&#8217;hiver au coeur des montagnes ?<\/h2><p>Nous venons d&#8217;accueillir ce magnifique chalet pour vous offrir le meilleur au sein de vos locations de vacances. \u00c0 la cl\u00e9 : vue panoramique \u00e0 180\u00b0 depuis les hauteurs de Saint-Jorioz, espace calme et de d\u00e9tente pour un s\u00e9jour en famille ou entre amis :<\/p>\t\t\t\t\t\t\t\t<\/div>\n\t\t\t\t<\/div>\n\t\t\t\t\t<\/div>\n\t\t\t\t<\/div>\n\t\t<div class=\"elementor-element elementor-element-954573f e-flex e-con-boxed e-con e-parent\" data-id=\"954573f\" data-element_type=\"container\" data-e-type=\"container\">\n\t\t\t\t\t<div class=\"e-con-inner\">\n\t\t<div class=\"elementor-element elementor-element-e0743ff e-con-full e-flex e-con e-child\" data-id=\"e0743ff\" data-element_type=\"container\" data-e-type=\"container\">\n\t\t\t\t<div class=\"elementor-element elementor-element-29379cb elementor-widget elementor-widget-text-editor\" data-id=\"29379cb\" data-element_type=\"widget\" data-e-type=\"widget\" data-widget_type=\"text-editor.default\">\n\t\t\t\t<div class=\"elementor-widget-container\">\n\t\t\t\t\t\t\t\t\t<p><img fetchpriority=\"high\" decoding=\"async\" width=\"800\" height=\"534\" class=\"wp-image-47\" src=\"https:\/\/www.locationlacannecy.fr\/blog\/wp-content\/uploads\/2022\/11\/ST_JORIOZ_CHALET180_-10.jpg\" alt=\"Annecy Location Vacances : chambre \u00e0 coucher \" srcset=\"https:\/\/www.locationlacannecy.fr\/blog\/wp-content\/uploads\/2022\/11\/ST_JORIOZ_CHALET180_-10.jpg 800w, https:\/\/www.locationlacannecy.fr\/blog\/wp-content\/uploads\/2022\/11\/ST_JORIOZ_CHALET180_-10-360x240.jpg 360w, https:\/\/www.locationlacannecy.fr\/blog\/wp-content\/uploads\/2022\/11\/ST_JORIOZ_CHALET180_-10-768x513.jpg 768w\" sizes=\"(max-width: 800px) 100vw, 800px\" \/>Chambre \u00e0 coucher<\/p>\t\t\t\t\t\t\t\t<\/div>\n\t\t\t\t<\/div>\n\t\t\t\t<\/div>\n\t\t<div class=\"elementor-element elementor-element-0b24c59 e-con-full e-flex e-con e-child\" data-id=\"0b24c59\" data-element_type=\"container\" data-e-type=\"container\">\n\t\t\t\t<div class=\"elementor-element elementor-element-97b9d51 elementor-widget elementor-widget-text-editor\" data-id=\"97b9d51\" data-element_type=\"widget\" data-e-type=\"widget\" data-widget_type=\"text-editor.default\">\n\t\t\t\t<div class=\"elementor-widget-container\">\n\t\t\t\t\t\t\t\t\t<p><img decoding=\"async\" width=\"800\" height=\"534\" class=\"wp-image-53\" src=\"https:\/\/www.locationlacannecy.fr\/blog\/wp-content\/uploads\/2022\/11\/ST_JORIOZ_CHALET180_-2.jpg\" alt=\"Annecy Location Vacances : salle \u00e0 manger\" srcset=\"https:\/\/www.locationlacannecy.fr\/blog\/wp-content\/uploads\/2022\/11\/ST_JORIOZ_CHALET180_-2.jpg 800w, https:\/\/www.locationlacannecy.fr\/blog\/wp-content\/uploads\/2022\/11\/ST_JORIOZ_CHALET180_-2-360x240.jpg 360w, https:\/\/www.locationlacannecy.fr\/blog\/wp-content\/uploads\/2022\/11\/ST_JORIOZ_CHALET180_-2-768x513.jpg 768w\" sizes=\"(max-width: 800px) 100vw, 800px\" \/>Salle \u00e0 manger<\/p>\t\t\t\t\t\t\t\t<\/div>\n\t\t\t\t<\/div>\n\t\t\t\t<\/div>\n\t\t<div class=\"elementor-element elementor-element-6a49fc4 e-con-full e-flex e-con e-child\" data-id=\"6a49fc4\" data-element_type=\"container\" data-e-type=\"container\">\n\t\t\t\t<div class=\"elementor-element elementor-element-fbd974e elementor-widget elementor-widget-text-editor\" data-id=\"fbd974e\" data-element_type=\"widget\" data-e-type=\"widget\" data-widget_type=\"text-editor.default\">\n\t\t\t\t<div class=\"elementor-widget-container\">\n\t\t\t\t\t\t\t\t\t<p><img decoding=\"async\" width=\"800\" height=\"534\" class=\"wp-image-51\" src=\"https:\/\/www.locationlacannecy.fr\/blog\/wp-content\/uploads\/2022\/11\/ST_JORIOZ_CHALET180_-6.jpg\" alt=\"Annecy Location Vacances : salon\" srcset=\"https:\/\/www.locationlacannecy.fr\/blog\/wp-content\/uploads\/2022\/11\/ST_JORIOZ_CHALET180_-6.jpg 800w, https:\/\/www.locationlacannecy.fr\/blog\/wp-content\/uploads\/2022\/11\/ST_JORIOZ_CHALET180_-6-360x240.jpg 360w, https:\/\/www.locationlacannecy.fr\/blog\/wp-content\/uploads\/2022\/11\/ST_JORIOZ_CHALET180_-6-768x513.jpg 768w\" sizes=\"(max-width: 800px) 100vw, 800px\" \/>Salon<\/p>\t\t\t\t\t\t\t\t<\/div>\n\t\t\t\t<\/div>\n\t\t\t\t<\/div>\n\t\t\t\t\t<\/div>\n\t\t\t\t<\/div>\n\t\t<div class=\"elementor-element elementor-element-d1e7c5f e-flex e-con-boxed e-con e-parent\" data-id=\"d1e7c5f\" data-element_type=\"container\" data-e-type=\"container\">\n\t\t\t\t\t<div class=\"e-con-inner\">\n\t\t\t\t<div class=\"elementor-element elementor-element-a86c29a elementor-align-center elementor-widget elementor-widget-button\" data-id=\"a86c29a\" data-element_type=\"widget\" data-e-type=\"widget\" data-widget_type=\"button.default\">\n\t\t\t\t<div class=\"elementor-widget-container\">\n\t\t\t\t\t\t\t\t\t<div class=\"elementor-button-wrapper\">\n\t\t\t\t\t<a class=\"elementor-button elementor-button-link elementor-size-sm\" href=\"https:\/\/www.locationlacannecy.fr\/location\/maison-saint-jorioz-st-jorioz-cosy-chalet-sur-les-hauteurs-vue-lac-320898.html\">\n\t\t\t\t\t\t<span class=\"elementor-button-content-wrapper\">\n\t\t\t\t\t\t\t\t\t<span class=\"elementor-button-text\">D\u00e9couvrir<\/span>\n\t\t\t\t\t<\/span>\n\t\t\t\t\t<\/a>\n\t\t\t\t<\/div>\n\t\t\t\t\t\t\t\t<\/div>\n\t\t\t\t<\/div>\n\t\t\t\t\t<\/div>\n\t\t\t\t<\/div>\n\t\t<div class=\"elementor-element elementor-element-e223efa e-flex e-con-boxed e-con e-parent\" data-id=\"e223efa\" data-element_type=\"container\" data-e-type=\"container\">\n\t\t\t\t\t<div class=\"e-con-inner\">\n\t\t\t\t<div class=\"elementor-element elementor-element-64263bc elementor-widget elementor-widget-text-editor\" data-id=\"64263bc\" data-element_type=\"widget\" data-e-type=\"widget\" data-widget_type=\"text-editor.default\">\n\t\t\t\t<div class=\"elementor-widget-container\">\n\t\t\t\t\t\t\t\t\t<h3>Que faire \u00e0 Saint-Jorioz ?<\/h3><p>Saint-Jorioz est une commune situ\u00e9e \u00e0 20 minutes du centre ville d&#8217;Annecy. Elle offre l&#8217;acc\u00e8s au lac avec sa grande plage, la proximit\u00e9 des petits commerces ainsi que de nombreuses promenades cyclables ou pi\u00e9tonnes. Pour en savoir plus : <a href=\"https:\/\/saint-jorioz.fr\/fr\/\">Saint-Jorioz<\/a><\/p>\t\t\t\t\t\t\t\t<\/div>\n\t\t\t\t<\/div>\n\t\t\t\t\t<\/div>\n\t\t\t\t<\/div>\n\t\t<div class=\"elementor-element elementor-element-974f6f4 e-flex e-con-boxed e-con e-parent\" data-id=\"974f6f4\" data-element_type=\"container\" data-e-type=\"container\">\n\t\t\t\t\t<div class=\"e-con-inner\">\n\t\t\t\t<div class=\"elementor-element elementor-element-15ea26d elementor-widget elementor-widget-text-editor\" data-id=\"15ea26d\" data-element_type=\"widget\" data-e-type=\"widget\" data-widget_type=\"text-editor.default\">\n\t\t\t\t<div class=\"elementor-widget-container\">\n\t\t\t\t\t\t\t\t\t<h2>Nouveaut\u00e9 n\u00b02 : Envie de surplomber le lac ?<\/h2><p>Nous venons de d\u00e9nicher, rien que pour vous, ce superbe appartement offrant une situation id\u00e9ale en plein centre de Veyrier-du-Lac.\u00a0Id\u00e9alement situ\u00e9 sur la Rive Est du lac et \u00e0 quelques pas de la Plage de La Brune. Cette location de vacances \u00e0 proximit\u00e9 d&#8217;Annecy saura vous s\u00e9duire par sa vue d\u00e9gag\u00e9e sur le lac, la piscine priv\u00e9e de la r\u00e9sidence et sa d\u00e9coration raffin\u00e9e.\u00a0<\/p>\t\t\t\t\t\t\t\t<\/div>\n\t\t\t\t<\/div>\n\t\t\t\t\t<\/div>\n\t\t\t\t<\/div>\n\t\t<div class=\"elementor-element elementor-element-5becd93 e-flex e-con-boxed e-con e-parent\" data-id=\"5becd93\" data-element_type=\"container\" data-e-type=\"container\">\n\t\t\t\t\t<div class=\"e-con-inner\">\n\t\t<div class=\"elementor-element elementor-element-7656b0e e-con-full e-flex e-con e-child\" data-id=\"7656b0e\" data-element_type=\"container\" data-e-type=\"container\">\n\t\t\t\t<div class=\"elementor-element elementor-element-02c3d37 elementor-widget elementor-widget-text-editor\" data-id=\"02c3d37\" data-element_type=\"widget\" data-e-type=\"widget\" data-widget_type=\"text-editor.default\">\n\t\t\t\t<div class=\"elementor-widget-container\">\n\t\t\t\t\t\t\t\t\t<p><img loading=\"lazy\" decoding=\"async\" width=\"800\" height=\"534\" class=\"wp-image-57\" src=\"https:\/\/www.locationlacannecy.fr\/blog\/wp-content\/uploads\/2022\/11\/Veyrier-Poolview5.jpg\" alt=\"Annecy Location Vacances : salle \u00e0 manger\" srcset=\"https:\/\/www.locationlacannecy.fr\/blog\/wp-content\/uploads\/2022\/11\/Veyrier-Poolview5.jpg 800w, https:\/\/www.locationlacannecy.fr\/blog\/wp-content\/uploads\/2022\/11\/Veyrier-Poolview5-360x240.jpg 360w, https:\/\/www.locationlacannecy.fr\/blog\/wp-content\/uploads\/2022\/11\/Veyrier-Poolview5-768x513.jpg 768w\" sizes=\"(max-width: 800px) 100vw, 800px\" \/>Salle \u00e0 manger<\/p>\t\t\t\t\t\t\t\t<\/div>\n\t\t\t\t<\/div>\n\t\t\t\t<\/div>\n\t\t<div class=\"elementor-element elementor-element-b754243 e-con-full e-flex e-con e-child\" data-id=\"b754243\" data-element_type=\"container\" data-e-type=\"container\">\n\t\t\t\t<div class=\"elementor-element elementor-element-9b593d5 elementor-widget elementor-widget-text-editor\" data-id=\"9b593d5\" data-element_type=\"widget\" data-e-type=\"widget\" data-widget_type=\"text-editor.default\">\n\t\t\t\t<div class=\"elementor-widget-container\">\n\t\t\t\t\t\t\t\t\t<p><img loading=\"lazy\" decoding=\"async\" width=\"800\" height=\"534\" class=\"wp-image-59\" src=\"https:\/\/www.locationlacannecy.fr\/blog\/wp-content\/uploads\/2022\/11\/Veyrier-Poolview9.jpg\" alt=\"piscine \" srcset=\"https:\/\/www.locationlacannecy.fr\/blog\/wp-content\/uploads\/2022\/11\/Veyrier-Poolview9.jpg 800w, https:\/\/www.locationlacannecy.fr\/blog\/wp-content\/uploads\/2022\/11\/Veyrier-Poolview9-360x240.jpg 360w, https:\/\/www.locationlacannecy.fr\/blog\/wp-content\/uploads\/2022\/11\/Veyrier-Poolview9-768x513.jpg 768w\" sizes=\"(max-width: 800px) 100vw, 800px\" \/>Piscine<\/p>\t\t\t\t\t\t\t\t<\/div>\n\t\t\t\t<\/div>\n\t\t\t\t<\/div>\n\t\t<div class=\"elementor-element elementor-element-4244265 e-con-full e-flex e-con e-child\" data-id=\"4244265\" data-element_type=\"container\" data-e-type=\"container\">\n\t\t\t\t<div class=\"elementor-element elementor-element-c096d6b elementor-widget elementor-widget-text-editor\" data-id=\"c096d6b\" data-element_type=\"widget\" data-e-type=\"widget\" data-widget_type=\"text-editor.default\">\n\t\t\t\t<div class=\"elementor-widget-container\">\n\t\t\t\t\t\t\t\t\t<p><img loading=\"lazy\" decoding=\"async\" width=\"800\" height=\"534\" class=\"wp-image-61\" src=\"https:\/\/www.locationlacannecy.fr\/blog\/wp-content\/uploads\/2022\/11\/Veyrier-Poolview13.jpg\" alt=\"salon\" srcset=\"https:\/\/www.locationlacannecy.fr\/blog\/wp-content\/uploads\/2022\/11\/Veyrier-Poolview13.jpg 800w, https:\/\/www.locationlacannecy.fr\/blog\/wp-content\/uploads\/2022\/11\/Veyrier-Poolview13-360x240.jpg 360w, https:\/\/www.locationlacannecy.fr\/blog\/wp-content\/uploads\/2022\/11\/Veyrier-Poolview13-768x513.jpg 768w\" sizes=\"(max-width: 800px) 100vw, 800px\" \/>Salon<\/p>\t\t\t\t\t\t\t\t<\/div>\n\t\t\t\t<\/div>\n\t\t\t\t<\/div>\n\t\t\t\t\t<\/div>\n\t\t\t\t<\/div>\n\t\t<div class=\"elementor-element elementor-element-e2b3b54 e-flex e-con-boxed e-con e-parent\" data-id=\"e2b3b54\" data-element_type=\"container\" data-e-type=\"container\">\n\t\t\t\t\t<div class=\"e-con-inner\">\n\t\t\t\t<div class=\"elementor-element elementor-element-d48576a elementor-align-center elementor-widget elementor-widget-button\" data-id=\"d48576a\" data-element_type=\"widget\" data-e-type=\"widget\" data-widget_type=\"button.default\">\n\t\t\t\t<div class=\"elementor-widget-container\">\n\t\t\t\t\t\t\t\t\t<div class=\"elementor-button-wrapper\">\n\t\t\t\t\t<a class=\"elementor-button elementor-button-link elementor-size-sm\" href=\"https:\/\/www.locationlacannecy.fr\/location\/appartement-veyrier-du-lac-veyrier-centre-pool-and-view-apt-contemporain-404249.html\">\n\t\t\t\t\t\t<span class=\"elementor-button-content-wrapper\">\n\t\t\t\t\t\t\t\t\t<span class=\"elementor-button-text\">D\u00e9couvrir<\/span>\n\t\t\t\t\t<\/span>\n\t\t\t\t\t<\/a>\n\t\t\t\t<\/div>\n\t\t\t\t\t\t\t\t<\/div>\n\t\t\t\t<\/div>\n\t\t\t\t\t<\/div>\n\t\t\t\t<\/div>\n\t\t<div class=\"elementor-element elementor-element-e700d85 e-flex e-con-boxed e-con e-parent\" data-id=\"e700d85\" data-element_type=\"container\" data-e-type=\"container\">\n\t\t\t\t\t<div class=\"e-con-inner\">\n\t\t\t\t<div class=\"elementor-element elementor-element-f793611 elementor-widget elementor-widget-text-editor\" data-id=\"f793611\" data-element_type=\"widget\" data-e-type=\"widget\" data-widget_type=\"text-editor.default\">\n\t\t\t\t<div class=\"elementor-widget-container\">\n\t\t\t\t\t\t\t\t\t<h3>Que faire \u00e0 Veyrier-du-Lac ?<\/h3><p>Ce typique village savoyard est implant\u00e9 au bord du lac d&#8217;Annecy, ses 3 plages d&#8217;herbe permettent un acc\u00e8s facile au lac et de nombreuses activit\u00e9s. Une tr\u00e8s jolie promenade le long du lac vous permettra de marcher jusqu&#8217;au village voisin de Menthon-Saint-Bernard. Pour en savoir plus : <a href=\"http:\/\/www.rivepleinsoleil.com\">Rive Est<\/a>.<\/p>\t\t\t\t\t\t\t\t<\/div>\n\t\t\t\t<\/div>\n\t\t\t\t\t<\/div>\n\t\t\t\t<\/div>\n\t\t<div class=\"elementor-element elementor-element-2f5df8a e-flex e-con-boxed e-con e-parent\" data-id=\"2f5df8a\" data-element_type=\"container\" data-e-type=\"container\">\n\t\t\t\t\t<div class=\"e-con-inner\">\n\t\t\t\t<div class=\"elementor-element elementor-element-2ff50eb elementor-widget elementor-widget-text-editor\" data-id=\"2ff50eb\" data-element_type=\"widget\" data-e-type=\"widget\" data-widget_type=\"text-editor.default\">\n\t\t\t\t<div class=\"elementor-widget-container\">\n\t\t\t\t\t\t\t\t\t<h2>Locations de Vacances by LLA Selections&#8230;<\/h2><p>Votre agence LLA Selections by Location lac Annecy sp\u00e9cialiste de la location saisonni\u00e8re au bord du lac d&#8217;Annecy et dans les Alpes a s\u00e9lectionn\u00e9 ces 2 biens. Depuis 20 ans, nous exer\u00e7ons sur le march\u00e9 afin de garantir le meilleur tarif, une \u00e9quipe de professionnels \u00e0 votre service, une communication irr\u00e9prochable, un accueil personnalis\u00e9 et un service complet. Soit : profitez, on s&#8217;occupe du reste.<\/p>\t\t\t\t\t\t\t\t<\/div>\n\t\t\t\t<\/div>\n\t\t\t\t\t<\/div>\n\t\t\t\t<\/div>\n\t\t<div class=\"elementor-element elementor-element-dbc6c00 e-flex e-con-boxed e-con e-parent\" data-id=\"dbc6c00\" data-element_type=\"container\" data-e-type=\"container\">\n\t\t\t\t\t<div class=\"e-con-inner\">\n\t\t\t\t<div class=\"elementor-element elementor-element-4e26caf elementor-widget elementor-widget-template\" data-id=\"4e26caf\" data-element_type=\"widget\" data-e-type=\"widget\" data-widget_type=\"template.default\">\n\t\t\t\t<div class=\"elementor-widget-container\">\n\t\t\t\t\t\t\t<div class=\"elementor-template\">\n\t\t\t\t\t<div data-elementor-type=\"container\" data-elementor-id=\"2863\" class=\"elementor elementor-2863 elementor-2924 elementor-2924\" data-elementor-post-type=\"elementor_library\">\n\t\t\t\t<div class=\"elementor-element elementor-element-794180e0 e-flex e-con-boxed e-con e-parent\" data-id=\"794180e0\" data-element_type=\"container\" data-e-type=\"container\">\n\t\t\t\t\t<div class=\"e-con-inner\">\n\t\t<div class=\"elementor-element elementor-element-7bd67a93 e-con-full e-flex e-con e-child\" data-id=\"7bd67a93\" data-element_type=\"container\" data-e-type=\"container\">\n\t\t\t\t<div class=\"elementor-element elementor-element-4d6f49e0 elementor-cta--skin-cover elementor-cta--valign-bottom elementor-animated-content elementor-bg-transform elementor-bg-transform-zoom-in elementor-widget elementor-widget-call-to-action\" data-id=\"4d6f49e0\" data-element_type=\"widget\" data-e-type=\"widget\" data-widget_type=\"call-to-action.default\">\n\t\t\t\t<div class=\"elementor-widget-container\">\n\t\t\t\t\t\t\t<div class=\"elementor-cta\">\n\t\t\t\t\t<div class=\"elementor-cta__bg-wrapper\">\n\t\t\t\t<div class=\"elementor-cta__bg elementor-bg\" style=\"background-image: url(https:\/\/www.locationlacannecy.fr\/blog\/wp-content\/uploads\/2025\/01\/location-saisonniere-lac-annecy-france-1.webp);\" role=\"img\" aria-label=\"location saisonni\u00e8re lac annecy france\"><\/div>\n\t\t\t\t<div class=\"elementor-cta__bg-overlay\"><\/div>\n\t\t\t<\/div>\n\t\t\t\t\t\t\t<div class=\"elementor-cta__content\">\n\t\t\t\t\n\t\t\t\t\n\t\t\t\t\n\t\t\t\t\t\t\t\t\t<div class=\"elementor-cta__button-wrapper elementor-cta__content-item elementor-content-item elementor-animated-item--grow\">\n\t\t\t\t\t<a class=\"elementor-cta__button elementor-button elementor-size-\" href=\"https:\/\/www.locationlacannecy.fr\/location-vacances-lac-annecy\/\">\n\t\t\t\t\t\tLOCATIONS LAC ANNECY\t\t\t\t\t<\/a>\n\t\t\t\t\t<\/div>\n\t\t\t\t\t\t\t<\/div>\n\t\t\t\t\t\t<\/div>\n\t\t\t\t\t\t<\/div>\n\t\t\t\t<\/div>\n\t\t\t\t<\/div>\n\t\t<div class=\"elementor-element elementor-element-6ae81fc2 e-con-full e-flex e-con e-child\" data-id=\"6ae81fc2\" data-element_type=\"container\" data-e-type=\"container\">\n\t\t\t\t<div class=\"elementor-element elementor-element-d5b7aa0 elementor-cta--skin-cover elementor-cta--valign-bottom elementor-animated-content elementor-bg-transform elementor-bg-transform-zoom-in elementor-widget elementor-widget-call-to-action\" data-id=\"d5b7aa0\" data-element_type=\"widget\" data-e-type=\"widget\" data-widget_type=\"call-to-action.default\">\n\t\t\t\t<div class=\"elementor-widget-container\">\n\t\t\t\t\t\t\t<div class=\"elementor-cta\">\n\t\t\t\t\t<div class=\"elementor-cta__bg-wrapper\">\n\t\t\t\t<div class=\"elementor-cta__bg elementor-bg\" style=\"background-image: url(https:\/\/www.locationlacannecy.fr\/blog\/wp-content\/uploads\/2024\/12\/appartements-vacances-lac-annecy.webp);\" role=\"img\" aria-label=\"appartements vacances lac annecy\"><\/div>\n\t\t\t\t<div class=\"elementor-cta__bg-overlay\"><\/div>\n\t\t\t<\/div>\n\t\t\t\t\t\t\t<div class=\"elementor-cta__content\">\n\t\t\t\t\n\t\t\t\t\n\t\t\t\t\n\t\t\t\t\t\t\t\t\t<div class=\"elementor-cta__button-wrapper elementor-cta__content-item elementor-content-item elementor-animated-item--grow\">\n\t\t\t\t\t<a class=\"elementor-cta__button elementor-button elementor-size-\" href=\"https:\/\/www.locationlacannecy.fr\/appartements-vacances-lac-annecy\/\">\n\t\t\t\t\t\tAPPARTEMENTS LAC ANNECY\t\t\t\t\t<\/a>\n\t\t\t\t\t<\/div>\n\t\t\t\t\t\t\t<\/div>\n\t\t\t\t\t\t<\/div>\n\t\t\t\t\t\t<\/div>\n\t\t\t\t<\/div>\n\t\t\t\t<\/div>\n\t\t<div class=\"elementor-element elementor-element-42fcb376 e-con-full e-flex e-con e-child\" data-id=\"42fcb376\" data-element_type=\"container\" data-e-type=\"container\">\n\t\t\t\t<div class=\"elementor-element elementor-element-4b19f703 elementor-cta--skin-cover elementor-cta--valign-bottom elementor-animated-content elementor-bg-transform elementor-bg-transform-zoom-in elementor-widget elementor-widget-call-to-action\" data-id=\"4b19f703\" data-element_type=\"widget\" data-e-type=\"widget\" data-widget_type=\"call-to-action.default\">\n\t\t\t\t<div class=\"elementor-widget-container\">\n\t\t\t\t\t\t\t<div class=\"elementor-cta\">\n\t\t\t\t\t<div class=\"elementor-cta__bg-wrapper\">\n\t\t\t\t<div class=\"elementor-cta__bg elementor-bg\" style=\"background-image: url(https:\/\/www.locationlacannecy.fr\/blog\/wp-content\/uploads\/2024\/12\/maisons-vacances-lac-annecy.webp);\" role=\"img\" aria-label=\"maisons-vacances-lac-annecy\"><\/div>\n\t\t\t\t<div class=\"elementor-cta__bg-overlay\"><\/div>\n\t\t\t<\/div>\n\t\t\t\t\t\t\t<div class=\"elementor-cta__content\">\n\t\t\t\t\n\t\t\t\t\n\t\t\t\t\n\t\t\t\t\t\t\t\t\t<div class=\"elementor-cta__button-wrapper elementor-cta__content-item elementor-content-item elementor-animated-item--grow\">\n\t\t\t\t\t<a class=\"elementor-cta__button elementor-button elementor-size-\" href=\"https:\/\/www.locationlacannecy.fr\/location\/maisons-lac-annecy-c19z1932\/\">\n\t\t\t\t\t\tMAISONS LAC ANNECY\t\t\t\t\t<\/a>\n\t\t\t\t\t<\/div>\n\t\t\t\t\t\t\t<\/div>\n\t\t\t\t\t\t<\/div>\n\t\t\t\t\t\t<\/div>\n\t\t\t\t<\/div>\n\t\t\t\t<\/div>\n\t\t\t\t\t<\/div>\n\t\t\t\t<\/div>\n\t\t\t\t<\/div>\n\t\t\t\t<\/div>\n\t\t\t\t\t\t<\/div>\n\t\t\t\t<\/div>\n\t\t\t\t\t<\/div>\n\t\t\t\t<\/div>\n\t\t\t\t<\/div>\n\t\t","protected":false},"excerpt":{"rendered":"<p>Nouveaut\u00e9 n\u00b01 : Envie de passer l&#8217;hiver au coeur des montagnes ? Nous venons d&#8217;accueillir ce magnifique chalet pour vous offrir le meilleur au sein de vos locations de vacances. \u00c0 la cl\u00e9 : vue panoramique \u00e0 180\u00b0 depuis les hauteurs de Saint-Jorioz, espace calme et de d\u00e9tente pour un s\u00e9jour en famille ou entre [&hellip;]<\/p>\n","protected":false},"author":2,"featured_media":8235,"comment_status":"open","ping_status":"open","sticky":false,"template":"","format":"standard","meta":{"footnotes":""},"categories":[11],"tags":[19,28,24,25,23,26,27],"class_list":["post-40","post","type-post","status-publish","format-standard","has-post-thumbnail","hentry","category-nouveautes-lla","tag-annecy-la-venise-des-alpes","tag-holidays","tag-location","tag-location-saisonniere","tag-nouveaute","tag-saint-jorioz","tag-vacances"],"yoast_head":"<!-- This site is optimized with the Yoast SEO plugin v27.4 - https:\/\/yoast.com\/product\/yoast-seo-wordpress\/ -->\n<title>Locations de vacances : nouveaut\u00e9s by LLA Selections<\/title>\n<meta name=\"description\" content=\"Locations de vacances \u00e0 Annecy : venez d\u00e9couvrir nos nouveaut\u00e9s s\u00e9lectionn\u00e9es avec go\u00fbt et professionnalisme...\" \/>\n<meta name=\"robots\" content=\"index, follow, max-snippet:-1, max-image-preview:large, max-video-preview:-1\" \/>\n<link rel=\"canonical\" href=\"https:\/\/www.locationlacannecy.fr\/blog\/annecy-locations-de-vacances-nos-nouveautes\/\" \/>\n<meta property=\"og:locale\" content=\"fr_FR\" \/>\n<meta property=\"og:type\" content=\"article\" \/>\n<meta property=\"og:title\" content=\"Locations de vacances : nouveaut\u00e9s by LLA Selections\" \/>\n<meta property=\"og:description\" content=\"Locations de vacances \u00e0 Annecy : venez d\u00e9couvrir nos nouveaut\u00e9s s\u00e9lectionn\u00e9es avec go\u00fbt et professionnalisme...\" \/>\n<meta property=\"og:url\" content=\"https:\/\/www.locationlacannecy.fr\/blog\/annecy-locations-de-vacances-nos-nouveautes\/\" \/>\n<meta property=\"og:site_name\" content=\"Tourisme au Lac d&#039;Annecy et dans les Alpes du Nord\" \/>\n<meta property=\"article:publisher\" content=\"https:\/\/www.facebook.com\/locationlacannecy\" \/>\n<meta property=\"article:author\" content=\"https:\/\/www.facebook.com\/locationsaisonnieredeluxealpesetlacs\" \/>\n<meta property=\"article:published_time\" content=\"2022-11-30T15:34:17+00:00\" \/>\n<meta property=\"article:modified_time\" content=\"2026-02-27T14:24:52+00:00\" \/>\n<meta property=\"og:image\" content=\"https:\/\/www.locationlacannecy.fr\/blog\/wp-content\/uploads\/2022\/11\/location-lla-selections.jpg\" \/>\n\t<meta property=\"og:image:width\" content=\"1920\" \/>\n\t<meta property=\"og:image:height\" content=\"650\" \/>\n\t<meta property=\"og:image:type\" content=\"image\/jpeg\" \/>\n<meta name=\"author\" content=\"locationlacannecy\" \/>\n<meta name=\"twitter:card\" content=\"summary_large_image\" \/>\n<meta name=\"twitter:label1\" content=\"Written by\" \/>\n\t<meta name=\"twitter:data1\" content=\"locationlacannecy\" \/>\n\t<meta name=\"twitter:label2\" content=\"Est. reading time\" \/>\n\t<meta name=\"twitter:data2\" content=\"3 minutes\" \/>\n<script type=\"application\/ld+json\" class=\"yoast-schema-graph\">{\"@context\":\"https:\\\/\\\/schema.org\",\"@graph\":[{\"@type\":\"Article\",\"@id\":\"https:\\\/\\\/www.locationlacannecy.fr\\\/blog\\\/annecy-locations-de-vacances-nos-nouveautes\\\/#article\",\"isPartOf\":{\"@id\":\"https:\\\/\\\/www.locationlacannecy.fr\\\/blog\\\/annecy-locations-de-vacances-nos-nouveautes\\\/\"},\"author\":{\"name\":\"locationlacannecy\",\"@id\":\"https:\\\/\\\/www.locationlacannecy.fr\\\/blog\\\/#\\\/schema\\\/person\\\/7fab390e122a0e75a3a1e342801fac68\"},\"headline\":\"Nouveaut\u00e9s d\u00e9cembre 2022 : Locations de vacances\",\"datePublished\":\"2022-11-30T15:34:17+00:00\",\"dateModified\":\"2026-02-27T14:24:52+00:00\",\"mainEntityOfPage\":{\"@id\":\"https:\\\/\\\/www.locationlacannecy.fr\\\/blog\\\/annecy-locations-de-vacances-nos-nouveautes\\\/\"},\"wordCount\":330,\"commentCount\":1,\"publisher\":{\"@id\":\"https:\\\/\\\/www.locationlacannecy.fr\\\/blog\\\/#organization\"},\"image\":{\"@id\":\"https:\\\/\\\/www.locationlacannecy.fr\\\/blog\\\/annecy-locations-de-vacances-nos-nouveautes\\\/#primaryimage\"},\"thumbnailUrl\":\"https:\\\/\\\/www.locationlacannecy.fr\\\/blog\\\/wp-content\\\/uploads\\\/2022\\\/11\\\/location-lla-selections.jpg\",\"keywords\":[\"Annecy\",\"holidays\",\"location\",\"location saisonni\u00e8re\",\"nouveaut\u00e9\",\"saint jorioz\",\"vacances\"],\"articleSection\":[\"Nos nouveaut\u00e9s\"],\"inLanguage\":\"fr\",\"potentialAction\":[{\"@type\":\"CommentAction\",\"name\":\"Comment\",\"target\":[\"https:\\\/\\\/www.locationlacannecy.fr\\\/blog\\\/annecy-locations-de-vacances-nos-nouveautes\\\/#respond\"]}]},{\"@type\":\"WebPage\",\"@id\":\"https:\\\/\\\/www.locationlacannecy.fr\\\/blog\\\/annecy-locations-de-vacances-nos-nouveautes\\\/\",\"url\":\"https:\\\/\\\/www.locationlacannecy.fr\\\/blog\\\/annecy-locations-de-vacances-nos-nouveautes\\\/\",\"name\":\"Locations de vacances : nouveaut\u00e9s by LLA Selections\",\"isPartOf\":{\"@id\":\"https:\\\/\\\/www.locationlacannecy.fr\\\/blog\\\/#website\"},\"primaryImageOfPage\":{\"@id\":\"https:\\\/\\\/www.locationlacannecy.fr\\\/blog\\\/annecy-locations-de-vacances-nos-nouveautes\\\/#primaryimage\"},\"image\":{\"@id\":\"https:\\\/\\\/www.locationlacannecy.fr\\\/blog\\\/annecy-locations-de-vacances-nos-nouveautes\\\/#primaryimage\"},\"thumbnailUrl\":\"https:\\\/\\\/www.locationlacannecy.fr\\\/blog\\\/wp-content\\\/uploads\\\/2022\\\/11\\\/location-lla-selections.jpg\",\"datePublished\":\"2022-11-30T15:34:17+00:00\",\"dateModified\":\"2026-02-27T14:24:52+00:00\",\"description\":\"Locations de vacances \u00e0 Annecy : venez d\u00e9couvrir nos nouveaut\u00e9s s\u00e9lectionn\u00e9es avec go\u00fbt et professionnalisme...\",\"breadcrumb\":{\"@id\":\"https:\\\/\\\/www.locationlacannecy.fr\\\/blog\\\/annecy-locations-de-vacances-nos-nouveautes\\\/#breadcrumb\"},\"inLanguage\":\"fr\",\"potentialAction\":[{\"@type\":\"ReadAction\",\"target\":[\"https:\\\/\\\/www.locationlacannecy.fr\\\/blog\\\/annecy-locations-de-vacances-nos-nouveautes\\\/\"]}]},{\"@type\":\"ImageObject\",\"inLanguage\":\"fr\",\"@id\":\"https:\\\/\\\/www.locationlacannecy.fr\\\/blog\\\/annecy-locations-de-vacances-nos-nouveautes\\\/#primaryimage\",\"url\":\"https:\\\/\\\/www.locationlacannecy.fr\\\/blog\\\/wp-content\\\/uploads\\\/2022\\\/11\\\/location-lla-selections.jpg\",\"contentUrl\":\"https:\\\/\\\/www.locationlacannecy.fr\\\/blog\\\/wp-content\\\/uploads\\\/2022\\\/11\\\/location-lla-selections.jpg\",\"width\":1920,\"height\":650},{\"@type\":\"BreadcrumbList\",\"@id\":\"https:\\\/\\\/www.locationlacannecy.fr\\\/blog\\\/annecy-locations-de-vacances-nos-nouveautes\\\/#breadcrumb\",\"itemListElement\":[{\"@type\":\"ListItem\",\"position\":1,\"name\":\"Home\",\"item\":\"https:\\\/\\\/www.locationlacannecy.fr\\\/blog\\\/\"},{\"@type\":\"ListItem\",\"position\":2,\"name\":\"Nouveaut\u00e9s d\u00e9cembre 2022 : Locations de vacances\"}]},{\"@type\":\"WebSite\",\"@id\":\"https:\\\/\\\/www.locationlacannecy.fr\\\/blog\\\/#website\",\"url\":\"https:\\\/\\\/www.locationlacannecy.fr\\\/blog\\\/\",\"name\":\"https:\\\/\\\/www.locationlacannecy.fr\\\/blog\\\/\",\"description\":\"by LLA Selections \\\/\\\/ Location Lac Annecy\",\"publisher\":{\"@id\":\"https:\\\/\\\/www.locationlacannecy.fr\\\/blog\\\/#organization\"},\"alternateName\":\"https:\\\/\\\/www.locationlacannecy.fr\",\"potentialAction\":[{\"@type\":\"SearchAction\",\"target\":{\"@type\":\"EntryPoint\",\"urlTemplate\":\"https:\\\/\\\/www.locationlacannecy.fr\\\/blog\\\/?s={search_term_string}\"},\"query-input\":{\"@type\":\"PropertyValueSpecification\",\"valueRequired\":true,\"valueName\":\"search_term_string\"}}],\"inLanguage\":\"fr\"},{\"@type\":\"Organization\",\"@id\":\"https:\\\/\\\/www.locationlacannecy.fr\\\/blog\\\/#organization\",\"name\":\"Blog de Location lac Annecy\",\"url\":\"https:\\\/\\\/www.locationlacannecy.fr\\\/blog\\\/\",\"logo\":{\"@type\":\"ImageObject\",\"inLanguage\":\"fr\",\"@id\":\"https:\\\/\\\/www.locationlacannecy.fr\\\/blog\\\/#\\\/schema\\\/logo\\\/image\\\/\",\"url\":\"https:\\\/\\\/www.locationlacannecy.fr\\\/blog\\\/wp-content\\\/uploads\\\/2023\\\/01\\\/LLA-Selections-Publication-Facebook.png\",\"contentUrl\":\"https:\\\/\\\/www.locationlacannecy.fr\\\/blog\\\/wp-content\\\/uploads\\\/2023\\\/01\\\/LLA-Selections-Publication-Facebook.png\",\"width\":940,\"height\":788,\"caption\":\"Blog de Location lac Annecy\"},\"image\":{\"@id\":\"https:\\\/\\\/www.locationlacannecy.fr\\\/blog\\\/#\\\/schema\\\/logo\\\/image\\\/\"},\"sameAs\":[\"https:\\\/\\\/www.facebook.com\\\/locationlacannecy\",\"https:\\\/\\\/www.instagram.com\\\/locationsaisonnierealpes\\\/\",\"https:\\\/\\\/www.linkedin.com\\\/company\\\/location-lac-annecy-lla\\\/\"]},{\"@type\":\"Person\",\"@id\":\"https:\\\/\\\/www.locationlacannecy.fr\\\/blog\\\/#\\\/schema\\\/person\\\/7fab390e122a0e75a3a1e342801fac68\",\"name\":\"locationlacannecy\",\"image\":{\"@type\":\"ImageObject\",\"inLanguage\":\"fr\",\"@id\":\"https:\\\/\\\/secure.gravatar.com\\\/avatar\\\/2815d245b271634a0f5e1904b52bc658d5e1ae6c29cde71497fe4f86690e1c41?s=96&d=mm&r=g\",\"url\":\"https:\\\/\\\/secure.gravatar.com\\\/avatar\\\/2815d245b271634a0f5e1904b52bc658d5e1ae6c29cde71497fe4f86690e1c41?s=96&d=mm&r=g\",\"contentUrl\":\"https:\\\/\\\/secure.gravatar.com\\\/avatar\\\/2815d245b271634a0f5e1904b52bc658d5e1ae6c29cde71497fe4f86690e1c41?s=96&d=mm&r=g\",\"caption\":\"locationlacannecy\"},\"description\":\"Nous sommes une \u00e9quipe de professionnels de la location saisonni\u00e8re ayant acquis une exp\u00e9rience significative dans l\u2019accueil, l\u2019hospitalit\u00e9, l\u2019intendance, la logistique, le service clients. Nous exer\u00e7ons notre activit\u00e9 de professionnels de la location saisonni\u00e8re au bord du lac d'Annecy, la Clusaz, Courchevel, M\u00e9ribel, Chamonix, \u2026\",\"sameAs\":[\"https:\\\/\\\/www.locationlacannecy.fr\",\"https:\\\/\\\/www.facebook.com\\\/locationsaisonnieredeluxealpesetlacs\",\"https:\\\/\\\/www.instagram.com\\\/locationsaisonnierealpes\\\/\",\"https:\\\/\\\/www.youtube.com\\\/@locationlacannecy-location7330\\\/featured\"],\"url\":\"https:\\\/\\\/www.locationlacannecy.fr\\\/blog\\\/author\\\/locationlacannecy\\\/\"}]}<\/script>\n<!-- \/ Yoast SEO plugin. -->","yoast_head_json":{"title":"Locations de vacances : nouveaut\u00e9s by LLA Selections","description":"Locations de vacances \u00e0 Annecy : venez d\u00e9couvrir nos nouveaut\u00e9s s\u00e9lectionn\u00e9es avec go\u00fbt et professionnalisme...","robots":{"index":"index","follow":"follow","max-snippet":"max-snippet:-1","max-image-preview":"max-image-preview:large","max-video-preview":"max-video-preview:-1"},"canonical":"https:\/\/www.locationlacannecy.fr\/blog\/annecy-locations-de-vacances-nos-nouveautes\/","og_locale":"fr_FR","og_type":"article","og_title":"Locations de vacances : nouveaut\u00e9s by LLA Selections","og_description":"Locations de vacances \u00e0 Annecy : venez d\u00e9couvrir nos nouveaut\u00e9s s\u00e9lectionn\u00e9es avec go\u00fbt et professionnalisme...","og_url":"https:\/\/www.locationlacannecy.fr\/blog\/annecy-locations-de-vacances-nos-nouveautes\/","og_site_name":"Tourisme au Lac d&#039;Annecy et dans les Alpes du Nord","article_publisher":"https:\/\/www.facebook.com\/locationlacannecy","article_author":"https:\/\/www.facebook.com\/locationsaisonnieredeluxealpesetlacs","article_published_time":"2022-11-30T15:34:17+00:00","article_modified_time":"2026-02-27T14:24:52+00:00","og_image":[{"width":1920,"height":650,"url":"https:\/\/www.locationlacannecy.fr\/blog\/wp-content\/uploads\/2022\/11\/location-lla-selections.jpg","type":"image\/jpeg"}],"author":"locationlacannecy","twitter_card":"summary_large_image","twitter_misc":{"Written by":"locationlacannecy","Est. reading time":"3 minutes"},"schema":{"@context":"https:\/\/schema.org","@graph":[{"@type":"Article","@id":"https:\/\/www.locationlacannecy.fr\/blog\/annecy-locations-de-vacances-nos-nouveautes\/#article","isPartOf":{"@id":"https:\/\/www.locationlacannecy.fr\/blog\/annecy-locations-de-vacances-nos-nouveautes\/"},"author":{"name":"locationlacannecy","@id":"https:\/\/www.locationlacannecy.fr\/blog\/#\/schema\/person\/7fab390e122a0e75a3a1e342801fac68"},"headline":"Nouveaut\u00e9s d\u00e9cembre 2022 : Locations de vacances","datePublished":"2022-11-30T15:34:17+00:00","dateModified":"2026-02-27T14:24:52+00:00","mainEntityOfPage":{"@id":"https:\/\/www.locationlacannecy.fr\/blog\/annecy-locations-de-vacances-nos-nouveautes\/"},"wordCount":330,"commentCount":1,"publisher":{"@id":"https:\/\/www.locationlacannecy.fr\/blog\/#organization"},"image":{"@id":"https:\/\/www.locationlacannecy.fr\/blog\/annecy-locations-de-vacances-nos-nouveautes\/#primaryimage"},"thumbnailUrl":"https:\/\/www.locationlacannecy.fr\/blog\/wp-content\/uploads\/2022\/11\/location-lla-selections.jpg","keywords":["Annecy","holidays","location","location saisonni\u00e8re","nouveaut\u00e9","saint jorioz","vacances"],"articleSection":["Nos nouveaut\u00e9s"],"inLanguage":"fr","potentialAction":[{"@type":"CommentAction","name":"Comment","target":["https:\/\/www.locationlacannecy.fr\/blog\/annecy-locations-de-vacances-nos-nouveautes\/#respond"]}]},{"@type":"WebPage","@id":"https:\/\/www.locationlacannecy.fr\/blog\/annecy-locations-de-vacances-nos-nouveautes\/","url":"https:\/\/www.locationlacannecy.fr\/blog\/annecy-locations-de-vacances-nos-nouveautes\/","name":"Locations de vacances : nouveaut\u00e9s by LLA Selections","isPartOf":{"@id":"https:\/\/www.locationlacannecy.fr\/blog\/#website"},"primaryImageOfPage":{"@id":"https:\/\/www.locationlacannecy.fr\/blog\/annecy-locations-de-vacances-nos-nouveautes\/#primaryimage"},"image":{"@id":"https:\/\/www.locationlacannecy.fr\/blog\/annecy-locations-de-vacances-nos-nouveautes\/#primaryimage"},"thumbnailUrl":"https:\/\/www.locationlacannecy.fr\/blog\/wp-content\/uploads\/2022\/11\/location-lla-selections.jpg","datePublished":"2022-11-30T15:34:17+00:00","dateModified":"2026-02-27T14:24:52+00:00","description":"Locations de vacances \u00e0 Annecy : venez d\u00e9couvrir nos nouveaut\u00e9s s\u00e9lectionn\u00e9es avec go\u00fbt et professionnalisme...","breadcrumb":{"@id":"https:\/\/www.locationlacannecy.fr\/blog\/annecy-locations-de-vacances-nos-nouveautes\/#breadcrumb"},"inLanguage":"fr","potentialAction":[{"@type":"ReadAction","target":["https:\/\/www.locationlacannecy.fr\/blog\/annecy-locations-de-vacances-nos-nouveautes\/"]}]},{"@type":"ImageObject","inLanguage":"fr","@id":"https:\/\/www.locationlacannecy.fr\/blog\/annecy-locations-de-vacances-nos-nouveautes\/#primaryimage","url":"https:\/\/www.locationlacannecy.fr\/blog\/wp-content\/uploads\/2022\/11\/location-lla-selections.jpg","contentUrl":"https:\/\/www.locationlacannecy.fr\/blog\/wp-content\/uploads\/2022\/11\/location-lla-selections.jpg","width":1920,"height":650},{"@type":"BreadcrumbList","@id":"https:\/\/www.locationlacannecy.fr\/blog\/annecy-locations-de-vacances-nos-nouveautes\/#breadcrumb","itemListElement":[{"@type":"ListItem","position":1,"name":"Home","item":"https:\/\/www.locationlacannecy.fr\/blog\/"},{"@type":"ListItem","position":2,"name":"Nouveaut\u00e9s d\u00e9cembre 2022 : Locations de vacances"}]},{"@type":"WebSite","@id":"https:\/\/www.locationlacannecy.fr\/blog\/#website","url":"https:\/\/www.locationlacannecy.fr\/blog\/","name":"https:\/\/www.locationlacannecy.fr\/blog\/","description":"by LLA Selections \/\/ Location Lac Annecy","publisher":{"@id":"https:\/\/www.locationlacannecy.fr\/blog\/#organization"},"alternateName":"https:\/\/www.locationlacannecy.fr","potentialAction":[{"@type":"SearchAction","target":{"@type":"EntryPoint","urlTemplate":"https:\/\/www.locationlacannecy.fr\/blog\/?s={search_term_string}"},"query-input":{"@type":"PropertyValueSpecification","valueRequired":true,"valueName":"search_term_string"}}],"inLanguage":"fr"},{"@type":"Organization","@id":"https:\/\/www.locationlacannecy.fr\/blog\/#organization","name":"Blog de Location lac Annecy","url":"https:\/\/www.locationlacannecy.fr\/blog\/","logo":{"@type":"ImageObject","inLanguage":"fr","@id":"https:\/\/www.locationlacannecy.fr\/blog\/#\/schema\/logo\/image\/","url":"https:\/\/www.locationlacannecy.fr\/blog\/wp-content\/uploads\/2023\/01\/LLA-Selections-Publication-Facebook.png","contentUrl":"https:\/\/www.locationlacannecy.fr\/blog\/wp-content\/uploads\/2023\/01\/LLA-Selections-Publication-Facebook.png","width":940,"height":788,"caption":"Blog de Location lac Annecy"},"image":{"@id":"https:\/\/www.locationlacannecy.fr\/blog\/#\/schema\/logo\/image\/"},"sameAs":["https:\/\/www.facebook.com\/locationlacannecy","https:\/\/www.instagram.com\/locationsaisonnierealpes\/","https:\/\/www.linkedin.com\/company\/location-lac-annecy-lla\/"]},{"@type":"Person","@id":"https:\/\/www.locationlacannecy.fr\/blog\/#\/schema\/person\/7fab390e122a0e75a3a1e342801fac68","name":"locationlacannecy","image":{"@type":"ImageObject","inLanguage":"fr","@id":"https:\/\/secure.gravatar.com\/avatar\/2815d245b271634a0f5e1904b52bc658d5e1ae6c29cde71497fe4f86690e1c41?s=96&d=mm&r=g","url":"https:\/\/secure.gravatar.com\/avatar\/2815d245b271634a0f5e1904b52bc658d5e1ae6c29cde71497fe4f86690e1c41?s=96&d=mm&r=g","contentUrl":"https:\/\/secure.gravatar.com\/avatar\/2815d245b271634a0f5e1904b52bc658d5e1ae6c29cde71497fe4f86690e1c41?s=96&d=mm&r=g","caption":"locationlacannecy"},"description":"Nous sommes une \u00e9quipe de professionnels de la location saisonni\u00e8re ayant acquis une exp\u00e9rience significative dans l\u2019accueil, l\u2019hospitalit\u00e9, l\u2019intendance, la logistique, le service clients. Nous exer\u00e7ons notre activit\u00e9 de professionnels de la location saisonni\u00e8re au bord du lac d'Annecy, la Clusaz, Courchevel, M\u00e9ribel, Chamonix, \u2026","sameAs":["https:\/\/www.locationlacannecy.fr","https:\/\/www.facebook.com\/locationsaisonnieredeluxealpesetlacs","https:\/\/www.instagram.com\/locationsaisonnierealpes\/","https:\/\/www.youtube.com\/@locationlacannecy-location7330\/featured"],"url":"https:\/\/www.locationlacannecy.fr\/blog\/author\/locationlacannecy\/"}]}},"_links":{"self":[{"href":"https:\/\/www.locationlacannecy.fr\/blog\/wp-json\/wp\/v2\/posts\/40","targetHints":{"allow":["GET"]}}],"collection":[{"href":"https:\/\/www.locationlacannecy.fr\/blog\/wp-json\/wp\/v2\/posts"}],"about":[{"href":"https:\/\/www.locationlacannecy.fr\/blog\/wp-json\/wp\/v2\/types\/post"}],"author":[{"embeddable":true,"href":"https:\/\/www.locationlacannecy.fr\/blog\/wp-json\/wp\/v2\/users\/2"}],"replies":[{"embeddable":true,"href":"https:\/\/www.locationlacannecy.fr\/blog\/wp-json\/wp\/v2\/comments?post=40"}],"version-history":[{"count":23,"href":"https:\/\/www.locationlacannecy.fr\/blog\/wp-json\/wp\/v2\/posts\/40\/revisions"}],"predecessor-version":[{"id":8239,"href":"https:\/\/www.locationlacannecy.fr\/blog\/wp-json\/wp\/v2\/posts\/40\/revisions\/8239"}],"wp:featuredmedia":[{"embeddable":true,"href":"https:\/\/www.locationlacannecy.fr\/blog\/wp-json\/wp\/v2\/media\/8235"}],"wp:attachment":[{"href":"https:\/\/www.locationlacannecy.fr\/blog\/wp-json\/wp\/v2\/media?parent=40"}],"wp:term":[{"taxonomy":"category","embeddable":true,"href":"https:\/\/www.locationlacannecy.fr\/blog\/wp-json\/wp\/v2\/categories?post=40"},{"taxonomy":"post_tag","embeddable":true,"href":"https:\/\/www.locationlacannecy.fr\/blog\/wp-json\/wp\/v2\/tags?post=40"}],"curies":[{"name":"wp","href":"https:\/\/api.w.org\/{rel}","templated":true}]}}