{"id":453,"date":"2024-01-11T10:00:00","date_gmt":"2024-01-11T10:00:00","guid":{"rendered":"https:\/\/www.locationlacannecy.fr\/blog\/?p=453"},"modified":"2025-07-15T12:28:05","modified_gmt":"2025-07-15T12:28:05","slug":"activites-a-faire-dans-les-stations-de-ski-dannecy","status":"publish","type":"post","link":"https:\/\/www.locationlacannecy.fr\/blog\/activites-a-faire-dans-les-stations-de-ski-dannecy\/","title":{"rendered":"Activit\u00e9s \u00e0 faire dans les stations de ski d&#8217;Annecy"},"content":{"rendered":"\t\t<div data-elementor-type=\"wp-post\" data-elementor-id=\"453\" class=\"elementor elementor-453\" data-elementor-post-type=\"post\">\n\t\t\t\t<div class=\"elementor-element elementor-element-e42cdea e-flex e-con-boxed e-con e-parent\" data-id=\"e42cdea\" data-element_type=\"container\" data-e-type=\"container\">\n\t\t\t\t\t<div class=\"e-con-inner\">\n\t\t\t\t<div class=\"elementor-element elementor-element-3225ff6 elementor-widget elementor-widget-text-editor\" data-id=\"3225ff6\" data-element_type=\"widget\" data-e-type=\"widget\" data-widget_type=\"text-editor.default\">\n\t\t\t\t<div class=\"elementor-widget-container\">\n\t\t\t\t\t\t\t\t\t<p>R\u00e9put\u00e9e pour son charme, son bon vivre et la beaut\u00e9 de ses paysages, la ville d&#8217;Annecy offre de nombreuses activit\u00e9s \u00e0 faire dans les stations de ski qui permettent de vivre des exp\u00e9riences uniques.<\/p>\n<p><\/p>\n<p>Hiver comme \u00e9t\u00e9 vous trouverez de quoi combler vos journ\u00e9es pendant vos s\u00e9jours \u00e0 Annecy et ses alentours avec diff\u00e9rentes activit\u00e9s dans chacune des destinations.<\/p>\n<p><img fetchpriority=\"high\" decoding=\"async\" width=\"713\" height=\"960\" class=\"wp-image-462\" style=\"width: 226px; height: 303px;\" src=\"https:\/\/www.locationlacannecy.fr\/blog\/wp-content\/uploads\/2022\/12\/Lac-dAnnecy-en-hiver-2.jpg\" alt=\"\" \/><\/p>\n<p>De nombreuses activit\u00e9s sont \u00e0 votre disposition : jeux pour enfants, d\u00e9couverte de paysages \u00e0 couper le souffle, rencontre avec la gastronomie de nos montagnes, lieu insolite et bien d&#8217;autres encore&#8230; Allant de 30 minutes de route jusqu&#8217;\u00e0 maximum 2h, il est rapide et facile d&#8217;acc\u00e9der \u00e0 nos montagnes.<\/p>\t\t\t\t\t\t\t\t<\/div>\n\t\t\t\t<\/div>\n\t\t\t\t\t<\/div>\n\t\t\t\t<\/div>\n\t\t<div class=\"elementor-element elementor-element-321714d e-flex e-con-boxed e-con e-parent\" data-id=\"321714d\" data-element_type=\"container\" data-e-type=\"container\">\n\t\t\t\t\t<div class=\"e-con-inner\">\n\t\t\t\t<div class=\"elementor-element elementor-element-2043f2f elementor-widget elementor-widget-heading\" data-id=\"2043f2f\" data-element_type=\"widget\" data-e-type=\"widget\" data-widget_type=\"heading.default\">\n\t\t\t\t<div class=\"elementor-widget-container\">\n\t\t\t\t\t<h2 class=\"elementor-heading-title elementor-size-default\">La Clusaz - 45 minutes d'Annecy<\/h2>\t\t\t\t<\/div>\n\t\t\t\t<\/div>\n\t\t\t\t<div class=\"elementor-element elementor-element-721003e elementor-widget elementor-widget-text-editor\" data-id=\"721003e\" data-element_type=\"widget\" data-e-type=\"widget\" data-widget_type=\"text-editor.default\">\n\t\t\t\t<div class=\"elementor-widget-container\">\n\t\t\t\t\t\t\t\t\t<h3 class=\"wp-block-heading\">Espace aquatique des Aravis<\/h3>\n<p>De 11h30 \u00e0 19h30 venez profiter des bassins ext\u00e9rieurs et int\u00e9rieurs de l&#8217;unique espace aquatique de La Clusaz. Petits et grands, avec toboggan, pataugeoire, solarium, jacuzzi&#8230;<\/p>\n<h3 class=\"wp-block-heading\">Vol en parapente au dessus des Aravis<\/h3>\n<p>Une \u00e9quipe de moniteurs tous dipl\u00f4m\u00e9s d&#8217;\u00e9tat sera ravie de vous accueillir et de vous partager leur passion dans les airs. Venez survoler la Clusaz et ses alentours dans le massif des Aravis avec ses splendides paysages accompagn\u00e9 par les chamois et sifflements de marmottes\u2026<\/p>\n<p><a href=\"https:\/\/parapentelaclusaz.com\">En savoir plus<\/a><\/p>\n<p><a href=\"https:\/\/www.locationlacannecy.fr\/location\/locations-la-clusaz-d35032\/\" target=\"_blank\" rel=\"noreferrer noopener\">Nos logements les plus proches<\/a><\/p>\t\t\t\t\t\t\t\t<\/div>\n\t\t\t\t<\/div>\n\t\t\t\t\t<\/div>\n\t\t\t\t<\/div>\n\t\t<div class=\"elementor-element elementor-element-5b7f6b1 e-flex e-con-boxed e-con e-parent\" data-id=\"5b7f6b1\" data-element_type=\"container\" data-e-type=\"container\">\n\t\t\t\t\t<div class=\"e-con-inner\">\n\t\t\t\t<div class=\"elementor-element elementor-element-7bd8801 elementor-widget elementor-widget-heading\" data-id=\"7bd8801\" data-element_type=\"widget\" data-e-type=\"widget\" data-widget_type=\"heading.default\">\n\t\t\t\t<div class=\"elementor-widget-container\">\n\t\t\t\t\t<h2 class=\"elementor-heading-title elementor-size-default\">Les 3 Vall\u00e9es \ud83c\udfd4<\/h2>\t\t\t\t<\/div>\n\t\t\t\t<\/div>\n\t\t\t\t<div class=\"elementor-element elementor-element-b5a6c4f elementor-widget elementor-widget-text-editor\" data-id=\"b5a6c4f\" data-element_type=\"widget\" data-e-type=\"widget\" data-widget_type=\"text-editor.default\">\n\t\t\t\t<div class=\"elementor-widget-container\">\n\t\t\t\t\t\t\t\t\t<p>Vari\u00e9es, diff\u00e9rentes et toujours intenses, les exp\u00e9riences \u00e0 vivre sur le territoire des 3 Vall\u00e9es (Val-Thorens, Courchevel, M\u00e9ribel) se conjuguent \u00e0 l\u2019infini et prennent la couleur que vous souhaitez leur donner.\u00a0<\/p>\t\t\t\t\t\t\t\t<\/div>\n\t\t\t\t<\/div>\n\t\t\t\t\t<\/div>\n\t\t\t\t<\/div>\n\t\t<div class=\"elementor-element elementor-element-501cab6 e-flex e-con-boxed e-con e-parent\" data-id=\"501cab6\" data-element_type=\"container\" data-e-type=\"container\">\n\t\t\t\t\t<div class=\"e-con-inner\">\n\t\t\t\t<div class=\"elementor-element elementor-element-af44cd5 elementor-widget elementor-widget-heading\" data-id=\"af44cd5\" data-element_type=\"widget\" data-e-type=\"widget\" data-widget_type=\"heading.default\">\n\t\t\t\t<div class=\"elementor-widget-container\">\n\t\t\t\t\t<h2 class=\"elementor-heading-title elementor-size-default\">Val-Thorens - 2h d'Annecy<\/h2>\t\t\t\t<\/div>\n\t\t\t\t<\/div>\n\t\t\t\t<div class=\"elementor-element elementor-element-0a37d7e elementor-widget elementor-widget-text-editor\" data-id=\"0a37d7e\" data-element_type=\"widget\" data-e-type=\"widget\" data-widget_type=\"text-editor.default\">\n\t\t\t\t<div class=\"elementor-widget-container\">\n\t\t\t\t\t\t\t\t\t<p>Vari\u00e9es, diff\u00e9rentes et toujours intenses, les exp\u00e9riences \u00e0 vivre sur le territoire des 3 Vall\u00e9es (Val-Thorens, Courchevel, M\u00e9ribel) se conjuguent \u00e0 l\u2019infini et prennent la couleur que vous souhaitez leur donner.\u00a0<\/p><h3 class=\"wp-block-heading\">La plus Grande Piste de Luge de France<\/h3><p>Pr\u00e9parez-vous \u00e0 vivre une exp\u00e9rience incroyable sur une piste balis\u00e9e au coeur d\u2019un magnifique vallon naturel. Apr\u00e8s 8 minutes de mont\u00e9e par le funitel de P\u00e9clet, le d\u00e9part est donn\u00e9 au pied du magnifique glacier de P\u00e9clet \u00e0 3 000m d\u2019altitude. Et c\u2019est parti pour 45 minutes de sensations et de glisse !<\/p><p><a href=\"https:\/\/www.youtube.com\/watch?v=ibEwRQm0ImI\">D\u00e9couvrir&#8230;<\/a><\/p><p><img decoding=\"async\" width=\"1920\" height=\"1080\" class=\"wp-image-474 size-full\" src=\"https:\/\/www.locationlacannecy.fr\/blog\/wp-content\/uploads\/2022\/12\/hiver-luge-famille-moriond-racing-courchevel-1920x1080-david-andre-279.jpg\" alt=\"Activit\u00e9s \u00e0 faire dans les stations de ski d'Annecy\" srcset=\"https:\/\/www.locationlacannecy.fr\/blog\/wp-content\/uploads\/2022\/12\/hiver-luge-famille-moriond-racing-courchevel-1920x1080-david-andre-279.jpg 1920w, https:\/\/www.locationlacannecy.fr\/blog\/wp-content\/uploads\/2022\/12\/hiver-luge-famille-moriond-racing-courchevel-1920x1080-david-andre-279-768x432.jpg 768w, https:\/\/www.locationlacannecy.fr\/blog\/wp-content\/uploads\/2022\/12\/hiver-luge-famille-moriond-racing-courchevel-1920x1080-david-andre-279-1536x864.jpg 1536w\" sizes=\"(max-width: 1920px) 100vw, 1920px\" \/><\/p><h3 class=\"wp-block-heading\">Nuit dans un igloo \u00e0 Val-Thorens<\/h3><p>Nuit dans un igloo \u00e0 Val-Thorens<\/p><p>Rendez-vous au centre de Val Thorens \u00e0 partir de 19h pour une balade sous les \u00e9toiles, accompagn\u00e9 par un moniteur de ski, on vous emm\u00e8ne au Village Igloo. Prenez place et d\u00e9gustez des plats typiques savoyards et dormez en toute s\u00e9r\u00e9nit\u00e9 dans les duvets sp\u00e9cialement con\u00e7us pour le grand froid.<\/p><p><a href=\"https:\/\/www.village-igloo-valthorens.fr\">D\u00e9couvrir&#8230;<\/a><\/p><h3 class=\"wp-block-heading\">La tyrolienne de Orelle<\/h3><p>Un moyen d&#8217;allier sensations et d\u00e9couverte en une seule et m\u00eame experience : Un vol plan\u00e9 de 1300 m de long, 1min 45 de pur plaisir dans un panorama \u00e0 couper le souffle, depuis le point culminant des 3 Vall\u00e9es \u00e0 3230 m, au sommet du T\u00e9l\u00e9si\u00e8ge du Bouchet.<\/p><p><a href=\"https:\/\/www.orelle.net\/fiche\/activite\/montagne\/4968752\">D\u00e9couvrir&#8230;<\/a><\/p><p><img decoding=\"async\" width=\"800\" height=\"600\" class=\"wp-image-492 size-full\" src=\"https:\/\/www.locationlacannecy.fr\/blog\/wp-content\/uploads\/2022\/12\/951310-diaporama.jpg\" alt=\"Activit\u00e9s \u00e0 faire dans les stations de ski d'Annecy\" srcset=\"https:\/\/www.locationlacannecy.fr\/blog\/wp-content\/uploads\/2022\/12\/951310-diaporama.jpg 800w, https:\/\/www.locationlacannecy.fr\/blog\/wp-content\/uploads\/2022\/12\/951310-diaporama-768x576.jpg 768w\" sizes=\"(max-width: 800px) 100vw, 800px\" \/><\/p><h3 class=\"wp-block-heading\">Plong\u00e9e sous glace<\/h3><p>Laissez-vous charmer par la\u00a0plong\u00e9e sous glace\u00a0et venez d\u00e9couvrir un milieu exceptionnel. Ressentez les frissons d&#8217;un d\u00e9cor unique et myst\u00e9rieux. Les professionnels de Val-Thorens se verront ravis de vous faire vivre cette experience unique \u00e0 leurs c\u00f4t\u00e9s.<\/p><p><img loading=\"lazy\" decoding=\"async\" width=\"1280\" height=\"630\" class=\"wp-image-496 size-full\" src=\"https:\/\/www.locationlacannecy.fr\/blog\/wp-content\/uploads\/2022\/12\/0W4A9879-1-1280x630.jpg\" alt=\"\" \/><\/p><h3 class=\"wp-block-heading\">Le Speed Moutain des Menuires<\/h3><p>Venez vivre en famille ou entre amis, un moment avec quelques frissons et des vives \u00e9motions. Install\u00e9 sur une luge sur rails, seul ou \u00e0 deux avec un enfant, d\u00e9valez une piste de 1000m de long en enchainant twists, descentes et virages relev\u00e9s.<\/p><p><a href=\"https:\/\/www.skipass-lesmenuires.com\/fr\/speed-mountain\">D\u00e9couvrir&#8230;<\/a><\/p><p><img loading=\"lazy\" decoding=\"async\" width=\"1140\" height=\"580\" class=\"wp-image-511 size-full\" src=\"https:\/\/www.locationlacannecy.fr\/blog\/wp-content\/uploads\/2022\/12\/1140x580-speed-mountain-les-menuires.jpg\" alt=\"\" srcset=\"https:\/\/www.locationlacannecy.fr\/blog\/wp-content\/uploads\/2022\/12\/1140x580-speed-mountain-les-menuires.jpg 1140w, https:\/\/www.locationlacannecy.fr\/blog\/wp-content\/uploads\/2022\/12\/1140x580-speed-mountain-les-menuires-768x391.jpg 768w\" sizes=\"(max-width: 1140px) 100vw, 1140px\" \/><\/p>\t\t\t\t\t\t\t\t<\/div>\n\t\t\t\t<\/div>\n\t\t\t\t\t<\/div>\n\t\t\t\t<\/div>\n\t\t<div class=\"elementor-element elementor-element-92b51bc e-flex e-con-boxed e-con e-parent\" data-id=\"92b51bc\" data-element_type=\"container\" data-e-type=\"container\">\n\t\t\t\t\t<div class=\"e-con-inner\">\n\t\t\t\t<div class=\"elementor-element elementor-element-4707122 elementor-widget elementor-widget-heading\" data-id=\"4707122\" data-element_type=\"widget\" data-e-type=\"widget\" data-widget_type=\"heading.default\">\n\t\t\t\t<div class=\"elementor-widget-container\">\n\t\t\t\t\t<h2 class=\"elementor-heading-title elementor-size-default\">Courchevel - 1h30 d'Annecy<\/h2>\t\t\t\t<\/div>\n\t\t\t\t<\/div>\n\t\t\t\t\t<\/div>\n\t\t\t\t<\/div>\n\t\t<div class=\"elementor-element elementor-element-3fcc7bfd e-flex e-con-boxed e-con e-parent\" data-id=\"3fcc7bfd\" data-element_type=\"container\" data-e-type=\"container\">\n\t\t\t\t\t<div class=\"e-con-inner\">\n\t\t\t\t<div class=\"elementor-element elementor-element-a6ca8f5 elementor-widget elementor-widget-text-editor\" data-id=\"a6ca8f5\" data-element_type=\"widget\" data-e-type=\"widget\" data-widget_type=\"text-editor.default\">\n\t\t\t\t<div class=\"elementor-widget-container\">\n\t\t\t\t\t\t\t\t\t<h3 class=\"wp-block-heading\">Descente aux flambeaux<\/h3>\n<p>\u00c0 2000 m d&#8217;altitude, venez participer ou contempler la descente aux flambeaux de l&#8217;Unique village de Courchevel avec des professionnels. Pour vivre la recette d&#8217;une exp\u00e9rience unique au coeur des Alpes, finissez votre soir\u00e9e accompagn\u00e9 d&#8217;un restaurant et d&#8217;un feu d&#8217;artifice.<\/p>\n<p><a href=\"https:\/\/www.facebook.com\/savoiemontblancFR\/videos\/249456932707556\/\">D\u00e9couvrir&#8230;<\/a><\/p>\n<p><img loading=\"lazy\" decoding=\"async\" width=\"900\" height=\"600\" class=\"wp-image-478 size-full\" src=\"https:\/\/www.locationlacannecy.fr\/blog\/wp-content\/uploads\/2022\/12\/4577126-diaporama.png\" alt=\"Activit\u00e9s \u00e0 faire dans les stations de ski d'Annecy\" srcset=\"https:\/\/www.locationlacannecy.fr\/blog\/wp-content\/uploads\/2022\/12\/4577126-diaporama.png 900w, https:\/\/www.locationlacannecy.fr\/blog\/wp-content\/uploads\/2022\/12\/4577126-diaporama-360x240.png 360w, https:\/\/www.locationlacannecy.fr\/blog\/wp-content\/uploads\/2022\/12\/4577126-diaporama-768x512.png 768w\" sizes=\"(max-width: 900px) 100vw, 900px\" \/><\/p>\n<h3 class=\"wp-block-heading\">Conduite d&#8217;une chenillette<\/h3>\n<p>Envie d\u2019un moment insolite ? Venez piloter les \u00e9normes machines qui parcours nos pistes de ski depuis tout petit et que nous avons toujours voulu approcher ! Et cette fois, apr\u00e8s un briefing c&#8217;est vous qui prenez les commandes d&#8217;une chenillette.<\/p>\n<p><a href=\"https:\/\/www.courchevelaventure.com\/conduite-en-chenillette\">D\u00e9couvrir&#8230;<\/a><\/p>\n<p><img loading=\"lazy\" decoding=\"async\" width=\"1200\" height=\"630\" class=\"wp-image-480 size-full\" src=\"https:\/\/www.locationlacannecy.fr\/blog\/wp-content\/uploads\/2022\/12\/Kassbohrer-1-1200x630.jpg\" alt=\"\" \/><\/p>\n<h3>Saut en parachute<\/h3>\n<p>Envie de d\u00e9couvrir les montagnes des Aravis d&#8217;en haut ? En h\u00e9licopt\u00e8re et en parachute, profitez de cette vue exceptionnelle \u00e0 plus de 5 000m d&#8217;altitude. Faites le plein de sensations et r\u00e9coltez un grand bol d&#8217;air frais !<\/p>\n<p><a href=\"https:\/\/air-mauss.com\/saut-parachute-courchevel\/\">D\u00e9couvrir&#8230;<\/a><\/p>\n<p><img loading=\"lazy\" decoding=\"async\" width=\"1200\" height=\"630\" class=\"wp-image-486 size-full\" src=\"https:\/\/www.locationlacannecy.fr\/blog\/wp-content\/uploads\/2022\/12\/air-mauss-parachutisme-courchevel-1850.jpg-1200x630.webp\" alt=\"Activit\u00e9s \u00e0 faire dans les stations de ski d'Annecy\" \/><\/p>\t\t\t\t\t\t\t\t<\/div>\n\t\t\t\t<\/div>\n\t\t\t\t\t<\/div>\n\t\t\t\t<\/div>\n\t\t<div class=\"elementor-element elementor-element-a828531 e-flex e-con-boxed e-con e-parent\" data-id=\"a828531\" data-element_type=\"container\" data-e-type=\"container\">\n\t\t\t\t\t<div class=\"e-con-inner\">\n\t\t\t\t<div class=\"elementor-element elementor-element-b61cec0 elementor-widget elementor-widget-heading\" data-id=\"b61cec0\" data-element_type=\"widget\" data-e-type=\"widget\" data-widget_type=\"heading.default\">\n\t\t\t\t<div class=\"elementor-widget-container\">\n\t\t\t\t\t<h2 class=\"elementor-heading-title elementor-size-default\">Saint-Martin de Belleville - 1h30 d'Annecy<\/h2>\t\t\t\t<\/div>\n\t\t\t\t<\/div>\n\t\t\t\t<div class=\"elementor-element elementor-element-b626a0a elementor-widget elementor-widget-text-editor\" data-id=\"b626a0a\" data-element_type=\"widget\" data-e-type=\"widget\" data-widget_type=\"text-editor.default\">\n\t\t\t\t<div class=\"elementor-widget-container\">\n\t\t\t\t\t\t\t\t\t<p>Partez au c\u0153ur de la nature hivernale, le temps d&#8217;une balade en tra\u00eeneau \u00e0 chiens. Un moment de glisse exceptionnel qui fera r\u00eaver petits et grands. Apr\u00e8s une marche d&#8217;environ 30 minutes, rejoignez la joie et la f\u00e9erie d&#8217;une balade unique dans les montagnes de Saint-Martin de Belleville.<\/p>\n<p><a href=\"http:\/\/R\u00e9server...\" data-wplink-url-error=\"true\">D\u00e9couvrir&#8230;<\/a><\/p>\n<p><img loading=\"lazy\" decoding=\"async\" width=\"750\" height=\"660\" class=\"wp-image-483 size-full\" src=\"https:\/\/www.locationlacannecy.fr\/blog\/wp-content\/uploads\/2022\/12\/unnamed-file.jpg\" alt=\"\" \/><\/p>\t\t\t\t\t\t\t\t<\/div>\n\t\t\t\t<\/div>\n\t\t\t\t\t<\/div>\n\t\t\t\t<\/div>\n\t\t<div class=\"elementor-element elementor-element-14a4fab e-flex e-con-boxed e-con e-parent\" data-id=\"14a4fab\" data-element_type=\"container\" data-e-type=\"container\">\n\t\t\t\t\t<div class=\"e-con-inner\">\n\t\t\t\t<div class=\"elementor-element elementor-element-07f7add elementor-widget elementor-widget-heading\" data-id=\"07f7add\" data-element_type=\"widget\" data-e-type=\"widget\" data-widget_type=\"heading.default\">\n\t\t\t\t<div class=\"elementor-widget-container\">\n\t\t\t\t\t<h2 class=\"elementor-heading-title elementor-size-default\">M\u00e9ribel - 1h30 d'Annecy<\/h2>\t\t\t\t<\/div>\n\t\t\t\t<\/div>\n\t\t\t\t<div class=\"elementor-element elementor-element-a876c10 elementor-widget elementor-widget-text-editor\" data-id=\"a876c10\" data-element_type=\"widget\" data-e-type=\"widget\" data-widget_type=\"text-editor.default\">\n\t\t\t\t<div class=\"elementor-widget-container\">\n\t\t\t\t\t\t\t\t\t<h3 class=\"wp-block-heading\">Y\u00e9ti Park<\/h3>\n<p>La piste ludique pour la famille et les enfants ! Trompettes himalayennes, gongs \u00e0 taper, tunnels parlants : \u00e9merveillez-vous dans le monde magique du gentil Y\u00e9ti, Yooni \u00e0 ski ou d\u00e9chauss\u00e9 !<\/p>\n<p><img loading=\"lazy\" decoding=\"async\" width=\"699\" height=\"466\" class=\"wp-image-489 size-full\" src=\"https:\/\/www.locationlacannecy.fr\/blog\/wp-content\/uploads\/2022\/12\/fullsize.jpg\" alt=\"Activit\u00e9s \u00e0 faire dans les stations de ski d'Annecy\" srcset=\"https:\/\/www.locationlacannecy.fr\/blog\/wp-content\/uploads\/2022\/12\/fullsize.jpg 699w, https:\/\/www.locationlacannecy.fr\/blog\/wp-content\/uploads\/2022\/12\/fullsize-360x240.jpg 360w\" sizes=\"(max-width: 699px) 100vw, 699px\" \/><\/p>\t\t\t\t\t\t\t\t<\/div>\n\t\t\t\t<\/div>\n\t\t\t\t\t<\/div>\n\t\t\t\t<\/div>\n\t\t<div class=\"elementor-element elementor-element-52edc8c e-flex e-con-boxed e-con e-parent\" data-id=\"52edc8c\" data-element_type=\"container\" data-e-type=\"container\">\n\t\t\t\t\t<div class=\"e-con-inner\">\n\t\t\t\t<div class=\"elementor-element elementor-element-ffc0b86 elementor-widget elementor-widget-text-editor\" data-id=\"ffc0b86\" data-element_type=\"widget\" data-e-type=\"widget\" data-widget_type=\"text-editor.default\">\n\t\t\t\t<div class=\"elementor-widget-container\">\n\t\t\t\t\t\t\t\t\t<p><cite>Votre agence LLA Selections est pr\u00e9sente sur les Rives Est et Ouest du Lac d&#8217;Annecy \u00e0 l&#8217;ann\u00e9e. Certain de nos logements rappellent l&#8217;esprit des montagnes et vous permettent de rester \u00e0 proximit\u00e9 du lac d&#8217;Annecy. Les temps de route peuvent diminuer en fonction de l&#8217;emplacement des biens. <a href=\"https:\/\/www.locationlacannecy.fr\/contact\/\" target=\"_blank\" rel=\"noreferrer noopener\">N&#8217;h\u00e9sitez pas \u00e0 nous contacter pour toutes demandes compl\u00e9mentaires.<\/a><\/cite><\/p>\t\t\t\t\t\t\t\t<\/div>\n\t\t\t\t<\/div>\n\t\t\t\t\t<\/div>\n\t\t\t\t<\/div>\n\t\t<div class=\"elementor-element elementor-element-edf379e e-flex e-con-boxed e-con e-parent\" data-id=\"edf379e\" data-element_type=\"container\" data-e-type=\"container\">\n\t\t\t\t\t<div class=\"e-con-inner\">\n\t\t\t\t<div class=\"elementor-element elementor-element-89352f0 elementor-widget elementor-widget-template\" data-id=\"89352f0\" data-element_type=\"widget\" data-e-type=\"widget\" data-widget_type=\"template.default\">\n\t\t\t\t<div class=\"elementor-widget-container\">\n\t\t\t\t\t\t\t<div class=\"elementor-template\">\n\t\t\t\t\t<div data-elementor-type=\"container\" data-elementor-id=\"2863\" class=\"elementor elementor-2863 elementor-2924 elementor-2924\" data-elementor-post-type=\"elementor_library\">\n\t\t\t\t<div class=\"elementor-element elementor-element-794180e0 e-flex e-con-boxed e-con e-parent\" data-id=\"794180e0\" data-element_type=\"container\" data-e-type=\"container\">\n\t\t\t\t\t<div class=\"e-con-inner\">\n\t\t<div class=\"elementor-element elementor-element-7bd67a93 e-con-full e-flex e-con e-child\" data-id=\"7bd67a93\" data-element_type=\"container\" data-e-type=\"container\">\n\t\t\t\t<div class=\"elementor-element elementor-element-4d6f49e0 elementor-cta--skin-cover elementor-cta--valign-bottom elementor-animated-content elementor-bg-transform elementor-bg-transform-zoom-in elementor-widget elementor-widget-call-to-action\" data-id=\"4d6f49e0\" data-element_type=\"widget\" data-e-type=\"widget\" data-widget_type=\"call-to-action.default\">\n\t\t\t\t<div class=\"elementor-widget-container\">\n\t\t\t\t\t\t\t<div class=\"elementor-cta\">\n\t\t\t\t\t<div class=\"elementor-cta__bg-wrapper\">\n\t\t\t\t<div class=\"elementor-cta__bg elementor-bg\" style=\"background-image: url(https:\/\/www.locationlacannecy.fr\/blog\/wp-content\/uploads\/2025\/01\/location-saisonniere-lac-annecy-france-1.webp);\" role=\"img\" aria-label=\"location saisonni\u00e8re lac annecy france\"><\/div>\n\t\t\t\t<div class=\"elementor-cta__bg-overlay\"><\/div>\n\t\t\t<\/div>\n\t\t\t\t\t\t\t<div class=\"elementor-cta__content\">\n\t\t\t\t\n\t\t\t\t\n\t\t\t\t\n\t\t\t\t\t\t\t\t\t<div class=\"elementor-cta__button-wrapper elementor-cta__content-item elementor-content-item elementor-animated-item--grow\">\n\t\t\t\t\t<a class=\"elementor-cta__button elementor-button elementor-size-\" href=\"https:\/\/www.locationlacannecy.fr\/location-vacances-lac-annecy\/\">\n\t\t\t\t\t\tLOCATIONS LAC ANNECY\t\t\t\t\t<\/a>\n\t\t\t\t\t<\/div>\n\t\t\t\t\t\t\t<\/div>\n\t\t\t\t\t\t<\/div>\n\t\t\t\t\t\t<\/div>\n\t\t\t\t<\/div>\n\t\t\t\t<\/div>\n\t\t<div class=\"elementor-element elementor-element-6ae81fc2 e-con-full e-flex e-con e-child\" data-id=\"6ae81fc2\" data-element_type=\"container\" data-e-type=\"container\">\n\t\t\t\t<div class=\"elementor-element elementor-element-d5b7aa0 elementor-cta--skin-cover elementor-cta--valign-bottom elementor-animated-content elementor-bg-transform elementor-bg-transform-zoom-in elementor-widget elementor-widget-call-to-action\" data-id=\"d5b7aa0\" data-element_type=\"widget\" data-e-type=\"widget\" data-widget_type=\"call-to-action.default\">\n\t\t\t\t<div class=\"elementor-widget-container\">\n\t\t\t\t\t\t\t<div class=\"elementor-cta\">\n\t\t\t\t\t<div class=\"elementor-cta__bg-wrapper\">\n\t\t\t\t<div class=\"elementor-cta__bg elementor-bg\" style=\"background-image: url(https:\/\/www.locationlacannecy.fr\/blog\/wp-content\/uploads\/2024\/12\/appartements-vacances-lac-annecy.webp);\" role=\"img\" aria-label=\"appartements vacances lac annecy\"><\/div>\n\t\t\t\t<div class=\"elementor-cta__bg-overlay\"><\/div>\n\t\t\t<\/div>\n\t\t\t\t\t\t\t<div class=\"elementor-cta__content\">\n\t\t\t\t\n\t\t\t\t\n\t\t\t\t\n\t\t\t\t\t\t\t\t\t<div class=\"elementor-cta__button-wrapper elementor-cta__content-item elementor-content-item elementor-animated-item--grow\">\n\t\t\t\t\t<a class=\"elementor-cta__button elementor-button elementor-size-\" href=\"https:\/\/www.locationlacannecy.fr\/appartements-vacances-lac-annecy\/\">\n\t\t\t\t\t\tAPPARTEMENTS LAC ANNECY\t\t\t\t\t<\/a>\n\t\t\t\t\t<\/div>\n\t\t\t\t\t\t\t<\/div>\n\t\t\t\t\t\t<\/div>\n\t\t\t\t\t\t<\/div>\n\t\t\t\t<\/div>\n\t\t\t\t<\/div>\n\t\t<div class=\"elementor-element elementor-element-42fcb376 e-con-full e-flex e-con e-child\" data-id=\"42fcb376\" data-element_type=\"container\" data-e-type=\"container\">\n\t\t\t\t<div class=\"elementor-element elementor-element-4b19f703 elementor-cta--skin-cover elementor-cta--valign-bottom elementor-animated-content elementor-bg-transform elementor-bg-transform-zoom-in elementor-widget elementor-widget-call-to-action\" data-id=\"4b19f703\" data-element_type=\"widget\" data-e-type=\"widget\" data-widget_type=\"call-to-action.default\">\n\t\t\t\t<div class=\"elementor-widget-container\">\n\t\t\t\t\t\t\t<div class=\"elementor-cta\">\n\t\t\t\t\t<div class=\"elementor-cta__bg-wrapper\">\n\t\t\t\t<div class=\"elementor-cta__bg elementor-bg\" style=\"background-image: url(https:\/\/www.locationlacannecy.fr\/blog\/wp-content\/uploads\/2024\/12\/maisons-vacances-lac-annecy.webp);\" role=\"img\" aria-label=\"maisons-vacances-lac-annecy\"><\/div>\n\t\t\t\t<div class=\"elementor-cta__bg-overlay\"><\/div>\n\t\t\t<\/div>\n\t\t\t\t\t\t\t<div class=\"elementor-cta__content\">\n\t\t\t\t\n\t\t\t\t\n\t\t\t\t\n\t\t\t\t\t\t\t\t\t<div class=\"elementor-cta__button-wrapper elementor-cta__content-item elementor-content-item elementor-animated-item--grow\">\n\t\t\t\t\t<a class=\"elementor-cta__button elementor-button elementor-size-\" href=\"https:\/\/www.locationlacannecy.fr\/location\/maisons-lac-annecy-c19z1932\/\">\n\t\t\t\t\t\tMAISONS LAC ANNECY\t\t\t\t\t<\/a>\n\t\t\t\t\t<\/div>\n\t\t\t\t\t\t\t<\/div>\n\t\t\t\t\t\t<\/div>\n\t\t\t\t\t\t<\/div>\n\t\t\t\t<\/div>\n\t\t\t\t<\/div>\n\t\t\t\t\t<\/div>\n\t\t\t\t<\/div>\n\t\t\t\t<\/div>\n\t\t\t\t<\/div>\n\t\t\t\t\t\t<\/div>\n\t\t\t\t<\/div>\n\t\t\t\t\t<\/div>\n\t\t\t\t<\/div>\n\t\t\t\t<\/div>\n\t\t","protected":false},"excerpt":{"rendered":"<p>R\u00e9put\u00e9e pour son charme, son bon vivre et la beaut\u00e9 de ses paysages, la ville d&#8217;Annecy offre de nombreuses activit\u00e9s \u00e0 faire dans les stations de ski qui permettent de vivre des exp\u00e9riences uniques. Hiver comme \u00e9t\u00e9 vous trouverez de quoi combler vos journ\u00e9es pendant vos s\u00e9jours \u00e0 Annecy et ses alentours avec diff\u00e9rentes activit\u00e9s [&hellip;]<\/p>\n","protected":false},"author":2,"featured_media":489,"comment_status":"open","ping_status":"open","sticky":false,"template":"","format":"standard","meta":{"footnotes":""},"categories":[52],"tags":[],"class_list":["post-453","post","type-post","status-publish","format-standard","has-post-thumbnail","hentry","category-lake-annecy"],"yoast_head":"<!-- This site is optimized with the Yoast SEO plugin v27.4 - https:\/\/yoast.com\/product\/yoast-seo-wordpress\/ -->\n<title>Activit\u00e9s \u00e0 faire dans les stations de ski d&#039;Annecy - Tourisme au Lac d&#039;Annecy et dans les Alpes du Nord<\/title>\n<meta name=\"description\" content=\"Votre agence de location vous accompagne pour la trouvaille de vos activit\u00e9s \u00e0 faire dans les stations de ski d&#039;Annecy.\" \/>\n<meta name=\"robots\" content=\"index, follow, max-snippet:-1, max-image-preview:large, max-video-preview:-1\" \/>\n<link rel=\"canonical\" href=\"https:\/\/www.locationlacannecy.fr\/blog\/activites-a-faire-dans-les-stations-de-ski-dannecy\/\" \/>\n<meta property=\"og:locale\" content=\"fr_FR\" \/>\n<meta property=\"og:type\" content=\"article\" \/>\n<meta property=\"og:title\" content=\"Activit\u00e9s \u00e0 faire dans les stations de ski d&#039;Annecy - Tourisme au Lac d&#039;Annecy et dans les Alpes du Nord\" \/>\n<meta property=\"og:description\" content=\"Votre agence de location vous accompagne pour la trouvaille de vos activit\u00e9s \u00e0 faire dans les stations de ski d&#039;Annecy.\" \/>\n<meta property=\"og:url\" content=\"https:\/\/www.locationlacannecy.fr\/blog\/activites-a-faire-dans-les-stations-de-ski-dannecy\/\" \/>\n<meta property=\"og:site_name\" content=\"Tourisme au Lac d&#039;Annecy et dans les Alpes du Nord\" \/>\n<meta property=\"article:publisher\" content=\"https:\/\/www.facebook.com\/locationlacannecy\" \/>\n<meta property=\"article:author\" content=\"https:\/\/www.facebook.com\/locationsaisonnieredeluxealpesetlacs\" \/>\n<meta property=\"article:published_time\" content=\"2024-01-11T10:00:00+00:00\" \/>\n<meta property=\"article:modified_time\" content=\"2025-07-15T12:28:05+00:00\" \/>\n<meta property=\"og:image\" content=\"https:\/\/www.locationlacannecy.fr\/blog\/wp-content\/uploads\/2022\/12\/fullsize.jpg\" \/>\n\t<meta property=\"og:image:width\" content=\"699\" \/>\n\t<meta property=\"og:image:height\" content=\"466\" \/>\n\t<meta property=\"og:image:type\" content=\"image\/jpeg\" \/>\n<meta name=\"author\" content=\"locationlacannecy\" \/>\n<meta name=\"twitter:card\" content=\"summary_large_image\" \/>\n<meta name=\"twitter:label1\" content=\"Written by\" \/>\n\t<meta name=\"twitter:data1\" content=\"locationlacannecy\" \/>\n\t<meta name=\"twitter:label2\" content=\"Est. reading time\" \/>\n\t<meta name=\"twitter:data2\" content=\"7 minutes\" \/>\n<script type=\"application\/ld+json\" class=\"yoast-schema-graph\">{\"@context\":\"https:\\\/\\\/schema.org\",\"@graph\":[{\"@type\":\"Article\",\"@id\":\"https:\\\/\\\/www.locationlacannecy.fr\\\/blog\\\/activites-a-faire-dans-les-stations-de-ski-dannecy\\\/#article\",\"isPartOf\":{\"@id\":\"https:\\\/\\\/www.locationlacannecy.fr\\\/blog\\\/activites-a-faire-dans-les-stations-de-ski-dannecy\\\/\"},\"author\":{\"name\":\"locationlacannecy\",\"@id\":\"https:\\\/\\\/www.locationlacannecy.fr\\\/blog\\\/#\\\/schema\\\/person\\\/7fab390e122a0e75a3a1e342801fac68\"},\"headline\":\"Activit\u00e9s \u00e0 faire dans les stations de ski d&#8217;Annecy\",\"datePublished\":\"2024-01-11T10:00:00+00:00\",\"dateModified\":\"2025-07-15T12:28:05+00:00\",\"mainEntityOfPage\":{\"@id\":\"https:\\\/\\\/www.locationlacannecy.fr\\\/blog\\\/activites-a-faire-dans-les-stations-de-ski-dannecy\\\/\"},\"wordCount\":908,\"commentCount\":0,\"publisher\":{\"@id\":\"https:\\\/\\\/www.locationlacannecy.fr\\\/blog\\\/#organization\"},\"image\":{\"@id\":\"https:\\\/\\\/www.locationlacannecy.fr\\\/blog\\\/activites-a-faire-dans-les-stations-de-ski-dannecy\\\/#primaryimage\"},\"thumbnailUrl\":\"https:\\\/\\\/www.locationlacannecy.fr\\\/blog\\\/wp-content\\\/uploads\\\/2022\\\/12\\\/fullsize.jpg\",\"articleSection\":[\"Lake Annecy\"],\"inLanguage\":\"fr\",\"potentialAction\":[{\"@type\":\"CommentAction\",\"name\":\"Comment\",\"target\":[\"https:\\\/\\\/www.locationlacannecy.fr\\\/blog\\\/activites-a-faire-dans-les-stations-de-ski-dannecy\\\/#respond\"]}]},{\"@type\":\"WebPage\",\"@id\":\"https:\\\/\\\/www.locationlacannecy.fr\\\/blog\\\/activites-a-faire-dans-les-stations-de-ski-dannecy\\\/\",\"url\":\"https:\\\/\\\/www.locationlacannecy.fr\\\/blog\\\/activites-a-faire-dans-les-stations-de-ski-dannecy\\\/\",\"name\":\"Activit\u00e9s \u00e0 faire dans les stations de ski d'Annecy - Tourisme au Lac d&#039;Annecy et dans les Alpes du Nord\",\"isPartOf\":{\"@id\":\"https:\\\/\\\/www.locationlacannecy.fr\\\/blog\\\/#website\"},\"primaryImageOfPage\":{\"@id\":\"https:\\\/\\\/www.locationlacannecy.fr\\\/blog\\\/activites-a-faire-dans-les-stations-de-ski-dannecy\\\/#primaryimage\"},\"image\":{\"@id\":\"https:\\\/\\\/www.locationlacannecy.fr\\\/blog\\\/activites-a-faire-dans-les-stations-de-ski-dannecy\\\/#primaryimage\"},\"thumbnailUrl\":\"https:\\\/\\\/www.locationlacannecy.fr\\\/blog\\\/wp-content\\\/uploads\\\/2022\\\/12\\\/fullsize.jpg\",\"datePublished\":\"2024-01-11T10:00:00+00:00\",\"dateModified\":\"2025-07-15T12:28:05+00:00\",\"description\":\"Votre agence de location vous accompagne pour la trouvaille de vos activit\u00e9s \u00e0 faire dans les stations de ski d'Annecy.\",\"breadcrumb\":{\"@id\":\"https:\\\/\\\/www.locationlacannecy.fr\\\/blog\\\/activites-a-faire-dans-les-stations-de-ski-dannecy\\\/#breadcrumb\"},\"inLanguage\":\"fr\",\"potentialAction\":[{\"@type\":\"ReadAction\",\"target\":[\"https:\\\/\\\/www.locationlacannecy.fr\\\/blog\\\/activites-a-faire-dans-les-stations-de-ski-dannecy\\\/\"]}]},{\"@type\":\"ImageObject\",\"inLanguage\":\"fr\",\"@id\":\"https:\\\/\\\/www.locationlacannecy.fr\\\/blog\\\/activites-a-faire-dans-les-stations-de-ski-dannecy\\\/#primaryimage\",\"url\":\"https:\\\/\\\/www.locationlacannecy.fr\\\/blog\\\/wp-content\\\/uploads\\\/2022\\\/12\\\/fullsize.jpg\",\"contentUrl\":\"https:\\\/\\\/www.locationlacannecy.fr\\\/blog\\\/wp-content\\\/uploads\\\/2022\\\/12\\\/fullsize.jpg\",\"width\":699,\"height\":466},{\"@type\":\"BreadcrumbList\",\"@id\":\"https:\\\/\\\/www.locationlacannecy.fr\\\/blog\\\/activites-a-faire-dans-les-stations-de-ski-dannecy\\\/#breadcrumb\",\"itemListElement\":[{\"@type\":\"ListItem\",\"position\":1,\"name\":\"Home\",\"item\":\"https:\\\/\\\/www.locationlacannecy.fr\\\/blog\\\/\"},{\"@type\":\"ListItem\",\"position\":2,\"name\":\"Activit\u00e9s \u00e0 faire dans les stations de ski d&#8217;Annecy\"}]},{\"@type\":\"WebSite\",\"@id\":\"https:\\\/\\\/www.locationlacannecy.fr\\\/blog\\\/#website\",\"url\":\"https:\\\/\\\/www.locationlacannecy.fr\\\/blog\\\/\",\"name\":\"https:\\\/\\\/www.locationlacannecy.fr\\\/blog\\\/\",\"description\":\"by LLA Selections \\\/\\\/ Location Lac Annecy\",\"publisher\":{\"@id\":\"https:\\\/\\\/www.locationlacannecy.fr\\\/blog\\\/#organization\"},\"alternateName\":\"https:\\\/\\\/www.locationlacannecy.fr\",\"potentialAction\":[{\"@type\":\"SearchAction\",\"target\":{\"@type\":\"EntryPoint\",\"urlTemplate\":\"https:\\\/\\\/www.locationlacannecy.fr\\\/blog\\\/?s={search_term_string}\"},\"query-input\":{\"@type\":\"PropertyValueSpecification\",\"valueRequired\":true,\"valueName\":\"search_term_string\"}}],\"inLanguage\":\"fr\"},{\"@type\":\"Organization\",\"@id\":\"https:\\\/\\\/www.locationlacannecy.fr\\\/blog\\\/#organization\",\"name\":\"Blog de Location lac Annecy\",\"url\":\"https:\\\/\\\/www.locationlacannecy.fr\\\/blog\\\/\",\"logo\":{\"@type\":\"ImageObject\",\"inLanguage\":\"fr\",\"@id\":\"https:\\\/\\\/www.locationlacannecy.fr\\\/blog\\\/#\\\/schema\\\/logo\\\/image\\\/\",\"url\":\"https:\\\/\\\/www.locationlacannecy.fr\\\/blog\\\/wp-content\\\/uploads\\\/2023\\\/01\\\/LLA-Selections-Publication-Facebook.png\",\"contentUrl\":\"https:\\\/\\\/www.locationlacannecy.fr\\\/blog\\\/wp-content\\\/uploads\\\/2023\\\/01\\\/LLA-Selections-Publication-Facebook.png\",\"width\":940,\"height\":788,\"caption\":\"Blog de Location lac Annecy\"},\"image\":{\"@id\":\"https:\\\/\\\/www.locationlacannecy.fr\\\/blog\\\/#\\\/schema\\\/logo\\\/image\\\/\"},\"sameAs\":[\"https:\\\/\\\/www.facebook.com\\\/locationlacannecy\",\"https:\\\/\\\/www.instagram.com\\\/locationsaisonnierealpes\\\/\",\"https:\\\/\\\/www.linkedin.com\\\/company\\\/location-lac-annecy-lla\\\/\"]},{\"@type\":\"Person\",\"@id\":\"https:\\\/\\\/www.locationlacannecy.fr\\\/blog\\\/#\\\/schema\\\/person\\\/7fab390e122a0e75a3a1e342801fac68\",\"name\":\"locationlacannecy\",\"image\":{\"@type\":\"ImageObject\",\"inLanguage\":\"fr\",\"@id\":\"https:\\\/\\\/secure.gravatar.com\\\/avatar\\\/2815d245b271634a0f5e1904b52bc658d5e1ae6c29cde71497fe4f86690e1c41?s=96&d=mm&r=g\",\"url\":\"https:\\\/\\\/secure.gravatar.com\\\/avatar\\\/2815d245b271634a0f5e1904b52bc658d5e1ae6c29cde71497fe4f86690e1c41?s=96&d=mm&r=g\",\"contentUrl\":\"https:\\\/\\\/secure.gravatar.com\\\/avatar\\\/2815d245b271634a0f5e1904b52bc658d5e1ae6c29cde71497fe4f86690e1c41?s=96&d=mm&r=g\",\"caption\":\"locationlacannecy\"},\"description\":\"Nous sommes une \u00e9quipe de professionnels de la location saisonni\u00e8re ayant acquis une exp\u00e9rience significative dans l\u2019accueil, l\u2019hospitalit\u00e9, l\u2019intendance, la logistique, le service clients. Nous exer\u00e7ons notre activit\u00e9 de professionnels de la location saisonni\u00e8re au bord du lac d'Annecy, la Clusaz, Courchevel, M\u00e9ribel, Chamonix, \u2026\",\"sameAs\":[\"https:\\\/\\\/www.locationlacannecy.fr\",\"https:\\\/\\\/www.facebook.com\\\/locationsaisonnieredeluxealpesetlacs\",\"https:\\\/\\\/www.instagram.com\\\/locationsaisonnierealpes\\\/\",\"https:\\\/\\\/www.youtube.com\\\/@locationlacannecy-location7330\\\/featured\"],\"url\":\"https:\\\/\\\/www.locationlacannecy.fr\\\/blog\\\/author\\\/locationlacannecy\\\/\"}]}<\/script>\n<!-- \/ Yoast SEO plugin. -->","yoast_head_json":{"title":"Activit\u00e9s \u00e0 faire dans les stations de ski d'Annecy - Tourisme au Lac d&#039;Annecy et dans les Alpes du Nord","description":"Votre agence de location vous accompagne pour la trouvaille de vos activit\u00e9s \u00e0 faire dans les stations de ski d'Annecy.","robots":{"index":"index","follow":"follow","max-snippet":"max-snippet:-1","max-image-preview":"max-image-preview:large","max-video-preview":"max-video-preview:-1"},"canonical":"https:\/\/www.locationlacannecy.fr\/blog\/activites-a-faire-dans-les-stations-de-ski-dannecy\/","og_locale":"fr_FR","og_type":"article","og_title":"Activit\u00e9s \u00e0 faire dans les stations de ski d'Annecy - Tourisme au Lac d&#039;Annecy et dans les Alpes du Nord","og_description":"Votre agence de location vous accompagne pour la trouvaille de vos activit\u00e9s \u00e0 faire dans les stations de ski d'Annecy.","og_url":"https:\/\/www.locationlacannecy.fr\/blog\/activites-a-faire-dans-les-stations-de-ski-dannecy\/","og_site_name":"Tourisme au Lac d&#039;Annecy et dans les Alpes du Nord","article_publisher":"https:\/\/www.facebook.com\/locationlacannecy","article_author":"https:\/\/www.facebook.com\/locationsaisonnieredeluxealpesetlacs","article_published_time":"2024-01-11T10:00:00+00:00","article_modified_time":"2025-07-15T12:28:05+00:00","og_image":[{"width":699,"height":466,"url":"https:\/\/www.locationlacannecy.fr\/blog\/wp-content\/uploads\/2022\/12\/fullsize.jpg","type":"image\/jpeg"}],"author":"locationlacannecy","twitter_card":"summary_large_image","twitter_misc":{"Written by":"locationlacannecy","Est. reading time":"7 minutes"},"schema":{"@context":"https:\/\/schema.org","@graph":[{"@type":"Article","@id":"https:\/\/www.locationlacannecy.fr\/blog\/activites-a-faire-dans-les-stations-de-ski-dannecy\/#article","isPartOf":{"@id":"https:\/\/www.locationlacannecy.fr\/blog\/activites-a-faire-dans-les-stations-de-ski-dannecy\/"},"author":{"name":"locationlacannecy","@id":"https:\/\/www.locationlacannecy.fr\/blog\/#\/schema\/person\/7fab390e122a0e75a3a1e342801fac68"},"headline":"Activit\u00e9s \u00e0 faire dans les stations de ski d&#8217;Annecy","datePublished":"2024-01-11T10:00:00+00:00","dateModified":"2025-07-15T12:28:05+00:00","mainEntityOfPage":{"@id":"https:\/\/www.locationlacannecy.fr\/blog\/activites-a-faire-dans-les-stations-de-ski-dannecy\/"},"wordCount":908,"commentCount":0,"publisher":{"@id":"https:\/\/www.locationlacannecy.fr\/blog\/#organization"},"image":{"@id":"https:\/\/www.locationlacannecy.fr\/blog\/activites-a-faire-dans-les-stations-de-ski-dannecy\/#primaryimage"},"thumbnailUrl":"https:\/\/www.locationlacannecy.fr\/blog\/wp-content\/uploads\/2022\/12\/fullsize.jpg","articleSection":["Lake Annecy"],"inLanguage":"fr","potentialAction":[{"@type":"CommentAction","name":"Comment","target":["https:\/\/www.locationlacannecy.fr\/blog\/activites-a-faire-dans-les-stations-de-ski-dannecy\/#respond"]}]},{"@type":"WebPage","@id":"https:\/\/www.locationlacannecy.fr\/blog\/activites-a-faire-dans-les-stations-de-ski-dannecy\/","url":"https:\/\/www.locationlacannecy.fr\/blog\/activites-a-faire-dans-les-stations-de-ski-dannecy\/","name":"Activit\u00e9s \u00e0 faire dans les stations de ski d'Annecy - Tourisme au Lac d&#039;Annecy et dans les Alpes du Nord","isPartOf":{"@id":"https:\/\/www.locationlacannecy.fr\/blog\/#website"},"primaryImageOfPage":{"@id":"https:\/\/www.locationlacannecy.fr\/blog\/activites-a-faire-dans-les-stations-de-ski-dannecy\/#primaryimage"},"image":{"@id":"https:\/\/www.locationlacannecy.fr\/blog\/activites-a-faire-dans-les-stations-de-ski-dannecy\/#primaryimage"},"thumbnailUrl":"https:\/\/www.locationlacannecy.fr\/blog\/wp-content\/uploads\/2022\/12\/fullsize.jpg","datePublished":"2024-01-11T10:00:00+00:00","dateModified":"2025-07-15T12:28:05+00:00","description":"Votre agence de location vous accompagne pour la trouvaille de vos activit\u00e9s \u00e0 faire dans les stations de ski d'Annecy.","breadcrumb":{"@id":"https:\/\/www.locationlacannecy.fr\/blog\/activites-a-faire-dans-les-stations-de-ski-dannecy\/#breadcrumb"},"inLanguage":"fr","potentialAction":[{"@type":"ReadAction","target":["https:\/\/www.locationlacannecy.fr\/blog\/activites-a-faire-dans-les-stations-de-ski-dannecy\/"]}]},{"@type":"ImageObject","inLanguage":"fr","@id":"https:\/\/www.locationlacannecy.fr\/blog\/activites-a-faire-dans-les-stations-de-ski-dannecy\/#primaryimage","url":"https:\/\/www.locationlacannecy.fr\/blog\/wp-content\/uploads\/2022\/12\/fullsize.jpg","contentUrl":"https:\/\/www.locationlacannecy.fr\/blog\/wp-content\/uploads\/2022\/12\/fullsize.jpg","width":699,"height":466},{"@type":"BreadcrumbList","@id":"https:\/\/www.locationlacannecy.fr\/blog\/activites-a-faire-dans-les-stations-de-ski-dannecy\/#breadcrumb","itemListElement":[{"@type":"ListItem","position":1,"name":"Home","item":"https:\/\/www.locationlacannecy.fr\/blog\/"},{"@type":"ListItem","position":2,"name":"Activit\u00e9s \u00e0 faire dans les stations de ski d&#8217;Annecy"}]},{"@type":"WebSite","@id":"https:\/\/www.locationlacannecy.fr\/blog\/#website","url":"https:\/\/www.locationlacannecy.fr\/blog\/","name":"https:\/\/www.locationlacannecy.fr\/blog\/","description":"by LLA Selections \/\/ Location Lac Annecy","publisher":{"@id":"https:\/\/www.locationlacannecy.fr\/blog\/#organization"},"alternateName":"https:\/\/www.locationlacannecy.fr","potentialAction":[{"@type":"SearchAction","target":{"@type":"EntryPoint","urlTemplate":"https:\/\/www.locationlacannecy.fr\/blog\/?s={search_term_string}"},"query-input":{"@type":"PropertyValueSpecification","valueRequired":true,"valueName":"search_term_string"}}],"inLanguage":"fr"},{"@type":"Organization","@id":"https:\/\/www.locationlacannecy.fr\/blog\/#organization","name":"Blog de Location lac Annecy","url":"https:\/\/www.locationlacannecy.fr\/blog\/","logo":{"@type":"ImageObject","inLanguage":"fr","@id":"https:\/\/www.locationlacannecy.fr\/blog\/#\/schema\/logo\/image\/","url":"https:\/\/www.locationlacannecy.fr\/blog\/wp-content\/uploads\/2023\/01\/LLA-Selections-Publication-Facebook.png","contentUrl":"https:\/\/www.locationlacannecy.fr\/blog\/wp-content\/uploads\/2023\/01\/LLA-Selections-Publication-Facebook.png","width":940,"height":788,"caption":"Blog de Location lac Annecy"},"image":{"@id":"https:\/\/www.locationlacannecy.fr\/blog\/#\/schema\/logo\/image\/"},"sameAs":["https:\/\/www.facebook.com\/locationlacannecy","https:\/\/www.instagram.com\/locationsaisonnierealpes\/","https:\/\/www.linkedin.com\/company\/location-lac-annecy-lla\/"]},{"@type":"Person","@id":"https:\/\/www.locationlacannecy.fr\/blog\/#\/schema\/person\/7fab390e122a0e75a3a1e342801fac68","name":"locationlacannecy","image":{"@type":"ImageObject","inLanguage":"fr","@id":"https:\/\/secure.gravatar.com\/avatar\/2815d245b271634a0f5e1904b52bc658d5e1ae6c29cde71497fe4f86690e1c41?s=96&d=mm&r=g","url":"https:\/\/secure.gravatar.com\/avatar\/2815d245b271634a0f5e1904b52bc658d5e1ae6c29cde71497fe4f86690e1c41?s=96&d=mm&r=g","contentUrl":"https:\/\/secure.gravatar.com\/avatar\/2815d245b271634a0f5e1904b52bc658d5e1ae6c29cde71497fe4f86690e1c41?s=96&d=mm&r=g","caption":"locationlacannecy"},"description":"Nous sommes une \u00e9quipe de professionnels de la location saisonni\u00e8re ayant acquis une exp\u00e9rience significative dans l\u2019accueil, l\u2019hospitalit\u00e9, l\u2019intendance, la logistique, le service clients. Nous exer\u00e7ons notre activit\u00e9 de professionnels de la location saisonni\u00e8re au bord du lac d'Annecy, la Clusaz, Courchevel, M\u00e9ribel, Chamonix, \u2026","sameAs":["https:\/\/www.locationlacannecy.fr","https:\/\/www.facebook.com\/locationsaisonnieredeluxealpesetlacs","https:\/\/www.instagram.com\/locationsaisonnierealpes\/","https:\/\/www.youtube.com\/@locationlacannecy-location7330\/featured"],"url":"https:\/\/www.locationlacannecy.fr\/blog\/author\/locationlacannecy\/"}]}},"_links":{"self":[{"href":"https:\/\/www.locationlacannecy.fr\/blog\/wp-json\/wp\/v2\/posts\/453","targetHints":{"allow":["GET"]}}],"collection":[{"href":"https:\/\/www.locationlacannecy.fr\/blog\/wp-json\/wp\/v2\/posts"}],"about":[{"href":"https:\/\/www.locationlacannecy.fr\/blog\/wp-json\/wp\/v2\/types\/post"}],"author":[{"embeddable":true,"href":"https:\/\/www.locationlacannecy.fr\/blog\/wp-json\/wp\/v2\/users\/2"}],"replies":[{"embeddable":true,"href":"https:\/\/www.locationlacannecy.fr\/blog\/wp-json\/wp\/v2\/comments?post=453"}],"version-history":[{"count":26,"href":"https:\/\/www.locationlacannecy.fr\/blog\/wp-json\/wp\/v2\/posts\/453\/revisions"}],"predecessor-version":[{"id":5774,"href":"https:\/\/www.locationlacannecy.fr\/blog\/wp-json\/wp\/v2\/posts\/453\/revisions\/5774"}],"wp:featuredmedia":[{"embeddable":true,"href":"https:\/\/www.locationlacannecy.fr\/blog\/wp-json\/wp\/v2\/media\/489"}],"wp:attachment":[{"href":"https:\/\/www.locationlacannecy.fr\/blog\/wp-json\/wp\/v2\/media?parent=453"}],"wp:term":[{"taxonomy":"category","embeddable":true,"href":"https:\/\/www.locationlacannecy.fr\/blog\/wp-json\/wp\/v2\/categories?post=453"},{"taxonomy":"post_tag","embeddable":true,"href":"https:\/\/www.locationlacannecy.fr\/blog\/wp-json\/wp\/v2\/tags?post=453"}],"curies":[{"name":"wp","href":"https:\/\/api.w.org\/{rel}","templated":true}]}}