{"id":6550,"date":"2025-12-05T09:20:33","date_gmt":"2025-12-05T09:20:33","guid":{"rendered":"https:\/\/www.locationlacannecy.fr\/blog\/?p=6550"},"modified":"2026-01-29T08:11:53","modified_gmt":"2026-01-29T08:11:53","slug":"les-plus-beaux-endroits-autour-lac-annecy","status":"publish","type":"post","link":"https:\/\/www.locationlacannecy.fr\/blog\/les-plus-beaux-endroits-autour-lac-annecy\/","title":{"rendered":"Les plus beaux endroits autour du Lac d&#8217;Annecy : entre lac et montagnes"},"content":{"rendered":"\t\t<div data-elementor-type=\"wp-post\" data-elementor-id=\"6550\" class=\"elementor elementor-6550\" data-elementor-post-type=\"post\">\n\t\t\t\t<div class=\"elementor-element elementor-element-285b4c2a e-flex e-con-boxed e-con e-parent\" data-id=\"285b4c2a\" data-element_type=\"container\" data-e-type=\"container\">\n\t\t\t\t\t<div class=\"e-con-inner\">\n\t\t\t\t<div class=\"elementor-element elementor-element-33e7a234 elementor-widget elementor-widget-text-editor\" data-id=\"33e7a234\" data-element_type=\"widget\" data-e-type=\"widget\" data-widget_type=\"text-editor.default\">\n\t\t\t\t<div class=\"elementor-widget-container\">\n\t\t\t\t\t\t\t\t\t<p>Alors que vous arpentez les diff\u00e9rents sites proposant une destination id\u00e9ale alliant lac et montagnes, vous avez s\u00fbrement d\u00fb voir passer le nom d\u2019<strong>Annecy<\/strong> ainsi que celui de son lac\u00a0! Surnomm\u00e9e la\u00a0<em>\u00ab Venise des Alpes \u00bb<\/em>, la ville s\u00e9duit par son charme authentique, ses canaux et ses paysages naturels.<\/p><p>Entre\u00a0<strong>s\u00e9jour au bord du lac d\u2019Annecy<\/strong>, d\u00e9couvertes culturelles, activit\u00e9s nautiques et sportives aux alentours et gastronomie locale, Annecy combine tous les atouts d\u2019une destination de r\u00eave, aussi bien pour les familles, les amis ou les couples. D\u00e9couvrez notre <strong>article pratique pour d\u00e9couvrir les plus beaux endroits autour du Lac d&#8217;Annecy !<\/strong><\/p>\t\t\t\t\t\t\t\t<\/div>\n\t\t\t\t<\/div>\n\t\t\t\t\t<\/div>\n\t\t\t\t<\/div>\n\t\t<div class=\"elementor-element elementor-element-7bc0bbd3 e-flex e-con-boxed e-con e-parent\" data-id=\"7bc0bbd3\" data-element_type=\"container\" data-e-type=\"container\">\n\t\t\t\t\t<div class=\"e-con-inner\">\n\t\t\t\t<div class=\"elementor-element elementor-element-48a03ed7 elementor-widget elementor-widget-table-of-contents\" data-id=\"48a03ed7\" data-element_type=\"widget\" data-e-type=\"widget\" data-settings=\"{&quot;headings_by_tags&quot;:[&quot;h2&quot;],&quot;exclude_headings_by_selector&quot;:[],&quot;marker_view&quot;:&quot;bullets&quot;,&quot;icon&quot;:{&quot;value&quot;:&quot;far fa-circle&quot;,&quot;library&quot;:&quot;fa-regular&quot;,&quot;rendered_tag&quot;:&quot;&lt;svg class=\\&quot;e-font-icon-svg e-far-circle\\&quot; viewBox=\\&quot;0 0 512 512\\&quot; xmlns=\\&quot;http:\\\/\\\/www.w3.org\\\/2000\\\/svg\\&quot;&gt;&lt;path d=\\&quot;M256 8C119 8 8 119 8 256s111 248 248 248 248-111 248-248S393 8 256 8zm0 448c-110.5 0-200-89.5-200-200S145.5 56 256 56s200 89.5 200 200-89.5 200-200 200z\\&quot;&gt;&lt;\\\/path&gt;&lt;\\\/svg&gt;&quot;},&quot;no_headings_message&quot;:&quot;Aucun titre n\\u2019a \\u00e9t\\u00e9 trouv\\u00e9 sur cette page.&quot;,&quot;hierarchical_view&quot;:&quot;yes&quot;,&quot;min_height&quot;:{&quot;unit&quot;:&quot;px&quot;,&quot;size&quot;:&quot;&quot;,&quot;sizes&quot;:[]},&quot;min_height_tablet&quot;:{&quot;unit&quot;:&quot;px&quot;,&quot;size&quot;:&quot;&quot;,&quot;sizes&quot;:[]},&quot;min_height_mobile&quot;:{&quot;unit&quot;:&quot;px&quot;,&quot;size&quot;:&quot;&quot;,&quot;sizes&quot;:[]}}\" data-widget_type=\"table-of-contents.default\">\n\t\t\t\t<div class=\"elementor-widget-container\">\n\t\t\t\t\t\t\t\t\t<div class=\"elementor-toc__header\">\n\t\t\t\t\t\t<div class=\"elementor-toc__header-title\">\n\t\t\t\tSOMMAIRE\t\t\t<\/div>\n\t\t\t\t\t\t\t\t<\/div>\n\t\t\t\t<div id=\"elementor-toc__48a03ed7\" class=\"elementor-toc__body\">\n\t\t\t<div class=\"elementor-toc__spinner-container\">\n\t\t\t\t<svg class=\"elementor-toc__spinner eicon-animation-spin e-font-icon-svg e-eicon-loading\" aria-hidden=\"true\" viewBox=\"0 0 1000 1000\" xmlns=\"http:\/\/www.w3.org\/2000\/svg\"><path d=\"M500 975V858C696 858 858 696 858 500S696 142 500 142 142 304 142 500H25C25 237 238 25 500 25S975 237 975 500 763 975 500 975Z\"><\/path><\/svg>\t\t\t<\/div>\n\t\t<\/div>\n\t\t\t\t\t\t<\/div>\n\t\t\t\t<\/div>\n\t\t\t\t\t<\/div>\n\t\t\t\t<\/div>\n\t\t<div class=\"elementor-element elementor-element-40a65ec4 e-flex e-con-boxed e-con e-parent\" data-id=\"40a65ec4\" data-element_type=\"container\" data-e-type=\"container\">\n\t\t\t\t\t<div class=\"e-con-inner\">\n\t\t\t\t<div class=\"elementor-element elementor-element-35644c38 elementor-widget elementor-widget-heading\" data-id=\"35644c38\" data-element_type=\"widget\" data-e-type=\"widget\" data-widget_type=\"heading.default\">\n\t\t\t\t<div class=\"elementor-widget-container\">\n\t\t\t\t\t<h2 class=\"elementor-heading-title elementor-size-default\">Les plus beaux endroits aux alentours d\u2019Annecy<\/h2>\t\t\t\t<\/div>\n\t\t\t\t<\/div>\n\t\t\t\t<div class=\"elementor-element elementor-element-6b94d1f7 elementor-widget elementor-widget-text-editor\" data-id=\"6b94d1f7\" data-element_type=\"widget\" data-e-type=\"widget\" data-widget_type=\"text-editor.default\">\n\t\t\t\t<div class=\"elementor-widget-container\">\n\t\t\t\t\t\t\t\t\t<p>Annecy, outre la ville en elle-m\u00eame, poss\u00e8de un <strong>lac aux couleurs azurs magnifiques<\/strong>, sans parler d\u2019une r\u00e9gion \u00e9clectique\u00a0; de ce fait, en faisant le tour du lac, vous n\u2019aurez pas fini d\u2019entre prendre plein les yeux, que ce soit avec les villages alentours, comme <strong>Talloires<\/strong>, <strong>Montmin<\/strong> ou <strong>Menthon<\/strong> pour ne citer qu\u2019eux, les diff\u00e9rents ch\u00e2teaux qui surplombent la r\u00e9gion, les montagnes environnantes\u2026 Vous l\u2019aurez compris\u00a0: la beaut\u00e9 se retrouve et s\u2019appr\u00e9cie o\u00f9 que vous posiez votre regard depuis le lac. Il en faut plus pour vous convaincre\u00a0? Alors lisez ce qui suit\u00a0!<\/p>\t\t\t\t\t\t\t\t<\/div>\n\t\t\t\t<\/div>\n\t\t\t\t<div class=\"elementor-element elementor-element-c3e523d elementor-widget elementor-widget-image\" data-id=\"c3e523d\" data-element_type=\"widget\" data-e-type=\"widget\" data-widget_type=\"image.default\">\n\t\t\t\t<div class=\"elementor-widget-container\">\n\t\t\t\t\t\t\t\t\t\t\t\t\t\t\t<img fetchpriority=\"high\" decoding=\"async\" width=\"1365\" height=\"682\" src=\"https:\/\/www.locationlacannecy.fr\/blog\/wp-content\/uploads\/2025\/12\/alentours-annecy.jpg\" class=\"attachment-full size-full wp-image-6658\" alt=\"\" srcset=\"https:\/\/www.locationlacannecy.fr\/blog\/wp-content\/uploads\/2025\/12\/alentours-annecy.jpg 1365w, https:\/\/www.locationlacannecy.fr\/blog\/wp-content\/uploads\/2025\/12\/alentours-annecy-300x150.jpg 300w, https:\/\/www.locationlacannecy.fr\/blog\/wp-content\/uploads\/2025\/12\/alentours-annecy-1024x512.jpg 1024w, https:\/\/www.locationlacannecy.fr\/blog\/wp-content\/uploads\/2025\/12\/alentours-annecy-768x384.jpg 768w\" sizes=\"(max-width: 1365px) 100vw, 1365px\" \/>\t\t\t\t\t\t\t\t\t\t\t\t\t\t\t<\/div>\n\t\t\t\t<\/div>\n\t\t\t\t\t<\/div>\n\t\t\t\t<\/div>\n\t\t<div class=\"elementor-element elementor-element-70cc455 e-flex e-con-boxed e-con e-parent\" data-id=\"70cc455\" data-element_type=\"container\" data-e-type=\"container\">\n\t\t\t\t\t<div class=\"e-con-inner\">\n\t\t\t\t<div class=\"elementor-element elementor-element-bb3da22 elementor-widget elementor-widget-heading\" data-id=\"bb3da22\" data-element_type=\"widget\" data-e-type=\"widget\" data-widget_type=\"heading.default\">\n\t\t\t\t<div class=\"elementor-widget-container\">\n\t\t\t\t\t<h2 class=\"elementor-heading-title elementor-size-default\">Les activit\u00e9s en plein air \u00e0 faire autour du lac<\/h2>\t\t\t\t<\/div>\n\t\t\t\t<\/div>\n\t\t\t\t<div class=\"elementor-element elementor-element-1aba2fa elementor-widget elementor-widget-text-editor\" data-id=\"1aba2fa\" data-element_type=\"widget\" data-e-type=\"widget\" data-widget_type=\"text-editor.default\">\n\t\t\t\t<div class=\"elementor-widget-container\">\n\t\t\t\t\t\t\t\t\t<p>Une pl\u00e9thore d\u2019activit\u00e9s en plein sont \u00e0 d\u00e9couvrir autour du lac d\u2019Annecy. En effet, la r\u00e9gion est id\u00e9ale si vous aimez vous d\u00e9penser, que ce soit sur l\u2019eau en \u00e9t\u00e9 comme \u00e0 la montagne le reste de l\u2019ann\u00e9e\u00a0!<\/p><p>Pour ceux qui pr\u00e9f\u00e8rent se rendre \u00e0 Annecy l\u2019\u00e9t\u00e9 pour profiter d\u2019un climat plus temp\u00e9r\u00e9, mais aussi pour d\u00e9couvrir la r\u00e9gion et ses activit\u00e9s nautiques, ne cherchez plus\u00a0: vous aurez tout ce qu\u2019il vous faut \u00e0 proximit\u00e9 du lac d\u2019Annecy\u00a0! Au programme\u00a0:<\/p><ul><li>du <strong>wake-board, du wake-surf ou encore du ski nautique<\/strong> pour ceux qui aiment pratiquer des sports de glisse, m\u00eame en \u00e9t\u00e9\u00a0; sachez par ailleurs qu\u2019il est possible de r\u00e9server ces activit\u00e9s avec nous \u2013 le lien est juste <a href=\"https:\/\/lla-conciergerie.com\/services-conciergerie-lac-annecy-alpes\/wakeboard-surf-ski-nautique\/\">ici\u00a0<\/a>!<\/li><li>du <strong>p\u00e9dalo ou du paddle<\/strong>, pour ceux qui pr\u00e9f\u00e8rent une activit\u00e9 plus calme sur l\u2019eau et d\u00e9couvrir les environs du lac \u00e0 leur rythme<\/li><li>des <strong>balades \u00e0 v\u00e9lo<\/strong>, notamment avec la c\u00e9l\u00e8bre piste cyclable de 42 kilom\u00e8tres qui fait le tour du lac\u00a0; id\u00e9al pour admirer les paysages et les montagnes qui surplombent Annecy.<\/li><\/ul>\t\t\t\t\t\t\t\t<\/div>\n\t\t\t\t<\/div>\n\t\t\t\t\t<\/div>\n\t\t\t\t<\/div>\n\t\t<div class=\"elementor-element elementor-element-beb1a6a e-flex e-con-boxed e-con e-parent\" data-id=\"beb1a6a\" data-element_type=\"container\" data-e-type=\"container\">\n\t\t\t\t\t<div class=\"e-con-inner\">\n\t\t\t\t<div class=\"elementor-element elementor-element-270e610 elementor-widget elementor-widget-heading\" data-id=\"270e610\" data-element_type=\"widget\" data-e-type=\"widget\" data-widget_type=\"heading.default\">\n\t\t\t\t<div class=\"elementor-widget-container\">\n\t\t\t\t\t<h2 class=\"elementor-heading-title elementor-size-default\">Des points de vue et des randonn\u00e9es autour du lac d\u2019Annecy<\/h2>\t\t\t\t<\/div>\n\t\t\t\t<\/div>\n\t\t\t\t<div class=\"elementor-element elementor-element-07646b3 elementor-widget elementor-widget-text-editor\" data-id=\"07646b3\" data-element_type=\"widget\" data-e-type=\"widget\" data-widget_type=\"text-editor.default\">\n\t\t\t\t<div class=\"elementor-widget-container\">\n\t\t\t\t\t\t\t\t\t<p>Le lac d\u2019Annecy, en plus de ses activit\u00e9s, est id\u00e9al pour les amateurs de <a href=\"https:\/\/www.locationlacannecy.fr\/blog\/randonnees-lac-dannecy\/\">randonn\u00e9e<\/a> puisqu\u2019il est bord\u00e9 de sommets et plateaux abritant des merveilles, comme le <strong>ch\u00e2teau de Menthon-Saint-Bernard<\/strong>\u00a0; il est possible d\u2019en prendre plein les yeux sur ce site d\u2019exception si vous prenez la peine d\u2019emprunter le sentier qui m\u00e8ne jusqu\u2019\u00e0 lui.<\/p><p>Outre cet itin\u00e9raire, nous pouvons vous conseiller <strong>plusieurs randonn\u00e9es sur les montagnes autour du lac d\u2019Annecy<\/strong>, pour peu que prendre de l\u2019altitude ne vous fait pas peur\u00a0; vous verrez la r\u00e9compense en vaut la chandelle\u00a0:<\/p><ul><li><strong>Le<\/strong> <strong>Parmelan <\/strong>(1856 m\u00e8tres) : ce sommet dont les falaises imposantes dominent Annecy fait partie des randonn\u00e9es incontournables de la Haute-Savoie\u00a0; depuis son superbe plateau calcaire et ses lapiaz, vous pouvez prendre la photo parfaite depuis ce point de vue puisqu\u2019il vous permet d\u2019observer, en plus du lac d\u2019Annecy, les Alpes. Notez qu\u2019une fois arriv\u00e9 \u00e0 sa cime, vous aurez un point de vue privil\u00e9gi\u00e9 sur l\u2019agglom\u00e9ration d\u2019Annecy.<\/li><li><strong>Le col de la Forclaz<\/strong> (1147 m\u00e8tres)\u00a0: si vous souhaitez vous rendre \u00e0 un endroit facile d\u2019acc\u00e8s, alors le Col de la Forclaz est fait pour vous\u00a0! Montez \u00e0 pied jusqu\u2019\u00e0 l\u2019endroit o\u00f9 d\u00e9colle les parapentes et profitez de la couleur azur des eaux du lac, vous ne serez pas d\u00e9\u00e7u\u00a0: un panorama magnifique sur le lac d\u2019Annecy et la <strong>montagne du Semnoz<\/strong> vous r\u00e9compensera pour votre effort.<\/li><li><strong>Le plateau des Gli\u00e8res<\/strong> (1450 m\u00e8tres)\u00a0: \u00e0 seulement 45 minutes de la ville d\u2019Annecy, le Plateau des Gli\u00e8res offre un d\u00e9paysement garanti et un panorama entre les montagnes des Auges et des Fr\u00eates. De plus, si vous montez jusqu\u2019au chalet des Auges et que le temps est favorable, il vous est m\u00eame possible d\u2019apercevoir le massif du Mont Blanc\u00a0!<\/li><li><strong>Le pont de l\u2019ab\u00eeme<\/strong>: pour avoir un panorama vertigineux, vous pouvez vous rendre au pont de l\u2019ab\u00eeme\u00a0: long de 64 m\u00e8tres et suspendu \u00e0 96 m\u00e8tres au-dessus du Ch\u00e9ran, il vous permettra de d\u2019appr\u00e9cier les rivi\u00e8res, falaises et petites chutes qui constituent le tour du lac d\u2019Annecy.<\/li><li><strong>La Tournette<\/strong> (2330 m)\u00a0: point culminant du lac d\u2019Annecy, le sentier qui m\u00e8ne \u00e0 La Tournette est une randonn\u00e9e r\u00e9serv\u00e9e aux randonneurs exp\u00e9riment\u00e9s\u00a0; avec un balisage clair, vous pourrez acc\u00e9der \u00e0 un panorama exceptionnel sur le lac et tous les alentours. Bien que technique, elle se fait hors des p\u00e9riodes d\u2019enneigement et r\u00e9serve quelques passages techniques.<\/li><\/ul>\t\t\t\t\t\t\t\t<\/div>\n\t\t\t\t<\/div>\n\t\t\t\t<div class=\"elementor-element elementor-element-9b301ed elementor-widget elementor-widget-html\" data-id=\"9b301ed\" data-element_type=\"widget\" data-e-type=\"widget\" data-widget_type=\"html.default\">\n\t\t\t\t<div class=\"elementor-widget-container\">\n\t\t\t\t\t<iframe src=\"https:\/\/www.google.com\/maps\/d\/u\/0\/embed?mid=1o7Pn0YJBIandRnIbWUotMy5lr5OJjCM&ehbc=2E312F&noprof=1\" width=\"640\" height=\"480\"><\/iframe>\t\t\t\t<\/div>\n\t\t\t\t<\/div>\n\t\t\t\t\t<\/div>\n\t\t\t\t<\/div>\n\t\t<div class=\"elementor-element elementor-element-51d8807 e-flex e-con-boxed e-con e-parent\" data-id=\"51d8807\" data-element_type=\"container\" data-e-type=\"container\">\n\t\t\t\t\t<div class=\"e-con-inner\">\n\t\t\t\t<div class=\"elementor-element elementor-element-aeb4bab elementor-widget elementor-widget-heading\" data-id=\"aeb4bab\" data-element_type=\"widget\" data-e-type=\"widget\" data-widget_type=\"heading.default\">\n\t\t\t\t<div class=\"elementor-widget-container\">\n\t\t\t\t\t<h2 class=\"elementor-heading-title elementor-size-default\">Les villages \u00e0 explorer non loin du lac<\/h2>\t\t\t\t<\/div>\n\t\t\t\t<\/div>\n\t\t\t\t\t<\/div>\n\t\t\t\t<\/div>\n\t\t<div class=\"elementor-element elementor-element-61c356e e-flex e-con-boxed e-con e-parent\" data-id=\"61c356e\" data-element_type=\"container\" data-e-type=\"container\">\n\t\t\t\t\t<div class=\"e-con-inner\">\n\t\t<div class=\"elementor-element elementor-element-b252688 e-con-full e-flex e-con e-child\" data-id=\"b252688\" data-element_type=\"container\" data-e-type=\"container\">\n\t\t\t\t<div class=\"elementor-element elementor-element-f400b41 elementor-widget elementor-widget-text-editor\" data-id=\"f400b41\" data-element_type=\"widget\" data-e-type=\"widget\" data-widget_type=\"text-editor.default\">\n\t\t\t\t<div class=\"elementor-widget-container\">\n\t\t\t\t\t\t\t\t\t<p>R\u00e9put\u00e9 pour la clart\u00e9 de ses eaux et souvent surnomm\u00e9 le \u00ab\u00a0<strong>lac le plus pur d\u2019Europe<\/strong>\u00a0\u00bb, le lac d\u2019Annecy est un v\u00e9ritable joyau nich\u00e9 au c\u0153ur des Alpes fran\u00e7aises. M\u00eame si la ville en elle-m\u00eame vaut le d\u00e9tour, sa r\u00e9gion est riche de beaut\u00e9 et en villages exceptionnels. Aussi, lors de votre escapade autour du lac, nous vous recommandons de visiter des villages comme <strong>Saint-Jorioz<\/strong>, une charmante bourgade r\u00e9put\u00e9e pour sa plage et son calme ambiant, ou encore <a href=\"https:\/\/www.locationlacannecy.fr\/blog\/guide-votre-sejour-a-duingt\/\"><strong>Duingt<\/strong><\/a>, notamment pour son ch\u00e2teau et sa plage o\u00f9 vous pourrez vous d\u00e9tendre face au lac.<\/p>\t\t\t\t\t\t\t\t<\/div>\n\t\t\t\t<\/div>\n\t\t\t\t<\/div>\n\t\t<div class=\"elementor-element elementor-element-cd64683 e-con-full e-flex e-con e-child\" data-id=\"cd64683\" data-element_type=\"container\" data-e-type=\"container\">\n\t\t\t\t<div class=\"elementor-element elementor-element-cf7c4fa elementor-widget elementor-widget-image\" data-id=\"cf7c4fa\" data-element_type=\"widget\" data-e-type=\"widget\" data-widget_type=\"image.default\">\n\t\t\t\t<div class=\"elementor-widget-container\">\n\t\t\t\t\t\t\t\t\t\t\t\t\t\t\t<img decoding=\"async\" width=\"768\" height=\"383\" src=\"https:\/\/www.locationlacannecy.fr\/blog\/wp-content\/uploads\/2025\/12\/alentours-dannecy-768x383.jpg\" class=\"attachment-medium_large size-medium_large wp-image-6662\" alt=\"Lac annecy primtemps\" srcset=\"https:\/\/www.locationlacannecy.fr\/blog\/wp-content\/uploads\/2025\/12\/alentours-dannecy-768x383.jpg 768w, https:\/\/www.locationlacannecy.fr\/blog\/wp-content\/uploads\/2025\/12\/alentours-dannecy-300x150.jpg 300w, https:\/\/www.locationlacannecy.fr\/blog\/wp-content\/uploads\/2025\/12\/alentours-dannecy-1024x511.jpg 1024w, https:\/\/www.locationlacannecy.fr\/blog\/wp-content\/uploads\/2025\/12\/alentours-dannecy.jpg 1254w\" sizes=\"(max-width: 768px) 100vw, 768px\" \/>\t\t\t\t\t\t\t\t\t\t\t\t\t\t\t<\/div>\n\t\t\t\t<\/div>\n\t\t\t\t<\/div>\n\t\t\t\t\t<\/div>\n\t\t\t\t<\/div>\n\t\t<div class=\"elementor-element elementor-element-3ab4531 e-flex e-con-boxed e-con e-parent\" data-id=\"3ab4531\" data-element_type=\"container\" data-e-type=\"container\">\n\t\t\t\t\t<div class=\"e-con-inner\">\n\t\t\t\t<div class=\"elementor-element elementor-element-d3fa2b6 elementor-widget elementor-widget-heading\" data-id=\"d3fa2b6\" data-element_type=\"widget\" data-e-type=\"widget\" data-widget_type=\"heading.default\">\n\t\t\t\t<div class=\"elementor-widget-container\">\n\t\t\t\t\t<h2 class=\"elementor-heading-title elementor-size-default\">Quelques conseils pour votre voyage dans la r\u00e9gion<\/h2>\t\t\t\t<\/div>\n\t\t\t\t<\/div>\n\t\t\t\t<div class=\"elementor-element elementor-element-cbc1444 elementor-widget elementor-widget-text-editor\" data-id=\"cbc1444\" data-element_type=\"widget\" data-e-type=\"widget\" data-widget_type=\"text-editor.default\">\n\t\t\t\t<div class=\"elementor-widget-container\">\n\t\t\t\t\t\t\t\t\t<p>En fonction de la saison que vous choisirez pour visiter la r\u00e9gion d\u2019Annecy, nous vous conseillons de pr\u00e9parer vos valises en cons\u00e9quence : en effet, si vous souhaitez y aller au cours de l\u2019<strong>\u00e9t\u00e9<\/strong>, des <strong>v\u00eatements l\u00e9gers, des maillots de bain et des protections solaires<\/strong> seront de rigueur, car, m\u00eame si vous \u00eates entour\u00e9s de montagnes, vous pouvez avoir rapidement un coup de soleil si vous ne vous prot\u00e9gez pas assez. De plus, si vous souhaitez faire de la randonn\u00e9e durant votre s\u00e9jour, pr\u00e9parez une gourde et de bonnes chaussures.<\/p><p>\u00c0 l\u2019inverse, lors de l\u2019<strong>hiver<\/strong>, il vous faudra emporter avec vous des <strong>v\u00eatements chauds et des \u00e9quipements qui r\u00e9sistent \u00e0 l\u2019humidit\u00e9<\/strong>, car les temp\u00e9ratures sont assez basses et la r\u00e9gion reste humide. Des conseils \u00e9vidents, mais qu\u2019il est toujours bon de rappeler afin que votre s\u00e9jour se d\u00e9roule dans les meilleures conditions.<\/p>\t\t\t\t\t\t\t\t<\/div>\n\t\t\t\t<\/div>\n\t\t\t\t<div class=\"elementor-element elementor-element-3653715 elementor-widget elementor-widget-image\" data-id=\"3653715\" data-element_type=\"widget\" data-e-type=\"widget\" data-widget_type=\"image.default\">\n\t\t\t\t<div class=\"elementor-widget-container\">\n\t\t\t\t\t\t\t\t\t\t\t\t\t\t\t<img decoding=\"async\" width=\"1254\" height=\"626\" src=\"https:\/\/www.locationlacannecy.fr\/blog\/wp-content\/uploads\/2025\/12\/visiter-alentours-annecy.jpg\" class=\"attachment-full size-full wp-image-6660\" alt=\"\" srcset=\"https:\/\/www.locationlacannecy.fr\/blog\/wp-content\/uploads\/2025\/12\/visiter-alentours-annecy.jpg 1254w, https:\/\/www.locationlacannecy.fr\/blog\/wp-content\/uploads\/2025\/12\/visiter-alentours-annecy-300x150.jpg 300w, https:\/\/www.locationlacannecy.fr\/blog\/wp-content\/uploads\/2025\/12\/visiter-alentours-annecy-1024x511.jpg 1024w, https:\/\/www.locationlacannecy.fr\/blog\/wp-content\/uploads\/2025\/12\/visiter-alentours-annecy-768x383.jpg 768w\" sizes=\"(max-width: 1254px) 100vw, 1254px\" \/>\t\t\t\t\t\t\t\t\t\t\t\t\t\t\t<\/div>\n\t\t\t\t<\/div>\n\t\t\t\t\t<\/div>\n\t\t\t\t<\/div>\n\t\t<div class=\"elementor-element elementor-element-882c273 e-flex e-con-boxed e-con e-parent\" data-id=\"882c273\" data-element_type=\"container\" data-e-type=\"container\">\n\t\t\t\t\t<div class=\"e-con-inner\">\n\t\t\t\t<div class=\"elementor-element elementor-element-139950c elementor-widget elementor-widget-heading\" data-id=\"139950c\" data-element_type=\"widget\" data-e-type=\"widget\" data-widget_type=\"heading.default\">\n\t\t\t\t<div class=\"elementor-widget-container\">\n\t\t\t\t\t<h2 class=\"elementor-heading-title elementor-size-default\">Venez d\u00e9couvrir les plus beaux endroits du lac d\u2019Annecy !<\/h2>\t\t\t\t<\/div>\n\t\t\t\t<\/div>\n\t\t\t\t<div class=\"elementor-element elementor-element-e8c036e elementor-widget elementor-widget-text-editor\" data-id=\"e8c036e\" data-element_type=\"widget\" data-e-type=\"widget\" data-widget_type=\"text-editor.default\">\n\t\t\t\t<div class=\"elementor-widget-container\">\n\t\t\t\t\t\t\t\t\t<p>Alors, convaincu(e) par notre article\u00a0? En r\u00e9sum\u00e9, <strong>Annecy<\/strong> est une destination id\u00e9ale pour s\u00e9jour long ou court, notamment si vous d\u00e9cidez de d\u00e9couvrir les abords de son lac ainsi que sa r\u00e9gion qui regorge d\u2019activit\u00e9s vari\u00e9s, poss\u00e8de un patrimoine unique en son genre et un cadre naturel \u00e9poustouflant, surtout si vous prenez un peu d\u2019altitude.<\/p><p>Vous souhaitez vous y rendre prochainement\u00a0? N\u2019h\u00e9sitez plus et rendez-vous sur <a href=\"https:\/\/www.locationlacannecy.fr\/\"><strong>LLA Selections<\/strong>\u00a0<\/a>! Profitez d\u2019un service personnalis\u00e9 et de prestations\u00a0sur-mesure, pour un s\u00e9jour inoubliable autour du lac d\u2019Annecy\u00a0!<\/p>\t\t\t\t\t\t\t\t<\/div>\n\t\t\t\t<\/div>\n\t\t\t\t\t<\/div>\n\t\t\t\t<\/div>\n\t\t<div class=\"elementor-element elementor-element-14cb94b4 e-flex e-con-boxed e-con e-parent\" data-id=\"14cb94b4\" data-element_type=\"container\" data-e-type=\"container\">\n\t\t\t\t\t<div class=\"e-con-inner\">\n\t\t\t\t<div class=\"elementor-element elementor-element-22e5475b elementor-widget elementor-widget-template\" data-id=\"22e5475b\" data-element_type=\"widget\" data-e-type=\"widget\" data-widget_type=\"template.default\">\n\t\t\t\t<div class=\"elementor-widget-container\">\n\t\t\t\t\t\t\t<div class=\"elementor-template\">\n\t\t\t\t\t<div data-elementor-type=\"container\" data-elementor-id=\"2863\" class=\"elementor elementor-2863 elementor-2924 elementor-2924\" data-elementor-post-type=\"elementor_library\">\n\t\t\t\t<div class=\"elementor-element elementor-element-794180e0 e-flex e-con-boxed e-con e-parent\" data-id=\"794180e0\" data-element_type=\"container\" data-e-type=\"container\">\n\t\t\t\t\t<div class=\"e-con-inner\">\n\t\t<div class=\"elementor-element elementor-element-7bd67a93 e-con-full e-flex e-con e-child\" data-id=\"7bd67a93\" data-element_type=\"container\" data-e-type=\"container\">\n\t\t\t\t<div class=\"elementor-element elementor-element-4d6f49e0 elementor-cta--skin-cover elementor-cta--valign-bottom elementor-animated-content elementor-bg-transform elementor-bg-transform-zoom-in elementor-widget elementor-widget-call-to-action\" data-id=\"4d6f49e0\" data-element_type=\"widget\" data-e-type=\"widget\" data-widget_type=\"call-to-action.default\">\n\t\t\t\t<div class=\"elementor-widget-container\">\n\t\t\t\t\t\t\t<div class=\"elementor-cta\">\n\t\t\t\t\t<div class=\"elementor-cta__bg-wrapper\">\n\t\t\t\t<div class=\"elementor-cta__bg elementor-bg\" style=\"background-image: url(https:\/\/www.locationlacannecy.fr\/blog\/wp-content\/uploads\/2025\/01\/location-saisonniere-lac-annecy-france-1.webp);\" role=\"img\" aria-label=\"location saisonni\u00e8re lac annecy france\"><\/div>\n\t\t\t\t<div class=\"elementor-cta__bg-overlay\"><\/div>\n\t\t\t<\/div>\n\t\t\t\t\t\t\t<div class=\"elementor-cta__content\">\n\t\t\t\t\n\t\t\t\t\n\t\t\t\t\n\t\t\t\t\t\t\t\t\t<div class=\"elementor-cta__button-wrapper elementor-cta__content-item elementor-content-item elementor-animated-item--grow\">\n\t\t\t\t\t<a class=\"elementor-cta__button elementor-button elementor-size-\" href=\"https:\/\/www.locationlacannecy.fr\/location-vacances-lac-annecy\/\">\n\t\t\t\t\t\tLOCATIONS LAC ANNECY\t\t\t\t\t<\/a>\n\t\t\t\t\t<\/div>\n\t\t\t\t\t\t\t<\/div>\n\t\t\t\t\t\t<\/div>\n\t\t\t\t\t\t<\/div>\n\t\t\t\t<\/div>\n\t\t\t\t<\/div>\n\t\t<div class=\"elementor-element elementor-element-6ae81fc2 e-con-full e-flex e-con e-child\" data-id=\"6ae81fc2\" data-element_type=\"container\" data-e-type=\"container\">\n\t\t\t\t<div class=\"elementor-element elementor-element-d5b7aa0 elementor-cta--skin-cover elementor-cta--valign-bottom elementor-animated-content elementor-bg-transform elementor-bg-transform-zoom-in elementor-widget elementor-widget-call-to-action\" data-id=\"d5b7aa0\" data-element_type=\"widget\" data-e-type=\"widget\" data-widget_type=\"call-to-action.default\">\n\t\t\t\t<div class=\"elementor-widget-container\">\n\t\t\t\t\t\t\t<div class=\"elementor-cta\">\n\t\t\t\t\t<div class=\"elementor-cta__bg-wrapper\">\n\t\t\t\t<div class=\"elementor-cta__bg elementor-bg\" style=\"background-image: url(https:\/\/www.locationlacannecy.fr\/blog\/wp-content\/uploads\/2024\/12\/appartements-vacances-lac-annecy.webp);\" role=\"img\" aria-label=\"appartements vacances lac annecy\"><\/div>\n\t\t\t\t<div class=\"elementor-cta__bg-overlay\"><\/div>\n\t\t\t<\/div>\n\t\t\t\t\t\t\t<div class=\"elementor-cta__content\">\n\t\t\t\t\n\t\t\t\t\n\t\t\t\t\n\t\t\t\t\t\t\t\t\t<div class=\"elementor-cta__button-wrapper elementor-cta__content-item elementor-content-item elementor-animated-item--grow\">\n\t\t\t\t\t<a class=\"elementor-cta__button elementor-button elementor-size-\" href=\"https:\/\/www.locationlacannecy.fr\/appartements-vacances-lac-annecy\/\">\n\t\t\t\t\t\tAPPARTEMENTS LAC ANNECY\t\t\t\t\t<\/a>\n\t\t\t\t\t<\/div>\n\t\t\t\t\t\t\t<\/div>\n\t\t\t\t\t\t<\/div>\n\t\t\t\t\t\t<\/div>\n\t\t\t\t<\/div>\n\t\t\t\t<\/div>\n\t\t<div class=\"elementor-element elementor-element-42fcb376 e-con-full e-flex e-con e-child\" data-id=\"42fcb376\" data-element_type=\"container\" data-e-type=\"container\">\n\t\t\t\t<div class=\"elementor-element elementor-element-4b19f703 elementor-cta--skin-cover elementor-cta--valign-bottom elementor-animated-content elementor-bg-transform elementor-bg-transform-zoom-in elementor-widget elementor-widget-call-to-action\" data-id=\"4b19f703\" data-element_type=\"widget\" data-e-type=\"widget\" data-widget_type=\"call-to-action.default\">\n\t\t\t\t<div class=\"elementor-widget-container\">\n\t\t\t\t\t\t\t<div class=\"elementor-cta\">\n\t\t\t\t\t<div class=\"elementor-cta__bg-wrapper\">\n\t\t\t\t<div class=\"elementor-cta__bg elementor-bg\" style=\"background-image: url(https:\/\/www.locationlacannecy.fr\/blog\/wp-content\/uploads\/2024\/12\/maisons-vacances-lac-annecy.webp);\" role=\"img\" aria-label=\"maisons-vacances-lac-annecy\"><\/div>\n\t\t\t\t<div class=\"elementor-cta__bg-overlay\"><\/div>\n\t\t\t<\/div>\n\t\t\t\t\t\t\t<div class=\"elementor-cta__content\">\n\t\t\t\t\n\t\t\t\t\n\t\t\t\t\n\t\t\t\t\t\t\t\t\t<div class=\"elementor-cta__button-wrapper elementor-cta__content-item elementor-content-item elementor-animated-item--grow\">\n\t\t\t\t\t<a class=\"elementor-cta__button elementor-button elementor-size-\" href=\"https:\/\/www.locationlacannecy.fr\/location\/maisons-lac-annecy-c19z1932\/\">\n\t\t\t\t\t\tMAISONS LAC ANNECY\t\t\t\t\t<\/a>\n\t\t\t\t\t<\/div>\n\t\t\t\t\t\t\t<\/div>\n\t\t\t\t\t\t<\/div>\n\t\t\t\t\t\t<\/div>\n\t\t\t\t<\/div>\n\t\t\t\t<\/div>\n\t\t\t\t\t<\/div>\n\t\t\t\t<\/div>\n\t\t\t\t<\/div>\n\t\t\t\t<\/div>\n\t\t\t\t\t\t<\/div>\n\t\t\t\t<\/div>\n\t\t\t\t\t<\/div>\n\t\t\t\t<\/div>\n\t\t<div class=\"elementor-element elementor-element-4364e75d e-flex e-con-boxed e-con e-parent\" data-id=\"4364e75d\" data-element_type=\"container\" data-e-type=\"container\">\n\t\t\t\t\t<div class=\"e-con-inner\">\n\t\t\t\t<div class=\"elementor-element elementor-element-4786d117 elementor-widget elementor-widget-spacer\" data-id=\"4786d117\" data-element_type=\"widget\" data-e-type=\"widget\" data-widget_type=\"spacer.default\">\n\t\t\t\t<div class=\"elementor-widget-container\">\n\t\t\t\t\t\t\t<div class=\"elementor-spacer\">\n\t\t\t<div class=\"elementor-spacer-inner\"><\/div>\n\t\t<\/div>\n\t\t\t\t\t\t<\/div>\n\t\t\t\t<\/div>\n\t\t\t\t\t<\/div>\n\t\t\t\t<\/div>\n\t\t<div class=\"elementor-element elementor-element-46763660 e-flex e-con-boxed e-con e-parent\" data-id=\"46763660\" data-element_type=\"container\" data-e-type=\"container\">\n\t\t\t\t\t<div class=\"e-con-inner\">\n\t\t\t\t<div class=\"elementor-element elementor-element-4d372631 elementor-shape-rounded elementor-grid-0 e-grid-align-center elementor-widget elementor-widget-social-icons\" data-id=\"4d372631\" data-element_type=\"widget\" data-e-type=\"widget\" data-widget_type=\"social-icons.default\">\n\t\t\t\t<div class=\"elementor-widget-container\">\n\t\t\t\t\t\t\t<div class=\"elementor-social-icons-wrapper elementor-grid\" role=\"list\">\n\t\t\t\t\t\t\t<span class=\"elementor-grid-item\" role=\"listitem\">\n\t\t\t\t\t<a class=\"elementor-icon elementor-social-icon elementor-social-icon-facebook elementor-repeater-item-d8d1a27\" href=\"https:\/\/www.facebook.com\/locationsaisonnieredeluxealpesetlacs\" target=\"_blank\">\n\t\t\t\t\t\t<span class=\"elementor-screen-only\">Facebook<\/span>\n\t\t\t\t\t\t<svg aria-hidden=\"true\" class=\"e-font-icon-svg e-fab-facebook\" viewBox=\"0 0 512 512\" xmlns=\"http:\/\/www.w3.org\/2000\/svg\"><path d=\"M504 256C504 119 393 8 256 8S8 119 8 256c0 123.78 90.69 226.38 209.25 245V327.69h-63V256h63v-54.64c0-62.15 37-96.48 93.67-96.48 27.14 0 55.52 4.84 55.52 4.84v61h-31.28c-30.8 0-40.41 19.12-40.41 38.73V256h68.78l-11 71.69h-57.78V501C413.31 482.38 504 379.78 504 256z\"><\/path><\/svg>\t\t\t\t\t<\/a>\n\t\t\t\t<\/span>\n\t\t\t\t\t\t\t<span class=\"elementor-grid-item\" role=\"listitem\">\n\t\t\t\t\t<a class=\"elementor-icon elementor-social-icon elementor-social-icon-instagram elementor-repeater-item-da4dbdd\" href=\"https:\/\/www.instagram.com\/locationsaisonnierealpes\/\" target=\"_blank\">\n\t\t\t\t\t\t<span class=\"elementor-screen-only\">Instagram<\/span>\n\t\t\t\t\t\t<svg aria-hidden=\"true\" class=\"e-font-icon-svg e-fab-instagram\" viewBox=\"0 0 448 512\" xmlns=\"http:\/\/www.w3.org\/2000\/svg\"><path d=\"M224.1 141c-63.6 0-114.9 51.3-114.9 114.9s51.3 114.9 114.9 114.9S339 319.5 339 255.9 287.7 141 224.1 141zm0 189.6c-41.1 0-74.7-33.5-74.7-74.7s33.5-74.7 74.7-74.7 74.7 33.5 74.7 74.7-33.6 74.7-74.7 74.7zm146.4-194.3c0 14.9-12 26.8-26.8 26.8-14.9 0-26.8-12-26.8-26.8s12-26.8 26.8-26.8 26.8 12 26.8 26.8zm76.1 27.2c-1.7-35.9-9.9-67.7-36.2-93.9-26.2-26.2-58-34.4-93.9-36.2-37-2.1-147.9-2.1-184.9 0-35.8 1.7-67.6 9.9-93.9 36.1s-34.4 58-36.2 93.9c-2.1 37-2.1 147.9 0 184.9 1.7 35.9 9.9 67.7 36.2 93.9s58 34.4 93.9 36.2c37 2.1 147.9 2.1 184.9 0 35.9-1.7 67.7-9.9 93.9-36.2 26.2-26.2 34.4-58 36.2-93.9 2.1-37 2.1-147.8 0-184.8zM398.8 388c-7.8 19.6-22.9 34.7-42.6 42.6-29.5 11.7-99.5 9-132.1 9s-102.7 2.6-132.1-9c-19.6-7.8-34.7-22.9-42.6-42.6-11.7-29.5-9-99.5-9-132.1s-2.6-102.7 9-132.1c7.8-19.6 22.9-34.7 42.6-42.6 29.5-11.7 99.5-9 132.1-9s102.7-2.6 132.1 9c19.6 7.8 34.7 22.9 42.6 42.6 11.7 29.5 9 99.5 9 132.1s2.7 102.7-9 132.1z\"><\/path><\/svg>\t\t\t\t\t<\/a>\n\t\t\t\t<\/span>\n\t\t\t\t\t\t\t<span class=\"elementor-grid-item\" role=\"listitem\">\n\t\t\t\t\t<a class=\"elementor-icon elementor-social-icon elementor-social-icon-youtube elementor-repeater-item-5c9b14b\" href=\"https:\/\/www.youtube.com\/@locationlacannecy-location7330\" target=\"_blank\">\n\t\t\t\t\t\t<span class=\"elementor-screen-only\">Youtube<\/span>\n\t\t\t\t\t\t<svg aria-hidden=\"true\" class=\"e-font-icon-svg e-fab-youtube\" viewBox=\"0 0 576 512\" xmlns=\"http:\/\/www.w3.org\/2000\/svg\"><path d=\"M549.655 124.083c-6.281-23.65-24.787-42.276-48.284-48.597C458.781 64 288 64 288 64S117.22 64 74.629 75.486c-23.497 6.322-42.003 24.947-48.284 48.597-11.412 42.867-11.412 132.305-11.412 132.305s0 89.438 11.412 132.305c6.281 23.65 24.787 41.5 48.284 47.821C117.22 448 288 448 288 448s170.78 0 213.371-11.486c23.497-6.321 42.003-24.171 48.284-47.821 11.412-42.867 11.412-132.305 11.412-132.305s0-89.438-11.412-132.305zm-317.51 213.508V175.185l142.739 81.205-142.739 81.201z\"><\/path><\/svg>\t\t\t\t\t<\/a>\n\t\t\t\t<\/span>\n\t\t\t\t\t<\/div>\n\t\t\t\t\t\t<\/div>\n\t\t\t\t<\/div>\n\t\t\t\t\t<\/div>\n\t\t\t\t<\/div>\n\t\t\t\t<\/div>\n\t\t","protected":false},"excerpt":{"rendered":"<p>Alors que vous arpentez les diff\u00e9rents sites proposant une destination id\u00e9ale alliant lac et montagnes, vous avez s\u00fbrement d\u00fb voir passer le nom d\u2019Annecy ainsi que celui de son lac\u00a0! Surnomm\u00e9e la\u00a0\u00ab Venise des Alpes \u00bb, la ville s\u00e9duit par son charme authentique, ses canaux et ses paysages naturels. Entre\u00a0s\u00e9jour au bord du lac d\u2019Annecy, [&hellip;]<\/p>\n","protected":false},"author":6,"featured_media":6668,"comment_status":"closed","ping_status":"open","sticky":false,"template":"","format":"standard","meta":{"footnotes":""},"categories":[15],"tags":[],"class_list":["post-6550","post","type-post","status-publish","format-standard","has-post-thumbnail","hentry","category-lac-annecy"],"yoast_head":"<!-- This site is optimized with the Yoast SEO plugin v27.4 - https:\/\/yoast.com\/product\/yoast-seo-wordpress\/ -->\n<title>Les plus beaux endroits autour du Lac d&#039;Annecy : \u00e0 visiter<\/title>\n<meta name=\"description\" content=\"D\u00e9couvrez les plus beaux endroits \u00e0 visiter autour du lac d&#039;Annecy. Organisez votre escapade id\u00e9ale et profitez d&#039;activit\u00e9s inoubliables\u00a0!\" \/>\n<meta name=\"robots\" content=\"index, follow, max-snippet:-1, max-image-preview:large, max-video-preview:-1\" \/>\n<link rel=\"canonical\" href=\"https:\/\/www.locationlacannecy.fr\/blog\/les-plus-beaux-endroits-autour-lac-annecy\/\" \/>\n<meta property=\"og:locale\" content=\"fr_FR\" \/>\n<meta property=\"og:type\" content=\"article\" \/>\n<meta property=\"og:title\" content=\"Les plus beaux endroits autour du Lac d&#039;Annecy : \u00e0 visiter\" \/>\n<meta property=\"og:description\" content=\"D\u00e9couvrez les plus beaux endroits \u00e0 visiter autour du lac d&#039;Annecy. Organisez votre escapade id\u00e9ale et profitez d&#039;activit\u00e9s inoubliables\u00a0!\" \/>\n<meta property=\"og:url\" content=\"https:\/\/www.locationlacannecy.fr\/blog\/les-plus-beaux-endroits-autour-lac-annecy\/\" \/>\n<meta property=\"og:site_name\" content=\"Tourisme au Lac d&#039;Annecy et dans les Alpes du Nord\" \/>\n<meta property=\"article:publisher\" content=\"https:\/\/www.facebook.com\/locationlacannecy\" \/>\n<meta property=\"article:published_time\" content=\"2025-12-05T09:20:33+00:00\" \/>\n<meta property=\"article:modified_time\" content=\"2026-01-29T08:11:53+00:00\" \/>\n<meta property=\"og:image\" content=\"https:\/\/www.locationlacannecy.fr\/blog\/wp-content\/uploads\/2025\/12\/visit-alentours-annecy.jpg\" \/>\n\t<meta property=\"og:image:width\" content=\"2119\" \/>\n\t<meta property=\"og:image:height\" content=\"706\" \/>\n\t<meta property=\"og:image:type\" content=\"image\/jpeg\" \/>\n<meta name=\"author\" content=\"Thibaut\" \/>\n<meta name=\"twitter:card\" content=\"summary_large_image\" \/>\n<meta name=\"twitter:label1\" content=\"Written by\" \/>\n\t<meta name=\"twitter:data1\" content=\"Thibaut\" \/>\n\t<meta name=\"twitter:label2\" content=\"Est. reading time\" \/>\n\t<meta name=\"twitter:data2\" content=\"7 minutes\" \/>\n<script type=\"application\/ld+json\" class=\"yoast-schema-graph\">{\"@context\":\"https:\\\/\\\/schema.org\",\"@graph\":[{\"@type\":\"Article\",\"@id\":\"https:\\\/\\\/www.locationlacannecy.fr\\\/blog\\\/les-plus-beaux-endroits-autour-lac-annecy\\\/#article\",\"isPartOf\":{\"@id\":\"https:\\\/\\\/www.locationlacannecy.fr\\\/blog\\\/les-plus-beaux-endroits-autour-lac-annecy\\\/\"},\"author\":{\"name\":\"Thibaut\",\"@id\":\"https:\\\/\\\/www.locationlacannecy.fr\\\/blog\\\/#\\\/schema\\\/person\\\/8def4a0d3f1a4265698eb6f51243a746\"},\"headline\":\"Les plus beaux endroits autour du Lac d&#8217;Annecy : entre lac et montagnes\",\"datePublished\":\"2025-12-05T09:20:33+00:00\",\"dateModified\":\"2026-01-29T08:11:53+00:00\",\"mainEntityOfPage\":{\"@id\":\"https:\\\/\\\/www.locationlacannecy.fr\\\/blog\\\/les-plus-beaux-endroits-autour-lac-annecy\\\/\"},\"wordCount\":1301,\"publisher\":{\"@id\":\"https:\\\/\\\/www.locationlacannecy.fr\\\/blog\\\/#organization\"},\"image\":{\"@id\":\"https:\\\/\\\/www.locationlacannecy.fr\\\/blog\\\/les-plus-beaux-endroits-autour-lac-annecy\\\/#primaryimage\"},\"thumbnailUrl\":\"https:\\\/\\\/www.locationlacannecy.fr\\\/blog\\\/wp-content\\\/uploads\\\/2025\\\/12\\\/visit-alentours-annecy.jpg\",\"articleSection\":[\"Lac d'Annecy\"],\"inLanguage\":\"fr\"},{\"@type\":\"WebPage\",\"@id\":\"https:\\\/\\\/www.locationlacannecy.fr\\\/blog\\\/les-plus-beaux-endroits-autour-lac-annecy\\\/\",\"url\":\"https:\\\/\\\/www.locationlacannecy.fr\\\/blog\\\/les-plus-beaux-endroits-autour-lac-annecy\\\/\",\"name\":\"Les plus beaux endroits autour du Lac d'Annecy : \u00e0 visiter\",\"isPartOf\":{\"@id\":\"https:\\\/\\\/www.locationlacannecy.fr\\\/blog\\\/#website\"},\"primaryImageOfPage\":{\"@id\":\"https:\\\/\\\/www.locationlacannecy.fr\\\/blog\\\/les-plus-beaux-endroits-autour-lac-annecy\\\/#primaryimage\"},\"image\":{\"@id\":\"https:\\\/\\\/www.locationlacannecy.fr\\\/blog\\\/les-plus-beaux-endroits-autour-lac-annecy\\\/#primaryimage\"},\"thumbnailUrl\":\"https:\\\/\\\/www.locationlacannecy.fr\\\/blog\\\/wp-content\\\/uploads\\\/2025\\\/12\\\/visit-alentours-annecy.jpg\",\"datePublished\":\"2025-12-05T09:20:33+00:00\",\"dateModified\":\"2026-01-29T08:11:53+00:00\",\"description\":\"D\u00e9couvrez les plus beaux endroits \u00e0 visiter autour du lac d'Annecy. Organisez votre escapade id\u00e9ale et profitez d'activit\u00e9s inoubliables\u00a0!\",\"breadcrumb\":{\"@id\":\"https:\\\/\\\/www.locationlacannecy.fr\\\/blog\\\/les-plus-beaux-endroits-autour-lac-annecy\\\/#breadcrumb\"},\"inLanguage\":\"fr\",\"potentialAction\":[{\"@type\":\"ReadAction\",\"target\":[\"https:\\\/\\\/www.locationlacannecy.fr\\\/blog\\\/les-plus-beaux-endroits-autour-lac-annecy\\\/\"]}]},{\"@type\":\"ImageObject\",\"inLanguage\":\"fr\",\"@id\":\"https:\\\/\\\/www.locationlacannecy.fr\\\/blog\\\/les-plus-beaux-endroits-autour-lac-annecy\\\/#primaryimage\",\"url\":\"https:\\\/\\\/www.locationlacannecy.fr\\\/blog\\\/wp-content\\\/uploads\\\/2025\\\/12\\\/visit-alentours-annecy.jpg\",\"contentUrl\":\"https:\\\/\\\/www.locationlacannecy.fr\\\/blog\\\/wp-content\\\/uploads\\\/2025\\\/12\\\/visit-alentours-annecy.jpg\",\"width\":2119,\"height\":706,\"caption\":\"Annecy is the prefecture and largest city of the Haute-Savoie department in the Auvergne-Rh\u00f4ne-Alpes region of Southeastern France. It lies on the northern tip of Lake Annecy. Sometimes called \\\"Venice of the Alps\\\", this idyllic and touristic representation comes from the three canals and the Thiou river, which passes through the old city.\"},{\"@type\":\"BreadcrumbList\",\"@id\":\"https:\\\/\\\/www.locationlacannecy.fr\\\/blog\\\/les-plus-beaux-endroits-autour-lac-annecy\\\/#breadcrumb\",\"itemListElement\":[{\"@type\":\"ListItem\",\"position\":1,\"name\":\"Home\",\"item\":\"https:\\\/\\\/www.locationlacannecy.fr\\\/blog\\\/\"},{\"@type\":\"ListItem\",\"position\":2,\"name\":\"Les plus beaux endroits autour du Lac d&#8217;Annecy : entre lac et montagnes\"}]},{\"@type\":\"WebSite\",\"@id\":\"https:\\\/\\\/www.locationlacannecy.fr\\\/blog\\\/#website\",\"url\":\"https:\\\/\\\/www.locationlacannecy.fr\\\/blog\\\/\",\"name\":\"https:\\\/\\\/www.locationlacannecy.fr\\\/blog\\\/\",\"description\":\"by LLA Selections \\\/\\\/ Location Lac Annecy\",\"publisher\":{\"@id\":\"https:\\\/\\\/www.locationlacannecy.fr\\\/blog\\\/#organization\"},\"alternateName\":\"https:\\\/\\\/www.locationlacannecy.fr\",\"potentialAction\":[{\"@type\":\"SearchAction\",\"target\":{\"@type\":\"EntryPoint\",\"urlTemplate\":\"https:\\\/\\\/www.locationlacannecy.fr\\\/blog\\\/?s={search_term_string}\"},\"query-input\":{\"@type\":\"PropertyValueSpecification\",\"valueRequired\":true,\"valueName\":\"search_term_string\"}}],\"inLanguage\":\"fr\"},{\"@type\":\"Organization\",\"@id\":\"https:\\\/\\\/www.locationlacannecy.fr\\\/blog\\\/#organization\",\"name\":\"Blog de Location lac Annecy\",\"url\":\"https:\\\/\\\/www.locationlacannecy.fr\\\/blog\\\/\",\"logo\":{\"@type\":\"ImageObject\",\"inLanguage\":\"fr\",\"@id\":\"https:\\\/\\\/www.locationlacannecy.fr\\\/blog\\\/#\\\/schema\\\/logo\\\/image\\\/\",\"url\":\"https:\\\/\\\/www.locationlacannecy.fr\\\/blog\\\/wp-content\\\/uploads\\\/2023\\\/01\\\/LLA-Selections-Publication-Facebook.png\",\"contentUrl\":\"https:\\\/\\\/www.locationlacannecy.fr\\\/blog\\\/wp-content\\\/uploads\\\/2023\\\/01\\\/LLA-Selections-Publication-Facebook.png\",\"width\":940,\"height\":788,\"caption\":\"Blog de Location lac Annecy\"},\"image\":{\"@id\":\"https:\\\/\\\/www.locationlacannecy.fr\\\/blog\\\/#\\\/schema\\\/logo\\\/image\\\/\"},\"sameAs\":[\"https:\\\/\\\/www.facebook.com\\\/locationlacannecy\",\"https:\\\/\\\/www.instagram.com\\\/locationsaisonnierealpes\\\/\",\"https:\\\/\\\/www.linkedin.com\\\/company\\\/location-lac-annecy-lla\\\/\"]},{\"@type\":\"Person\",\"@id\":\"https:\\\/\\\/www.locationlacannecy.fr\\\/blog\\\/#\\\/schema\\\/person\\\/8def4a0d3f1a4265698eb6f51243a746\",\"name\":\"Thibaut\",\"image\":{\"@type\":\"ImageObject\",\"inLanguage\":\"fr\",\"@id\":\"https:\\\/\\\/secure.gravatar.com\\\/avatar\\\/1657d3e03cb74dfd00a369778744d0f6773802ba2d5232a1fad7d484cfa7dcbe?s=96&d=mm&r=g\",\"url\":\"https:\\\/\\\/secure.gravatar.com\\\/avatar\\\/1657d3e03cb74dfd00a369778744d0f6773802ba2d5232a1fad7d484cfa7dcbe?s=96&d=mm&r=g\",\"contentUrl\":\"https:\\\/\\\/secure.gravatar.com\\\/avatar\\\/1657d3e03cb74dfd00a369778744d0f6773802ba2d5232a1fad7d484cfa7dcbe?s=96&d=mm&r=g\",\"caption\":\"Thibaut\"},\"url\":\"https:\\\/\\\/www.locationlacannecy.fr\\\/blog\\\/author\\\/thibaut\\\/\"}]}<\/script>\n<!-- \/ Yoast SEO plugin. -->","yoast_head_json":{"title":"Les plus beaux endroits autour du Lac d'Annecy : \u00e0 visiter","description":"D\u00e9couvrez les plus beaux endroits \u00e0 visiter autour du lac d'Annecy. Organisez votre escapade id\u00e9ale et profitez d'activit\u00e9s inoubliables\u00a0!","robots":{"index":"index","follow":"follow","max-snippet":"max-snippet:-1","max-image-preview":"max-image-preview:large","max-video-preview":"max-video-preview:-1"},"canonical":"https:\/\/www.locationlacannecy.fr\/blog\/les-plus-beaux-endroits-autour-lac-annecy\/","og_locale":"fr_FR","og_type":"article","og_title":"Les plus beaux endroits autour du Lac d'Annecy : \u00e0 visiter","og_description":"D\u00e9couvrez les plus beaux endroits \u00e0 visiter autour du lac d'Annecy. Organisez votre escapade id\u00e9ale et profitez d'activit\u00e9s inoubliables\u00a0!","og_url":"https:\/\/www.locationlacannecy.fr\/blog\/les-plus-beaux-endroits-autour-lac-annecy\/","og_site_name":"Tourisme au Lac d&#039;Annecy et dans les Alpes du Nord","article_publisher":"https:\/\/www.facebook.com\/locationlacannecy","article_published_time":"2025-12-05T09:20:33+00:00","article_modified_time":"2026-01-29T08:11:53+00:00","og_image":[{"width":2119,"height":706,"url":"https:\/\/www.locationlacannecy.fr\/blog\/wp-content\/uploads\/2025\/12\/visit-alentours-annecy.jpg","type":"image\/jpeg"}],"author":"Thibaut","twitter_card":"summary_large_image","twitter_misc":{"Written by":"Thibaut","Est. reading time":"7 minutes"},"schema":{"@context":"https:\/\/schema.org","@graph":[{"@type":"Article","@id":"https:\/\/www.locationlacannecy.fr\/blog\/les-plus-beaux-endroits-autour-lac-annecy\/#article","isPartOf":{"@id":"https:\/\/www.locationlacannecy.fr\/blog\/les-plus-beaux-endroits-autour-lac-annecy\/"},"author":{"name":"Thibaut","@id":"https:\/\/www.locationlacannecy.fr\/blog\/#\/schema\/person\/8def4a0d3f1a4265698eb6f51243a746"},"headline":"Les plus beaux endroits autour du Lac d&#8217;Annecy : entre lac et montagnes","datePublished":"2025-12-05T09:20:33+00:00","dateModified":"2026-01-29T08:11:53+00:00","mainEntityOfPage":{"@id":"https:\/\/www.locationlacannecy.fr\/blog\/les-plus-beaux-endroits-autour-lac-annecy\/"},"wordCount":1301,"publisher":{"@id":"https:\/\/www.locationlacannecy.fr\/blog\/#organization"},"image":{"@id":"https:\/\/www.locationlacannecy.fr\/blog\/les-plus-beaux-endroits-autour-lac-annecy\/#primaryimage"},"thumbnailUrl":"https:\/\/www.locationlacannecy.fr\/blog\/wp-content\/uploads\/2025\/12\/visit-alentours-annecy.jpg","articleSection":["Lac d'Annecy"],"inLanguage":"fr"},{"@type":"WebPage","@id":"https:\/\/www.locationlacannecy.fr\/blog\/les-plus-beaux-endroits-autour-lac-annecy\/","url":"https:\/\/www.locationlacannecy.fr\/blog\/les-plus-beaux-endroits-autour-lac-annecy\/","name":"Les plus beaux endroits autour du Lac d'Annecy : \u00e0 visiter","isPartOf":{"@id":"https:\/\/www.locationlacannecy.fr\/blog\/#website"},"primaryImageOfPage":{"@id":"https:\/\/www.locationlacannecy.fr\/blog\/les-plus-beaux-endroits-autour-lac-annecy\/#primaryimage"},"image":{"@id":"https:\/\/www.locationlacannecy.fr\/blog\/les-plus-beaux-endroits-autour-lac-annecy\/#primaryimage"},"thumbnailUrl":"https:\/\/www.locationlacannecy.fr\/blog\/wp-content\/uploads\/2025\/12\/visit-alentours-annecy.jpg","datePublished":"2025-12-05T09:20:33+00:00","dateModified":"2026-01-29T08:11:53+00:00","description":"D\u00e9couvrez les plus beaux endroits \u00e0 visiter autour du lac d'Annecy. Organisez votre escapade id\u00e9ale et profitez d'activit\u00e9s inoubliables\u00a0!","breadcrumb":{"@id":"https:\/\/www.locationlacannecy.fr\/blog\/les-plus-beaux-endroits-autour-lac-annecy\/#breadcrumb"},"inLanguage":"fr","potentialAction":[{"@type":"ReadAction","target":["https:\/\/www.locationlacannecy.fr\/blog\/les-plus-beaux-endroits-autour-lac-annecy\/"]}]},{"@type":"ImageObject","inLanguage":"fr","@id":"https:\/\/www.locationlacannecy.fr\/blog\/les-plus-beaux-endroits-autour-lac-annecy\/#primaryimage","url":"https:\/\/www.locationlacannecy.fr\/blog\/wp-content\/uploads\/2025\/12\/visit-alentours-annecy.jpg","contentUrl":"https:\/\/www.locationlacannecy.fr\/blog\/wp-content\/uploads\/2025\/12\/visit-alentours-annecy.jpg","width":2119,"height":706,"caption":"Annecy is the prefecture and largest city of the Haute-Savoie department in the Auvergne-Rh\u00f4ne-Alpes region of Southeastern France. It lies on the northern tip of Lake Annecy. Sometimes called \"Venice of the Alps\", this idyllic and touristic representation comes from the three canals and the Thiou river, which passes through the old city."},{"@type":"BreadcrumbList","@id":"https:\/\/www.locationlacannecy.fr\/blog\/les-plus-beaux-endroits-autour-lac-annecy\/#breadcrumb","itemListElement":[{"@type":"ListItem","position":1,"name":"Home","item":"https:\/\/www.locationlacannecy.fr\/blog\/"},{"@type":"ListItem","position":2,"name":"Les plus beaux endroits autour du Lac d&#8217;Annecy : entre lac et montagnes"}]},{"@type":"WebSite","@id":"https:\/\/www.locationlacannecy.fr\/blog\/#website","url":"https:\/\/www.locationlacannecy.fr\/blog\/","name":"https:\/\/www.locationlacannecy.fr\/blog\/","description":"by LLA Selections \/\/ Location Lac Annecy","publisher":{"@id":"https:\/\/www.locationlacannecy.fr\/blog\/#organization"},"alternateName":"https:\/\/www.locationlacannecy.fr","potentialAction":[{"@type":"SearchAction","target":{"@type":"EntryPoint","urlTemplate":"https:\/\/www.locationlacannecy.fr\/blog\/?s={search_term_string}"},"query-input":{"@type":"PropertyValueSpecification","valueRequired":true,"valueName":"search_term_string"}}],"inLanguage":"fr"},{"@type":"Organization","@id":"https:\/\/www.locationlacannecy.fr\/blog\/#organization","name":"Blog de Location lac Annecy","url":"https:\/\/www.locationlacannecy.fr\/blog\/","logo":{"@type":"ImageObject","inLanguage":"fr","@id":"https:\/\/www.locationlacannecy.fr\/blog\/#\/schema\/logo\/image\/","url":"https:\/\/www.locationlacannecy.fr\/blog\/wp-content\/uploads\/2023\/01\/LLA-Selections-Publication-Facebook.png","contentUrl":"https:\/\/www.locationlacannecy.fr\/blog\/wp-content\/uploads\/2023\/01\/LLA-Selections-Publication-Facebook.png","width":940,"height":788,"caption":"Blog de Location lac Annecy"},"image":{"@id":"https:\/\/www.locationlacannecy.fr\/blog\/#\/schema\/logo\/image\/"},"sameAs":["https:\/\/www.facebook.com\/locationlacannecy","https:\/\/www.instagram.com\/locationsaisonnierealpes\/","https:\/\/www.linkedin.com\/company\/location-lac-annecy-lla\/"]},{"@type":"Person","@id":"https:\/\/www.locationlacannecy.fr\/blog\/#\/schema\/person\/8def4a0d3f1a4265698eb6f51243a746","name":"Thibaut","image":{"@type":"ImageObject","inLanguage":"fr","@id":"https:\/\/secure.gravatar.com\/avatar\/1657d3e03cb74dfd00a369778744d0f6773802ba2d5232a1fad7d484cfa7dcbe?s=96&d=mm&r=g","url":"https:\/\/secure.gravatar.com\/avatar\/1657d3e03cb74dfd00a369778744d0f6773802ba2d5232a1fad7d484cfa7dcbe?s=96&d=mm&r=g","contentUrl":"https:\/\/secure.gravatar.com\/avatar\/1657d3e03cb74dfd00a369778744d0f6773802ba2d5232a1fad7d484cfa7dcbe?s=96&d=mm&r=g","caption":"Thibaut"},"url":"https:\/\/www.locationlacannecy.fr\/blog\/author\/thibaut\/"}]}},"_links":{"self":[{"href":"https:\/\/www.locationlacannecy.fr\/blog\/wp-json\/wp\/v2\/posts\/6550","targetHints":{"allow":["GET"]}}],"collection":[{"href":"https:\/\/www.locationlacannecy.fr\/blog\/wp-json\/wp\/v2\/posts"}],"about":[{"href":"https:\/\/www.locationlacannecy.fr\/blog\/wp-json\/wp\/v2\/types\/post"}],"author":[{"embeddable":true,"href":"https:\/\/www.locationlacannecy.fr\/blog\/wp-json\/wp\/v2\/users\/6"}],"replies":[{"embeddable":true,"href":"https:\/\/www.locationlacannecy.fr\/blog\/wp-json\/wp\/v2\/comments?post=6550"}],"version-history":[{"count":16,"href":"https:\/\/www.locationlacannecy.fr\/blog\/wp-json\/wp\/v2\/posts\/6550\/revisions"}],"predecessor-version":[{"id":7436,"href":"https:\/\/www.locationlacannecy.fr\/blog\/wp-json\/wp\/v2\/posts\/6550\/revisions\/7436"}],"wp:featuredmedia":[{"embeddable":true,"href":"https:\/\/www.locationlacannecy.fr\/blog\/wp-json\/wp\/v2\/media\/6668"}],"wp:attachment":[{"href":"https:\/\/www.locationlacannecy.fr\/blog\/wp-json\/wp\/v2\/media?parent=6550"}],"wp:term":[{"taxonomy":"category","embeddable":true,"href":"https:\/\/www.locationlacannecy.fr\/blog\/wp-json\/wp\/v2\/categories?post=6550"},{"taxonomy":"post_tag","embeddable":true,"href":"https:\/\/www.locationlacannecy.fr\/blog\/wp-json\/wp\/v2\/tags?post=6550"}],"curies":[{"name":"wp","href":"https:\/\/api.w.org\/{rel}","templated":true}]}}