{"id":8721,"date":"2026-04-27T05:58:11","date_gmt":"2026-04-27T05:58:11","guid":{"rendered":"https:\/\/www.locationlacannecy.fr\/blog\/?p=8721"},"modified":"2026-04-27T05:58:19","modified_gmt":"2026-04-27T05:58:19","slug":"annecy-en-3-jours","status":"publish","type":"post","link":"https:\/\/www.locationlacannecy.fr\/blog\/annecy-en-3-jours\/","title":{"rendered":"Que faire \u00e0 Annecy en 3 jours\u00a0? Un itin\u00e9raire complet et des conseils pour un s\u00e9jour d\u2019anthologie"},"content":{"rendered":"\t\t<div data-elementor-type=\"wp-post\" data-elementor-id=\"8721\" class=\"elementor elementor-8721\" data-elementor-post-type=\"post\">\n\t\t\t\t<div class=\"elementor-element elementor-element-447de22b e-flex e-con-boxed e-con e-parent\" data-id=\"447de22b\" data-element_type=\"container\" data-e-type=\"container\">\n\t\t\t\t\t<div class=\"e-con-inner\">\n\t\t\t\t<div class=\"elementor-element elementor-element-73cc27e4 elementor-widget elementor-widget-text-editor\" data-id=\"73cc27e4\" data-element_type=\"widget\" data-e-type=\"widget\" data-widget_type=\"text-editor.default\">\n\t\t\t\t<div class=\"elementor-widget-container\">\n\t\t\t\t\t\t\t\t\t<p>Alors que vous \u00eates \u00e0 la recherche d\u2019un court s\u00e9jour de 3 jours \u00e0 passer en famille, seul ou entre amis, Annecy appara\u00eet comme id\u00e9ale\u00a0; nich\u00e9e entre lac et montagnes, la <strong>Venise des Alpes<\/strong> s\u00e9duit par ses canaux, ses ruelles pav\u00e9es et son environnement naturel exceptionnel. Si vous vous demandez que faire \u00e0 <strong>Annecy en 3 jours<\/strong>, sachez qu\u2019il est tout \u00e0 fait possible de combiner \u00e0 la fois d\u00e9couverte culturelle, activit\u00e9s sportives et moments de d\u00e9tente.<\/p><p>En trois jours, vous aurez le temps d\u2019explorer la vieille ville, de profiter du lac, d\u2019aller faire des promenades, et bien plus encore. Par le biais de notre article, d\u00e9couvrez avec nous ce que vous r\u00e9serve Annecy, ses environs et son patrimoine unique pour un <strong>s\u00e9jour de trois jours sur mesure<\/strong>\u00a0!<\/p>\t\t\t\t\t\t\t\t<\/div>\n\t\t\t\t<\/div>\n\t\t\t\t\t<\/div>\n\t\t\t\t<\/div>\n\t\t<div class=\"elementor-element elementor-element-67695d1e e-flex e-con-boxed e-con e-parent\" data-id=\"67695d1e\" data-element_type=\"container\" data-e-type=\"container\">\n\t\t\t\t\t<div class=\"e-con-inner\">\n\t\t\t\t<div class=\"elementor-element elementor-element-60595344 elementor-widget elementor-widget-table-of-contents\" data-id=\"60595344\" data-element_type=\"widget\" data-e-type=\"widget\" data-settings=\"{&quot;headings_by_tags&quot;:[&quot;h2&quot;],&quot;exclude_headings_by_selector&quot;:[],&quot;marker_view&quot;:&quot;bullets&quot;,&quot;icon&quot;:{&quot;value&quot;:&quot;far fa-circle&quot;,&quot;library&quot;:&quot;fa-regular&quot;,&quot;rendered_tag&quot;:&quot;&lt;svg class=\\&quot;e-font-icon-svg e-far-circle\\&quot; viewBox=\\&quot;0 0 512 512\\&quot; xmlns=\\&quot;http:\\\/\\\/www.w3.org\\\/2000\\\/svg\\&quot;&gt;&lt;path d=\\&quot;M256 8C119 8 8 119 8 256s111 248 248 248 248-111 248-248S393 8 256 8zm0 448c-110.5 0-200-89.5-200-200S145.5 56 256 56s200 89.5 200 200-89.5 200-200 200z\\&quot;&gt;&lt;\\\/path&gt;&lt;\\\/svg&gt;&quot;},&quot;no_headings_message&quot;:&quot;Aucun titre n\\u2019a \\u00e9t\\u00e9 trouv\\u00e9 sur cette page.&quot;,&quot;hierarchical_view&quot;:&quot;yes&quot;,&quot;min_height&quot;:{&quot;unit&quot;:&quot;px&quot;,&quot;size&quot;:&quot;&quot;,&quot;sizes&quot;:[]},&quot;min_height_tablet&quot;:{&quot;unit&quot;:&quot;px&quot;,&quot;size&quot;:&quot;&quot;,&quot;sizes&quot;:[]},&quot;min_height_mobile&quot;:{&quot;unit&quot;:&quot;px&quot;,&quot;size&quot;:&quot;&quot;,&quot;sizes&quot;:[]}}\" data-widget_type=\"table-of-contents.default\">\n\t\t\t\t<div class=\"elementor-widget-container\">\n\t\t\t\t\t\t\t\t\t<div class=\"elementor-toc__header\">\n\t\t\t\t\t\t<div class=\"elementor-toc__header-title\">\n\t\t\t\tSOMMAIRE\t\t\t<\/div>\n\t\t\t\t\t\t\t\t<\/div>\n\t\t\t\t<div id=\"elementor-toc__60595344\" class=\"elementor-toc__body\">\n\t\t\t<div class=\"elementor-toc__spinner-container\">\n\t\t\t\t<svg class=\"elementor-toc__spinner eicon-animation-spin e-font-icon-svg e-eicon-loading\" aria-hidden=\"true\" viewBox=\"0 0 1000 1000\" xmlns=\"http:\/\/www.w3.org\/2000\/svg\"><path d=\"M500 975V858C696 858 858 696 858 500S696 142 500 142 142 304 142 500H25C25 237 238 25 500 25S975 237 975 500 763 975 500 975Z\"><\/path><\/svg>\t\t\t<\/div>\n\t\t<\/div>\n\t\t\t\t\t\t<\/div>\n\t\t\t\t<\/div>\n\t\t\t\t\t<\/div>\n\t\t\t\t<\/div>\n\t\t<div class=\"elementor-element elementor-element-66669670 e-flex e-con-boxed e-con e-parent\" data-id=\"66669670\" data-element_type=\"container\" data-e-type=\"container\">\n\t\t\t\t\t<div class=\"e-con-inner\">\n\t\t\t\t<div class=\"elementor-element elementor-element-5b663398 elementor-widget elementor-widget-heading\" data-id=\"5b663398\" data-element_type=\"widget\" data-e-type=\"widget\" data-widget_type=\"heading.default\">\n\t\t\t\t<div class=\"elementor-widget-container\">\n\t\t\t\t\t<h2 class=\"elementor-heading-title elementor-size-default\">Itin\u00e9raire Jour 1 : d\u00e9couvrez la vieille ville et le lac d\u2019Annecy<\/h2>\t\t\t\t<\/div>\n\t\t\t\t<\/div>\n\t\t\t\t<div class=\"elementor-element elementor-element-13b40cea elementor-widget elementor-widget-text-editor\" data-id=\"13b40cea\" data-element_type=\"widget\" data-e-type=\"widget\" data-widget_type=\"text-editor.default\">\n\t\t\t\t<div class=\"elementor-widget-container\">\n\t\t\t\t\t\t\t\t\t<p>Lors de votre premi\u00e8re journ\u00e9e \u00e0 Annecy, afin de vous acclimater \u00e0 la ville, nous vous conseillons de <strong>partir \u00e0 la d\u00e9couverte du c\u0153ur historique de la ville<\/strong>. En outre, mettez de bonnes chaussures et partez fl\u00e2ner dans les ruelles de <strong>la vieille ville<\/strong>, avec ses maisons color\u00e9es, ses boutiques artisanales et ses petites place anim\u00e9e o\u00f9 vous aurez tr\u00e8s certainement envie de vous arr\u00eater pour boire un coup entre amis. Lors de votre promenade, ne manquez pas de visiter le c\u00e9l\u00e8bre Palais de l\u2019Isle, un ancien palais m\u00e9di\u00e9val situ\u00e9 au milieu du canal du Thiou dont la forme triangulaire rappelle la proue d\u2019un navire.<\/p><p>Poursuivez votre visite de la ville avec le <strong>Ch\u00e2teau d\u2019Annecy<\/strong>\u00a0: ancienne r\u00e9sidence des comtes de Gen\u00e8ve et des ducs de Savoie, cette forteresse m\u00e9di\u00e9vale abrite aujourd\u2019hui <strong>le Mus\u00e9e de France<\/strong>, constitu\u00e9e de collections li\u00e9es au patrimoine historique, artistique culturel et local. Par ailleurs, le ch\u00e2teau est id\u00e9alement situ\u00e9, car \u00e9tant situ\u00e9e sur un rocher, il permet une vue panoramique sur Annecy et ses environs.<\/p><p>S\u2019il fait beau l\u2019apr\u00e8s-midi, nous vous conseillons de vous promener du c\u00f4t\u00e9 du <a href=\"https:\/\/www.locationlacannecy.fr\/blog\/pont-des-amours-annecy\/\"><strong>Pont des Amours<\/strong><\/a>, une passerelle mythique de la ville qui offre une vue magnifique sur les montagnes et les eaux cristallines du lac. De plus, vous pouvez l\u2019emprunter pour vous rendre aux <strong>Jardins de l\u2019Europe<\/strong>, un petit bout de nature de trois hectares tr\u00e8s sympathique o\u00f9 vous pouvez vous poser et profiter d\u2019un pique-nique, seul ou \u00e0 plusieurs. Enfin, nous vous conseillons de terminer votre journ\u00e9e en terrasse, face au lac, pour profiter des lumi\u00e8res de fin de journ\u00e9e.<\/p>\t\t\t\t\t\t\t\t<\/div>\n\t\t\t\t<\/div>\n\t\t\t\t<div class=\"elementor-element elementor-element-2aff368 elementor-widget elementor-widget-image\" data-id=\"2aff368\" data-element_type=\"widget\" data-e-type=\"widget\" data-widget_type=\"image.default\">\n\t\t\t\t<div class=\"elementor-widget-container\">\n\t\t\t\t\t\t\t\t\t\t\t\t\t\t\t<img decoding=\"async\" src=\"https:\/\/www.locationlacannecy.fr\/blog\/wp-content\/uploads\/elementor\/thumbs\/art-de-vivre-rizv0bmqw37ena8f7aef8a2ygd6q60weuxb1owk4fk.jpeg\" title=\"Annecy et le canal du Thiou\" alt=\"Annecy et le canal du Thiou\" loading=\"lazy\" \/>\t\t\t\t\t\t\t\t\t\t\t\t\t\t\t<\/div>\n\t\t\t\t<\/div>\n\t\t\t\t\t<\/div>\n\t\t\t\t<\/div>\n\t\t<div class=\"elementor-element elementor-element-bcffd6b e-flex e-con-boxed e-con e-parent\" data-id=\"bcffd6b\" data-element_type=\"container\" data-e-type=\"container\">\n\t\t\t\t\t<div class=\"e-con-inner\">\n\t\t\t\t<div class=\"elementor-element elementor-element-4dfd31e elementor-widget elementor-widget-heading\" data-id=\"4dfd31e\" data-element_type=\"widget\" data-e-type=\"widget\" data-widget_type=\"heading.default\">\n\t\t\t\t<div class=\"elementor-widget-container\">\n\t\t\t\t\t<h2 class=\"elementor-heading-title elementor-size-default\">Itin\u00e9raire Jour 2 : des activit\u00e9s de plein air et des lieux panoramiques<\/h2>\t\t\t\t<\/div>\n\t\t\t\t<\/div>\n\t\t\t\t<div class=\"elementor-element elementor-element-e442918 elementor-widget elementor-widget-text-editor\" data-id=\"e442918\" data-element_type=\"widget\" data-e-type=\"widget\" data-widget_type=\"text-editor.default\">\n\t\t\t\t<div class=\"elementor-widget-container\">\n\t\t\t\t\t\t\t\t\t<p>Pour votre deuxi\u00e8me jour \u00e0 Annecy, c\u2019est l\u2019occasion parfaite pour partir explorer la nature environnante. En effet, Annecy est un v\u00e9ritable terrain de jeu si vous souhaitez vous d\u00e9penser en plein air. Par exemple, si vous d\u00e9sirez <a href=\"https:\/\/www.locationlacannecy.fr\/blog\/tour-lac-annecy\/\"><strong>faire le tour du lac<\/strong><\/a>, nous vous recommandons de louer un v\u00e9lo et d\u2019emprunter sa <strong>piste cyclable<\/strong>\u00a0; accessible \u00e0 tous et avec des paysages vari\u00e9s, entre plage, villages et <a href=\"https:\/\/www.locationlacannecy.fr\/blog\/montagnes-autour-annecy\/\">montagnes<\/a>, vous aurez l\u2019occasion de faire un peu de sport et de vous arr\u00eater dans des bourgades qui valent la peine d\u2019\u00eatre visit\u00e9es, comme <a href=\"https:\/\/www.locationlacannecy.fr\/blog\/talloires-lac-annecy\/\"><strong>Talloires<\/strong><\/a>, pour profiter de son cadre naturel exceptionnel et de son patrimoine historique.<\/p><p>Pour les plus sportifs, il existe plusieurs <a href=\"https:\/\/www.locationlacannecy.fr\/blog\/randonnees-lac-dannecy\/\"><strong>randonn\u00e9es<\/strong><\/a> au d\u00e9part d\u2019Annecy et des villages qui entourent le lac qui permettent de prendre de la hauteur et de profiter de lieux panoramiques de plus exceptionnels\u00a0; par exemple, depuis <a href=\"https:\/\/www.locationlacannecy.fr\/blog\/votre-guide-veyrier-du-lac\/\"><strong>Veyrier-du-Lac<\/strong><\/a>, vous pourrez faire la travers\u00e9e du Mont Veyrier, une randonn\u00e9e exigeante avec un itin\u00e9raire en cr\u00eate qui promet des panoramas somptueux tout au long de votre parcours. Autre option tr\u00e8s populaire dans la r\u00e9gion : <strong>le Col de la Forclaz<\/strong>, connu pour son panorama exceptionnel et ses spots de parapente. Si vous souhaitez en apprendre plus sur les randonn\u00e9es \u00e0 faire \u00e0 Annecy, c\u2019est par <a href=\"https:\/\/www.locationlacannecy.fr\/blog\/randonnees-lac-dannecy\/#elementor-toc__heading-anchor-3\">ici\u00a0<\/a>!<\/p><p>Si vous pr\u00e9f\u00e9rez, \u00e0 l\u2019inverse, une balade plus tranquille, partez d\u2019Annecy et faites <strong>le tour du lac \u00e0 pied<\/strong>\u00a0: sur une quarantaine de kilom\u00e8tres, gr\u00e2ce \u00e0 la voie verte am\u00e9nag\u00e9e pour l\u2019occasion, vous profiterez d\u2019une exp\u00e9rience agr\u00e9able, et s\u2019il fait beau, pr\u00e9voyez un maillot de bain, les zones de baignade \u00e9tant nombreuses sur votre route.<\/p>\t\t\t\t\t\t\t\t<\/div>\n\t\t\t\t<\/div>\n\t\t\t\t<div class=\"elementor-element elementor-element-bf12581 elementor-widget elementor-widget-image\" data-id=\"bf12581\" data-element_type=\"widget\" data-e-type=\"widget\" data-widget_type=\"image.default\">\n\t\t\t\t<div class=\"elementor-widget-container\">\n\t\t\t\t\t\t\t\t\t\t\t\t\t\t\t<img decoding=\"async\" src=\"https:\/\/www.locationlacannecy.fr\/blog\/wp-content\/uploads\/elementor\/thumbs\/Plage-Annecy-scaled-r3hbwtldihleogqhx9kyt6zxw6tdchqiyu69zebq7k.jpeg\" title=\"Plage Annecy\" alt=\"Plage-Annecy\" loading=\"lazy\" \/>\t\t\t\t\t\t\t\t\t\t\t\t\t\t\t<\/div>\n\t\t\t\t<\/div>\n\t\t\t\t\t<\/div>\n\t\t\t\t<\/div>\n\t\t<div class=\"elementor-element elementor-element-412504d e-flex e-con-boxed e-con e-parent\" data-id=\"412504d\" data-element_type=\"container\" data-e-type=\"container\">\n\t\t\t\t\t<div class=\"e-con-inner\">\n\t\t\t\t<div class=\"elementor-element elementor-element-ffbe100 elementor-widget elementor-widget-heading\" data-id=\"ffbe100\" data-element_type=\"widget\" data-e-type=\"widget\" data-widget_type=\"heading.default\">\n\t\t\t\t<div class=\"elementor-widget-container\">\n\t\t\t\t\t<h2 class=\"elementor-heading-title elementor-size-default\">Itin\u00e9raire Jour 3 : fa\u00eetes une excursion aux alentours d'Annecy<\/h2>\t\t\t\t<\/div>\n\t\t\t\t<\/div>\n\t\t\t\t<div class=\"elementor-element elementor-element-173a3b5 elementor-widget elementor-widget-text-editor\" data-id=\"173a3b5\" data-element_type=\"widget\" data-e-type=\"widget\" data-widget_type=\"text-editor.default\">\n\t\t\t\t<div class=\"elementor-widget-container\">\n\t\t\t\t\t\t\t\t\t<p>Pour clore votre excursion de 3 jours, <strong>partez \u00e0 la d\u00e9couverte des <a href=\"https:\/\/www.locationlacannecy.fr\/blog\/les-plus-beaux-endroits-autour-lac-annecy\/\">environs d\u2019Annecy<\/a><\/strong>, riches en paysages et en villages charmants. Pour bien commencer la journ\u00e9e, il est conseill\u00e9 de visiter les <strong>Gorges du Fier<\/strong>, un site naturel impressionnant situ\u00e9 \u00e0 Lovagny, \u00e0 une dizaine de kilom\u00e8tres \u00e0 l\u2019ouest d\u2019Annecy. Creus\u00e9es par le torrent du Fier, elles figurent parmi les plus impressionnantes curiosit\u00e9s g\u00e9ologiques des Alpes fran\u00e7aises. Vous pourrez alors marcher sur une passerelle suspendue au-dessus de la rivi\u00e8re, une activit\u00e9 parfaite pour les enfants en qu\u00eate d\u2019aventure.<\/p><p>Pour ceux qui aiment les ch\u00e2teaux et de panoramas sur le lac, vous pouvez \u00e9galement explorer le <strong>Ch\u00e2teau de Menthon-Saint-Bernard, <\/strong>un des joyaux architecturaux de la Haute-Savoie. Par ailleurs, vous pouvez aussi visiter le village de <a href=\"https:\/\/www.locationlacannecy.fr\/blog\/guide-votre-sejour-a-duingt\/\"><strong>Duingt<\/strong><\/a>, souvent surnomm\u00e9 le \u00ab\u00a0petit Annecy\u00a0\u00bb, un village qui poss\u00e8de aussi son ch\u00e2teau au bord de l\u2019eau.<\/p>\t\t\t\t\t\t\t\t<\/div>\n\t\t\t\t<\/div>\n\t\t\t\t<div class=\"elementor-element elementor-element-9b3a30f elementor-widget elementor-widget-image\" data-id=\"9b3a30f\" data-element_type=\"widget\" data-e-type=\"widget\" data-widget_type=\"image.default\">\n\t\t\t\t<div class=\"elementor-widget-container\">\n\t\t\t\t\t\t\t\t\t\t\t\t\t\t\t<img decoding=\"async\" src=\"https:\/\/www.locationlacannecy.fr\/blog\/wp-content\/uploads\/elementor\/thumbs\/visiter-Duingt-chateau-reugegntgcivjqeql7slrlmp244e7yryw3j7tvhdv4.jpg\" title=\"Duingt Castle\" alt=\"Duingt Castle\" loading=\"lazy\" \/>\t\t\t\t\t\t\t\t\t\t\t\t\t\t\t<\/div>\n\t\t\t\t<\/div>\n\t\t\t\t\t<\/div>\n\t\t\t\t<\/div>\n\t\t<div class=\"elementor-element elementor-element-d0208f1 e-flex e-con-boxed e-con e-parent\" data-id=\"d0208f1\" data-element_type=\"container\" data-e-type=\"container\">\n\t\t\t\t\t<div class=\"e-con-inner\">\n\t\t\t\t<div class=\"elementor-element elementor-element-c1ec506 elementor-widget elementor-widget-heading\" data-id=\"c1ec506\" data-element_type=\"widget\" data-e-type=\"widget\" data-widget_type=\"heading.default\">\n\t\t\t\t<div class=\"elementor-widget-container\">\n\t\t\t\t\t<h2 class=\"elementor-heading-title elementor-size-default\">O\u00f9 Manger et Boire \u00e0 Annecy ?<\/h2>\t\t\t\t<\/div>\n\t\t\t\t<\/div>\n\t\t\t\t<div class=\"elementor-element elementor-element-9180b6c elementor-widget elementor-widget-text-editor\" data-id=\"9180b6c\" data-element_type=\"widget\" data-e-type=\"widget\" data-widget_type=\"text-editor.default\">\n\t\t\t\t<div class=\"elementor-widget-container\">\n\t\t\t\t\t\t\t\t\t<p>Annecy regorge de bonnes adresses pour <strong>d\u00e9couvrir la gastronomie savoyarde<\/strong> et profiter d\u2019un moment convivial. Si vous voulez une exp\u00e9rience typique, nous vous recommandons de vous diriger vers la vieille ville et de vous installer dans un restaurant, comme <strong>le Vieil Annecy ou Le Freti<\/strong>, et go\u00fbtez aux sp\u00e9cialit\u00e9s locales comme la fondue, la raclette ou la tartiflette.<\/p><p>Si vous recherchez une ambiance plus moderne, certains <a href=\"https:\/\/www.locationlacannecy.fr\/blog\/les-restaurants-de-la-ville-dannecy-et-ses-rives\/\">restaurants<\/a> proposent une cuisine revisit\u00e9e avec des produits locaux. De m\u00eame, vous pouvez \u00e9galement d\u00e9jeuner au bord du lac pour profiter de la vue tout en d\u00e9gustant un plat authentique et une boisson bien fra\u00eeche pour accompagner le tout.<\/p>\t\t\t\t\t\t\t\t<\/div>\n\t\t\t\t<\/div>\n\t\t\t\t\t<\/div>\n\t\t\t\t<\/div>\n\t\t<div class=\"elementor-element elementor-element-7003202 e-flex e-con-boxed e-con e-parent\" data-id=\"7003202\" data-element_type=\"container\" data-e-type=\"container\">\n\t\t\t\t\t<div class=\"e-con-inner\">\n\t\t\t\t<div class=\"elementor-element elementor-element-4710f98 elementor-widget elementor-widget-heading\" data-id=\"4710f98\" data-element_type=\"widget\" data-e-type=\"widget\" data-widget_type=\"heading.default\">\n\t\t\t\t<div class=\"elementor-widget-container\">\n\t\t\t\t\t<h2 class=\"elementor-heading-title elementor-size-default\">Quelques conseils pratiques lors de votre visite d\u2019Annecy<\/h2>\t\t\t\t<\/div>\n\t\t\t\t<\/div>\n\t\t\t\t<div class=\"elementor-element elementor-element-9424656 elementor-widget elementor-widget-text-editor\" data-id=\"9424656\" data-element_type=\"widget\" data-e-type=\"widget\" data-widget_type=\"text-editor.default\">\n\t\t\t\t<div class=\"elementor-widget-container\">\n\t\t\t\t\t\t\t\t\t<p>Pour profiter pleinement de votre s\u00e9jour \u00e0 Annecy, voici quelques conseils pratiques qui peuvent faire la diff\u00e9rence\u00a0: tout d\u2019abord, <strong>privil\u00e9giez les d\u00e9placements \u00e0 pied ou \u00e0 v\u00e9lo<\/strong>, surtout dans le centre-ville o\u00f9 la circulation peut \u00eatre dense. Ensuite, pensez \u00e0 <strong>r\u00e9server vos activit\u00e9s et restaurants<\/strong> \u00e0 l\u2019avance, notamment si vous pr\u00e9voyez de venir en haute saison.<\/p><p>C\u00f4t\u00e9 m\u00e9t\u00e9o, <strong>pr\u00e9voyez des v\u00eatements adapt\u00e9s<\/strong>, car les conditions peuvent changer rapidement en montagne. Enfin, n\u2019h\u00e9sitez pas \u00e0 vous \u00e9loigner l\u00e9g\u00e8rement des zones les plus touristiques pour d\u00e9couvrir des endroits plus calmes et authentiques. Enfin, s\u2019il fait chaud, il est \u00e9galement conseill\u00e9 de partir t\u00f4t pour les randonn\u00e9es ou les visites populaires afin d\u2019\u00e9viter la chaleur, mais aussi la foule.<\/p>\t\t\t\t\t\t\t\t<\/div>\n\t\t\t\t<\/div>\n\t\t\t\t\t<\/div>\n\t\t\t\t<\/div>\n\t\t<div class=\"elementor-element elementor-element-8afe480 e-flex e-con-boxed e-con e-parent\" data-id=\"8afe480\" data-element_type=\"container\" data-e-type=\"container\">\n\t\t\t\t\t<div class=\"e-con-inner\">\n\t\t\t\t<div class=\"elementor-element elementor-element-5ddbb24 elementor-widget elementor-widget-html\" data-id=\"5ddbb24\" data-element_type=\"widget\" data-e-type=\"widget\" data-widget_type=\"html.default\">\n\t\t\t\t<div class=\"elementor-widget-container\">\n\t\t\t\t\t<iframe src=\"https:\/\/www.google.com\/maps\/d\/embed?mid=1H7IHQNJWkoz0OJloj3LFQEO5UZgOQsI&ehbc=2E312F&noprof=1\" width=\"640\" height=\"580\"><\/iframe>\t\t\t\t<\/div>\n\t\t\t\t<\/div>\n\t\t\t\t\t<\/div>\n\t\t\t\t<\/div>\n\t\t<div class=\"elementor-element elementor-element-62c548c e-flex e-con-boxed e-con e-parent\" data-id=\"62c548c\" data-element_type=\"container\" data-e-type=\"container\">\n\t\t\t\t\t<div class=\"e-con-inner\">\n\t\t\t\t<div class=\"elementor-element elementor-element-48b11f1 elementor-widget elementor-widget-heading\" data-id=\"48b11f1\" data-element_type=\"widget\" data-e-type=\"widget\" data-widget_type=\"heading.default\">\n\t\t\t\t<div class=\"elementor-widget-container\">\n\t\t\t\t\t<h2 class=\"elementor-heading-title elementor-size-default\">Pr\u00e9parez votre s\u00e9jour de 3 jours \u00e0 Annecy avec nous !<\/h2>\t\t\t\t<\/div>\n\t\t\t\t<\/div>\n\t\t\t\t<div class=\"elementor-element elementor-element-317f4e9 elementor-widget elementor-widget-text-editor\" data-id=\"317f4e9\" data-element_type=\"widget\" data-e-type=\"widget\" data-widget_type=\"text-editor.default\">\n\t\t\t\t<div class=\"elementor-widget-container\">\n\t\t\t\t\t\t\t\t\t<p>Passer <strong>trois jours \u00e0 Annecy<\/strong>, c\u2019est d\u00e9couvrir une destination riche, o\u00f9 se m\u00ealent patrimoine, nature et art de vivre. Entre la vieille ville, le lac, les montagnes et les excursions aux alentours, chaque journ\u00e9e r\u00e9serve son lot de d\u00e9couvertes et de moments inoubliables. Que vous soyez amateur de balade, n\u00e9ophyte en mati\u00e8re de patrimoine culturel ou accroc au sport, Annecy saura vous s\u00e9duite pendant ce court s\u00e9jour de trois s\u00e9jours.<\/p><p>Alors, vous \u00eates convaincu.e\u00a0? Il vous reste alors plus qu\u2019\u00e0 organiser votre s\u00e9jour avec nous, choisir le logement qui vous convient le mieux et partir \u00e0 la d\u00e9couverte d\u2019Annecy pour trois jours inoubliables !<\/p><p>Retrouvez \u00e9galement notre <a href=\"https:\/\/www.locationlacannecy.fr\/blog\/programme-5-jours-annecy\/\">programme de 5 jours pour visiter Annecy<\/a>.<\/p>\t\t\t\t\t\t\t\t<\/div>\n\t\t\t\t<\/div>\n\t\t\t\t\t<\/div>\n\t\t\t\t<\/div>\n\t\t<div class=\"elementor-element elementor-element-12c88bbf e-flex e-con-boxed e-con e-parent\" data-id=\"12c88bbf\" data-element_type=\"container\" data-e-type=\"container\">\n\t\t\t\t\t<div class=\"e-con-inner\">\n\t\t\t\t<div class=\"elementor-element elementor-element-389b21c1 elementor-widget elementor-widget-template\" data-id=\"389b21c1\" data-element_type=\"widget\" data-e-type=\"widget\" data-widget_type=\"template.default\">\n\t\t\t\t<div class=\"elementor-widget-container\">\n\t\t\t\t\t\t\t<div class=\"elementor-template\">\n\t\t\t\t\t<div data-elementor-type=\"container\" data-elementor-id=\"2863\" class=\"elementor elementor-2863 elementor-2924 elementor-2924\" data-elementor-post-type=\"elementor_library\">\n\t\t\t\t<div class=\"elementor-element elementor-element-794180e0 e-flex e-con-boxed e-con e-parent\" data-id=\"794180e0\" data-element_type=\"container\" data-e-type=\"container\">\n\t\t\t\t\t<div class=\"e-con-inner\">\n\t\t<div class=\"elementor-element elementor-element-7bd67a93 e-con-full e-flex e-con e-child\" data-id=\"7bd67a93\" data-element_type=\"container\" data-e-type=\"container\">\n\t\t\t\t<div class=\"elementor-element elementor-element-4d6f49e0 elementor-cta--skin-cover elementor-cta--valign-bottom elementor-animated-content elementor-bg-transform elementor-bg-transform-zoom-in elementor-widget elementor-widget-call-to-action\" data-id=\"4d6f49e0\" data-element_type=\"widget\" data-e-type=\"widget\" data-widget_type=\"call-to-action.default\">\n\t\t\t\t<div class=\"elementor-widget-container\">\n\t\t\t\t\t\t\t<div class=\"elementor-cta\">\n\t\t\t\t\t<div class=\"elementor-cta__bg-wrapper\">\n\t\t\t\t<div class=\"elementor-cta__bg elementor-bg\" style=\"background-image: url(https:\/\/www.locationlacannecy.fr\/blog\/wp-content\/uploads\/2025\/01\/location-saisonniere-lac-annecy-france-1.webp);\" role=\"img\" aria-label=\"location saisonni\u00e8re lac annecy france\"><\/div>\n\t\t\t\t<div class=\"elementor-cta__bg-overlay\"><\/div>\n\t\t\t<\/div>\n\t\t\t\t\t\t\t<div class=\"elementor-cta__content\">\n\t\t\t\t\n\t\t\t\t\n\t\t\t\t\n\t\t\t\t\t\t\t\t\t<div class=\"elementor-cta__button-wrapper elementor-cta__content-item elementor-content-item elementor-animated-item--grow\">\n\t\t\t\t\t<a class=\"elementor-cta__button elementor-button elementor-size-\" href=\"https:\/\/www.locationlacannecy.fr\/location-vacances-lac-annecy\/\">\n\t\t\t\t\t\tLOCATIONS LAC ANNECY\t\t\t\t\t<\/a>\n\t\t\t\t\t<\/div>\n\t\t\t\t\t\t\t<\/div>\n\t\t\t\t\t\t<\/div>\n\t\t\t\t\t\t<\/div>\n\t\t\t\t<\/div>\n\t\t\t\t<\/div>\n\t\t<div class=\"elementor-element elementor-element-6ae81fc2 e-con-full e-flex e-con e-child\" data-id=\"6ae81fc2\" data-element_type=\"container\" data-e-type=\"container\">\n\t\t\t\t<div class=\"elementor-element elementor-element-d5b7aa0 elementor-cta--skin-cover elementor-cta--valign-bottom elementor-animated-content elementor-bg-transform elementor-bg-transform-zoom-in elementor-widget elementor-widget-call-to-action\" data-id=\"d5b7aa0\" data-element_type=\"widget\" data-e-type=\"widget\" data-widget_type=\"call-to-action.default\">\n\t\t\t\t<div class=\"elementor-widget-container\">\n\t\t\t\t\t\t\t<div class=\"elementor-cta\">\n\t\t\t\t\t<div class=\"elementor-cta__bg-wrapper\">\n\t\t\t\t<div class=\"elementor-cta__bg elementor-bg\" style=\"background-image: url(https:\/\/www.locationlacannecy.fr\/blog\/wp-content\/uploads\/2024\/12\/appartements-vacances-lac-annecy.webp);\" role=\"img\" aria-label=\"appartements vacances lac annecy\"><\/div>\n\t\t\t\t<div class=\"elementor-cta__bg-overlay\"><\/div>\n\t\t\t<\/div>\n\t\t\t\t\t\t\t<div class=\"elementor-cta__content\">\n\t\t\t\t\n\t\t\t\t\n\t\t\t\t\n\t\t\t\t\t\t\t\t\t<div class=\"elementor-cta__button-wrapper elementor-cta__content-item elementor-content-item elementor-animated-item--grow\">\n\t\t\t\t\t<a class=\"elementor-cta__button elementor-button elementor-size-\" href=\"https:\/\/www.locationlacannecy.fr\/appartements-vacances-lac-annecy\/\">\n\t\t\t\t\t\tAPPARTEMENTS LAC ANNECY\t\t\t\t\t<\/a>\n\t\t\t\t\t<\/div>\n\t\t\t\t\t\t\t<\/div>\n\t\t\t\t\t\t<\/div>\n\t\t\t\t\t\t<\/div>\n\t\t\t\t<\/div>\n\t\t\t\t<\/div>\n\t\t<div class=\"elementor-element elementor-element-42fcb376 e-con-full e-flex e-con e-child\" data-id=\"42fcb376\" data-element_type=\"container\" data-e-type=\"container\">\n\t\t\t\t<div class=\"elementor-element elementor-element-4b19f703 elementor-cta--skin-cover elementor-cta--valign-bottom elementor-animated-content elementor-bg-transform elementor-bg-transform-zoom-in elementor-widget elementor-widget-call-to-action\" data-id=\"4b19f703\" data-element_type=\"widget\" data-e-type=\"widget\" data-widget_type=\"call-to-action.default\">\n\t\t\t\t<div class=\"elementor-widget-container\">\n\t\t\t\t\t\t\t<div class=\"elementor-cta\">\n\t\t\t\t\t<div class=\"elementor-cta__bg-wrapper\">\n\t\t\t\t<div class=\"elementor-cta__bg elementor-bg\" style=\"background-image: url(https:\/\/www.locationlacannecy.fr\/blog\/wp-content\/uploads\/2024\/12\/maisons-vacances-lac-annecy.webp);\" role=\"img\" aria-label=\"maisons-vacances-lac-annecy\"><\/div>\n\t\t\t\t<div class=\"elementor-cta__bg-overlay\"><\/div>\n\t\t\t<\/div>\n\t\t\t\t\t\t\t<div class=\"elementor-cta__content\">\n\t\t\t\t\n\t\t\t\t\n\t\t\t\t\n\t\t\t\t\t\t\t\t\t<div class=\"elementor-cta__button-wrapper elementor-cta__content-item elementor-content-item elementor-animated-item--grow\">\n\t\t\t\t\t<a class=\"elementor-cta__button elementor-button elementor-size-\" href=\"https:\/\/www.locationlacannecy.fr\/location\/maisons-lac-annecy-c19z1932\/\">\n\t\t\t\t\t\tMAISONS LAC ANNECY\t\t\t\t\t<\/a>\n\t\t\t\t\t<\/div>\n\t\t\t\t\t\t\t<\/div>\n\t\t\t\t\t\t<\/div>\n\t\t\t\t\t\t<\/div>\n\t\t\t\t<\/div>\n\t\t\t\t<\/div>\n\t\t\t\t\t<\/div>\n\t\t\t\t<\/div>\n\t\t\t\t<\/div>\n\t\t\t\t<\/div>\n\t\t\t\t\t\t<\/div>\n\t\t\t\t<\/div>\n\t\t\t\t\t<\/div>\n\t\t\t\t<\/div>\n\t\t<div class=\"elementor-element elementor-element-36538ecb e-flex e-con-boxed e-con e-parent\" data-id=\"36538ecb\" data-element_type=\"container\" data-e-type=\"container\">\n\t\t\t\t\t<div class=\"e-con-inner\">\n\t\t\t\t<div class=\"elementor-element elementor-element-2daa8da6 elementor-widget elementor-widget-spacer\" data-id=\"2daa8da6\" data-element_type=\"widget\" data-e-type=\"widget\" data-widget_type=\"spacer.default\">\n\t\t\t\t<div class=\"elementor-widget-container\">\n\t\t\t\t\t\t\t<div class=\"elementor-spacer\">\n\t\t\t<div class=\"elementor-spacer-inner\"><\/div>\n\t\t<\/div>\n\t\t\t\t\t\t<\/div>\n\t\t\t\t<\/div>\n\t\t\t\t\t<\/div>\n\t\t\t\t<\/div>\n\t\t<div class=\"elementor-element elementor-element-2725f2f1 e-flex e-con-boxed e-con e-parent\" data-id=\"2725f2f1\" data-element_type=\"container\" data-e-type=\"container\">\n\t\t\t\t\t<div class=\"e-con-inner\">\n\t\t\t\t<div class=\"elementor-element elementor-element-737ff55 elementor-shape-rounded elementor-grid-0 e-grid-align-center elementor-widget elementor-widget-social-icons\" data-id=\"737ff55\" data-element_type=\"widget\" data-e-type=\"widget\" data-widget_type=\"social-icons.default\">\n\t\t\t\t<div class=\"elementor-widget-container\">\n\t\t\t\t\t\t\t<div class=\"elementor-social-icons-wrapper elementor-grid\" role=\"list\">\n\t\t\t\t\t\t\t<span class=\"elementor-grid-item\" role=\"listitem\">\n\t\t\t\t\t<a class=\"elementor-icon elementor-social-icon elementor-social-icon-facebook elementor-repeater-item-d8d1a27\" href=\"https:\/\/www.facebook.com\/locationsaisonnieredeluxealpesetlacs\" target=\"_blank\">\n\t\t\t\t\t\t<span class=\"elementor-screen-only\">Facebook<\/span>\n\t\t\t\t\t\t<svg aria-hidden=\"true\" class=\"e-font-icon-svg e-fab-facebook\" viewBox=\"0 0 512 512\" xmlns=\"http:\/\/www.w3.org\/2000\/svg\"><path d=\"M504 256C504 119 393 8 256 8S8 119 8 256c0 123.78 90.69 226.38 209.25 245V327.69h-63V256h63v-54.64c0-62.15 37-96.48 93.67-96.48 27.14 0 55.52 4.84 55.52 4.84v61h-31.28c-30.8 0-40.41 19.12-40.41 38.73V256h68.78l-11 71.69h-57.78V501C413.31 482.38 504 379.78 504 256z\"><\/path><\/svg>\t\t\t\t\t<\/a>\n\t\t\t\t<\/span>\n\t\t\t\t\t\t\t<span class=\"elementor-grid-item\" role=\"listitem\">\n\t\t\t\t\t<a class=\"elementor-icon elementor-social-icon elementor-social-icon-instagram elementor-repeater-item-da4dbdd\" href=\"https:\/\/www.instagram.com\/lla_selections\/\" target=\"_blank\">\n\t\t\t\t\t\t<span class=\"elementor-screen-only\">Instagram<\/span>\n\t\t\t\t\t\t<svg aria-hidden=\"true\" class=\"e-font-icon-svg e-fab-instagram\" viewBox=\"0 0 448 512\" xmlns=\"http:\/\/www.w3.org\/2000\/svg\"><path d=\"M224.1 141c-63.6 0-114.9 51.3-114.9 114.9s51.3 114.9 114.9 114.9S339 319.5 339 255.9 287.7 141 224.1 141zm0 189.6c-41.1 0-74.7-33.5-74.7-74.7s33.5-74.7 74.7-74.7 74.7 33.5 74.7 74.7-33.6 74.7-74.7 74.7zm146.4-194.3c0 14.9-12 26.8-26.8 26.8-14.9 0-26.8-12-26.8-26.8s12-26.8 26.8-26.8 26.8 12 26.8 26.8zm76.1 27.2c-1.7-35.9-9.9-67.7-36.2-93.9-26.2-26.2-58-34.4-93.9-36.2-37-2.1-147.9-2.1-184.9 0-35.8 1.7-67.6 9.9-93.9 36.1s-34.4 58-36.2 93.9c-2.1 37-2.1 147.9 0 184.9 1.7 35.9 9.9 67.7 36.2 93.9s58 34.4 93.9 36.2c37 2.1 147.9 2.1 184.9 0 35.9-1.7 67.7-9.9 93.9-36.2 26.2-26.2 34.4-58 36.2-93.9 2.1-37 2.1-147.8 0-184.8zM398.8 388c-7.8 19.6-22.9 34.7-42.6 42.6-29.5 11.7-99.5 9-132.1 9s-102.7 2.6-132.1-9c-19.6-7.8-34.7-22.9-42.6-42.6-11.7-29.5-9-99.5-9-132.1s-2.6-102.7 9-132.1c7.8-19.6 22.9-34.7 42.6-42.6 29.5-11.7 99.5-9 132.1-9s102.7-2.6 132.1 9c19.6 7.8 34.7 22.9 42.6 42.6 11.7 29.5 9 99.5 9 132.1s2.7 102.7-9 132.1z\"><\/path><\/svg>\t\t\t\t\t<\/a>\n\t\t\t\t<\/span>\n\t\t\t\t\t\t\t<span class=\"elementor-grid-item\" role=\"listitem\">\n\t\t\t\t\t<a class=\"elementor-icon elementor-social-icon elementor-social-icon-youtube elementor-repeater-item-5c9b14b\" href=\"https:\/\/www.youtube.com\/@locationlacannecy-location7330\" target=\"_blank\">\n\t\t\t\t\t\t<span class=\"elementor-screen-only\">Youtube<\/span>\n\t\t\t\t\t\t<svg aria-hidden=\"true\" class=\"e-font-icon-svg e-fab-youtube\" viewBox=\"0 0 576 512\" xmlns=\"http:\/\/www.w3.org\/2000\/svg\"><path d=\"M549.655 124.083c-6.281-23.65-24.787-42.276-48.284-48.597C458.781 64 288 64 288 64S117.22 64 74.629 75.486c-23.497 6.322-42.003 24.947-48.284 48.597-11.412 42.867-11.412 132.305-11.412 132.305s0 89.438 11.412 132.305c6.281 23.65 24.787 41.5 48.284 47.821C117.22 448 288 448 288 448s170.78 0 213.371-11.486c23.497-6.321 42.003-24.171 48.284-47.821 11.412-42.867 11.412-132.305 11.412-132.305s0-89.438-11.412-132.305zm-317.51 213.508V175.185l142.739 81.205-142.739 81.201z\"><\/path><\/svg>\t\t\t\t\t<\/a>\n\t\t\t\t<\/span>\n\t\t\t\t\t<\/div>\n\t\t\t\t\t\t<\/div>\n\t\t\t\t<\/div>\n\t\t\t\t\t<\/div>\n\t\t\t\t<\/div>\n\t\t\t\t<\/div>\n\t\t","protected":false},"excerpt":{"rendered":"<p>Alors que vous \u00eates \u00e0 la recherche d\u2019un court s\u00e9jour de 3 jours \u00e0 passer en famille, seul ou entre amis, Annecy appara\u00eet comme id\u00e9ale\u00a0; nich\u00e9e entre lac et montagnes, la Venise des Alpes s\u00e9duit par ses canaux, ses ruelles pav\u00e9es et son environnement naturel exceptionnel. Si vous vous demandez que faire \u00e0 Annecy en [&hellip;]<\/p>\n","protected":false},"author":6,"featured_media":8765,"comment_status":"closed","ping_status":"open","sticky":false,"template":"","format":"standard","meta":{"footnotes":""},"categories":[78,15],"tags":[],"class_list":["post-8721","post","type-post","status-publish","format-standard","has-post-thumbnail","hentry","category-activites","category-lac-annecy"],"yoast_head":"<!-- This site is optimized with the Yoast SEO plugin v27.4 - https:\/\/yoast.com\/product\/yoast-seo-wordpress\/ -->\n<title>Que faire \u00e0 Annecy en 3 Jours ? Activit\u00e9s &amp; Conseils<\/title>\n<meta name=\"description\" content=\"D\u00e9couvrez les incontournables d&#039;Annecy en 3 jours. Explorez les canaux, profitez du lac et admirez les Alpes.\" \/>\n<meta name=\"robots\" content=\"index, follow, max-snippet:-1, max-image-preview:large, max-video-preview:-1\" \/>\n<link rel=\"canonical\" href=\"https:\/\/www.locationlacannecy.fr\/blog\/annecy-en-3-jours\/\" \/>\n<meta property=\"og:locale\" content=\"fr_FR\" \/>\n<meta property=\"og:type\" content=\"article\" \/>\n<meta property=\"og:title\" content=\"Que faire \u00e0 Annecy en 3 Jours ? Activit\u00e9s &amp; Conseils\" \/>\n<meta property=\"og:description\" content=\"D\u00e9couvrez les incontournables d&#039;Annecy en 3 jours. Explorez les canaux, profitez du lac et admirez les Alpes.\" \/>\n<meta property=\"og:url\" content=\"https:\/\/www.locationlacannecy.fr\/blog\/annecy-en-3-jours\/\" \/>\n<meta property=\"og:site_name\" content=\"Tourisme au Lac d&#039;Annecy et dans les Alpes du Nord\" \/>\n<meta property=\"article:publisher\" content=\"https:\/\/www.facebook.com\/locationlacannecy\" \/>\n<meta property=\"article:published_time\" content=\"2026-04-27T05:58:11+00:00\" \/>\n<meta property=\"article:modified_time\" content=\"2026-04-27T05:58:19+00:00\" \/>\n<meta property=\"og:image\" content=\"https:\/\/www.locationlacannecy.fr\/blog\/wp-content\/uploads\/2026\/04\/Annecy-en-3-jours.jpg\" \/>\n\t<meta property=\"og:image:width\" content=\"2121\" \/>\n\t<meta property=\"og:image:height\" content=\"707\" \/>\n\t<meta property=\"og:image:type\" content=\"image\/jpeg\" \/>\n<meta name=\"author\" content=\"Thibaut\" \/>\n<meta name=\"twitter:card\" content=\"summary_large_image\" \/>\n<meta name=\"twitter:label1\" content=\"Written by\" \/>\n\t<meta name=\"twitter:data1\" content=\"Thibaut\" \/>\n\t<meta name=\"twitter:label2\" content=\"Est. reading time\" \/>\n\t<meta name=\"twitter:data2\" content=\"7 minutes\" \/>\n<script type=\"application\/ld+json\" class=\"yoast-schema-graph\">{\"@context\":\"https:\\\/\\\/schema.org\",\"@graph\":[{\"@type\":\"Article\",\"@id\":\"https:\\\/\\\/www.locationlacannecy.fr\\\/blog\\\/annecy-en-3-jours\\\/#article\",\"isPartOf\":{\"@id\":\"https:\\\/\\\/www.locationlacannecy.fr\\\/blog\\\/annecy-en-3-jours\\\/\"},\"author\":{\"name\":\"Thibaut\",\"@id\":\"https:\\\/\\\/www.locationlacannecy.fr\\\/blog\\\/#\\\/schema\\\/person\\\/8def4a0d3f1a4265698eb6f51243a746\"},\"headline\":\"Que faire \u00e0 Annecy en 3 jours\u00a0? Un itin\u00e9raire complet et des conseils pour un s\u00e9jour d\u2019anthologie\",\"datePublished\":\"2026-04-27T05:58:11+00:00\",\"dateModified\":\"2026-04-27T05:58:19+00:00\",\"mainEntityOfPage\":{\"@id\":\"https:\\\/\\\/www.locationlacannecy.fr\\\/blog\\\/annecy-en-3-jours\\\/\"},\"wordCount\":1338,\"publisher\":{\"@id\":\"https:\\\/\\\/www.locationlacannecy.fr\\\/blog\\\/#organization\"},\"image\":{\"@id\":\"https:\\\/\\\/www.locationlacannecy.fr\\\/blog\\\/annecy-en-3-jours\\\/#primaryimage\"},\"thumbnailUrl\":\"https:\\\/\\\/www.locationlacannecy.fr\\\/blog\\\/wp-content\\\/uploads\\\/2026\\\/04\\\/Annecy-en-3-jours.jpg\",\"articleSection\":[\"Activit\u00e9s\",\"Lac d'Annecy\"],\"inLanguage\":\"fr\"},{\"@type\":\"WebPage\",\"@id\":\"https:\\\/\\\/www.locationlacannecy.fr\\\/blog\\\/annecy-en-3-jours\\\/\",\"url\":\"https:\\\/\\\/www.locationlacannecy.fr\\\/blog\\\/annecy-en-3-jours\\\/\",\"name\":\"Que faire \u00e0 Annecy en 3 Jours ? Activit\u00e9s & Conseils\",\"isPartOf\":{\"@id\":\"https:\\\/\\\/www.locationlacannecy.fr\\\/blog\\\/#website\"},\"primaryImageOfPage\":{\"@id\":\"https:\\\/\\\/www.locationlacannecy.fr\\\/blog\\\/annecy-en-3-jours\\\/#primaryimage\"},\"image\":{\"@id\":\"https:\\\/\\\/www.locationlacannecy.fr\\\/blog\\\/annecy-en-3-jours\\\/#primaryimage\"},\"thumbnailUrl\":\"https:\\\/\\\/www.locationlacannecy.fr\\\/blog\\\/wp-content\\\/uploads\\\/2026\\\/04\\\/Annecy-en-3-jours.jpg\",\"datePublished\":\"2026-04-27T05:58:11+00:00\",\"dateModified\":\"2026-04-27T05:58:19+00:00\",\"description\":\"D\u00e9couvrez les incontournables d'Annecy en 3 jours. Explorez les canaux, profitez du lac et admirez les Alpes.\",\"breadcrumb\":{\"@id\":\"https:\\\/\\\/www.locationlacannecy.fr\\\/blog\\\/annecy-en-3-jours\\\/#breadcrumb\"},\"inLanguage\":\"fr\",\"potentialAction\":[{\"@type\":\"ReadAction\",\"target\":[\"https:\\\/\\\/www.locationlacannecy.fr\\\/blog\\\/annecy-en-3-jours\\\/\"]}]},{\"@type\":\"ImageObject\",\"inLanguage\":\"fr\",\"@id\":\"https:\\\/\\\/www.locationlacannecy.fr\\\/blog\\\/annecy-en-3-jours\\\/#primaryimage\",\"url\":\"https:\\\/\\\/www.locationlacannecy.fr\\\/blog\\\/wp-content\\\/uploads\\\/2026\\\/04\\\/Annecy-en-3-jours.jpg\",\"contentUrl\":\"https:\\\/\\\/www.locationlacannecy.fr\\\/blog\\\/wp-content\\\/uploads\\\/2026\\\/04\\\/Annecy-en-3-jours.jpg\",\"width\":2121,\"height\":707,\"caption\":\"Boats on the banks of Lake Annecy in Annecy in Haute-Savoie, France\"},{\"@type\":\"BreadcrumbList\",\"@id\":\"https:\\\/\\\/www.locationlacannecy.fr\\\/blog\\\/annecy-en-3-jours\\\/#breadcrumb\",\"itemListElement\":[{\"@type\":\"ListItem\",\"position\":1,\"name\":\"Home\",\"item\":\"https:\\\/\\\/www.locationlacannecy.fr\\\/blog\\\/\"},{\"@type\":\"ListItem\",\"position\":2,\"name\":\"Que faire \u00e0 Annecy en 3 jours\u00a0? Un itin\u00e9raire complet et des conseils pour un s\u00e9jour d\u2019anthologie\"}]},{\"@type\":\"WebSite\",\"@id\":\"https:\\\/\\\/www.locationlacannecy.fr\\\/blog\\\/#website\",\"url\":\"https:\\\/\\\/www.locationlacannecy.fr\\\/blog\\\/\",\"name\":\"https:\\\/\\\/www.locationlacannecy.fr\\\/blog\\\/\",\"description\":\"by LLA Selections \\\/\\\/ Location Lac Annecy\",\"publisher\":{\"@id\":\"https:\\\/\\\/www.locationlacannecy.fr\\\/blog\\\/#organization\"},\"alternateName\":\"https:\\\/\\\/www.locationlacannecy.fr\",\"potentialAction\":[{\"@type\":\"SearchAction\",\"target\":{\"@type\":\"EntryPoint\",\"urlTemplate\":\"https:\\\/\\\/www.locationlacannecy.fr\\\/blog\\\/?s={search_term_string}\"},\"query-input\":{\"@type\":\"PropertyValueSpecification\",\"valueRequired\":true,\"valueName\":\"search_term_string\"}}],\"inLanguage\":\"fr\"},{\"@type\":\"Organization\",\"@id\":\"https:\\\/\\\/www.locationlacannecy.fr\\\/blog\\\/#organization\",\"name\":\"Blog de Location lac Annecy\",\"url\":\"https:\\\/\\\/www.locationlacannecy.fr\\\/blog\\\/\",\"logo\":{\"@type\":\"ImageObject\",\"inLanguage\":\"fr\",\"@id\":\"https:\\\/\\\/www.locationlacannecy.fr\\\/blog\\\/#\\\/schema\\\/logo\\\/image\\\/\",\"url\":\"https:\\\/\\\/www.locationlacannecy.fr\\\/blog\\\/wp-content\\\/uploads\\\/2023\\\/01\\\/LLA-Selections-Publication-Facebook.png\",\"contentUrl\":\"https:\\\/\\\/www.locationlacannecy.fr\\\/blog\\\/wp-content\\\/uploads\\\/2023\\\/01\\\/LLA-Selections-Publication-Facebook.png\",\"width\":940,\"height\":788,\"caption\":\"Blog de Location lac Annecy\"},\"image\":{\"@id\":\"https:\\\/\\\/www.locationlacannecy.fr\\\/blog\\\/#\\\/schema\\\/logo\\\/image\\\/\"},\"sameAs\":[\"https:\\\/\\\/www.facebook.com\\\/locationlacannecy\",\"https:\\\/\\\/www.instagram.com\\\/locationsaisonnierealpes\\\/\",\"https:\\\/\\\/www.linkedin.com\\\/company\\\/location-lac-annecy-lla\\\/\"]},{\"@type\":\"Person\",\"@id\":\"https:\\\/\\\/www.locationlacannecy.fr\\\/blog\\\/#\\\/schema\\\/person\\\/8def4a0d3f1a4265698eb6f51243a746\",\"name\":\"Thibaut\",\"image\":{\"@type\":\"ImageObject\",\"inLanguage\":\"fr\",\"@id\":\"https:\\\/\\\/secure.gravatar.com\\\/avatar\\\/1657d3e03cb74dfd00a369778744d0f6773802ba2d5232a1fad7d484cfa7dcbe?s=96&d=mm&r=g\",\"url\":\"https:\\\/\\\/secure.gravatar.com\\\/avatar\\\/1657d3e03cb74dfd00a369778744d0f6773802ba2d5232a1fad7d484cfa7dcbe?s=96&d=mm&r=g\",\"contentUrl\":\"https:\\\/\\\/secure.gravatar.com\\\/avatar\\\/1657d3e03cb74dfd00a369778744d0f6773802ba2d5232a1fad7d484cfa7dcbe?s=96&d=mm&r=g\",\"caption\":\"Thibaut\"},\"url\":\"https:\\\/\\\/www.locationlacannecy.fr\\\/blog\\\/author\\\/thibaut\\\/\"}]}<\/script>\n<!-- \/ Yoast SEO plugin. -->","yoast_head_json":{"title":"Que faire \u00e0 Annecy en 3 Jours ? Activit\u00e9s & Conseils","description":"D\u00e9couvrez les incontournables d'Annecy en 3 jours. Explorez les canaux, profitez du lac et admirez les Alpes.","robots":{"index":"index","follow":"follow","max-snippet":"max-snippet:-1","max-image-preview":"max-image-preview:large","max-video-preview":"max-video-preview:-1"},"canonical":"https:\/\/www.locationlacannecy.fr\/blog\/annecy-en-3-jours\/","og_locale":"fr_FR","og_type":"article","og_title":"Que faire \u00e0 Annecy en 3 Jours ? Activit\u00e9s & Conseils","og_description":"D\u00e9couvrez les incontournables d'Annecy en 3 jours. Explorez les canaux, profitez du lac et admirez les Alpes.","og_url":"https:\/\/www.locationlacannecy.fr\/blog\/annecy-en-3-jours\/","og_site_name":"Tourisme au Lac d&#039;Annecy et dans les Alpes du Nord","article_publisher":"https:\/\/www.facebook.com\/locationlacannecy","article_published_time":"2026-04-27T05:58:11+00:00","article_modified_time":"2026-04-27T05:58:19+00:00","og_image":[{"width":2121,"height":707,"url":"https:\/\/www.locationlacannecy.fr\/blog\/wp-content\/uploads\/2026\/04\/Annecy-en-3-jours.jpg","type":"image\/jpeg"}],"author":"Thibaut","twitter_card":"summary_large_image","twitter_misc":{"Written by":"Thibaut","Est. reading time":"7 minutes"},"schema":{"@context":"https:\/\/schema.org","@graph":[{"@type":"Article","@id":"https:\/\/www.locationlacannecy.fr\/blog\/annecy-en-3-jours\/#article","isPartOf":{"@id":"https:\/\/www.locationlacannecy.fr\/blog\/annecy-en-3-jours\/"},"author":{"name":"Thibaut","@id":"https:\/\/www.locationlacannecy.fr\/blog\/#\/schema\/person\/8def4a0d3f1a4265698eb6f51243a746"},"headline":"Que faire \u00e0 Annecy en 3 jours\u00a0? Un itin\u00e9raire complet et des conseils pour un s\u00e9jour d\u2019anthologie","datePublished":"2026-04-27T05:58:11+00:00","dateModified":"2026-04-27T05:58:19+00:00","mainEntityOfPage":{"@id":"https:\/\/www.locationlacannecy.fr\/blog\/annecy-en-3-jours\/"},"wordCount":1338,"publisher":{"@id":"https:\/\/www.locationlacannecy.fr\/blog\/#organization"},"image":{"@id":"https:\/\/www.locationlacannecy.fr\/blog\/annecy-en-3-jours\/#primaryimage"},"thumbnailUrl":"https:\/\/www.locationlacannecy.fr\/blog\/wp-content\/uploads\/2026\/04\/Annecy-en-3-jours.jpg","articleSection":["Activit\u00e9s","Lac d'Annecy"],"inLanguage":"fr"},{"@type":"WebPage","@id":"https:\/\/www.locationlacannecy.fr\/blog\/annecy-en-3-jours\/","url":"https:\/\/www.locationlacannecy.fr\/blog\/annecy-en-3-jours\/","name":"Que faire \u00e0 Annecy en 3 Jours ? Activit\u00e9s & Conseils","isPartOf":{"@id":"https:\/\/www.locationlacannecy.fr\/blog\/#website"},"primaryImageOfPage":{"@id":"https:\/\/www.locationlacannecy.fr\/blog\/annecy-en-3-jours\/#primaryimage"},"image":{"@id":"https:\/\/www.locationlacannecy.fr\/blog\/annecy-en-3-jours\/#primaryimage"},"thumbnailUrl":"https:\/\/www.locationlacannecy.fr\/blog\/wp-content\/uploads\/2026\/04\/Annecy-en-3-jours.jpg","datePublished":"2026-04-27T05:58:11+00:00","dateModified":"2026-04-27T05:58:19+00:00","description":"D\u00e9couvrez les incontournables d'Annecy en 3 jours. Explorez les canaux, profitez du lac et admirez les Alpes.","breadcrumb":{"@id":"https:\/\/www.locationlacannecy.fr\/blog\/annecy-en-3-jours\/#breadcrumb"},"inLanguage":"fr","potentialAction":[{"@type":"ReadAction","target":["https:\/\/www.locationlacannecy.fr\/blog\/annecy-en-3-jours\/"]}]},{"@type":"ImageObject","inLanguage":"fr","@id":"https:\/\/www.locationlacannecy.fr\/blog\/annecy-en-3-jours\/#primaryimage","url":"https:\/\/www.locationlacannecy.fr\/blog\/wp-content\/uploads\/2026\/04\/Annecy-en-3-jours.jpg","contentUrl":"https:\/\/www.locationlacannecy.fr\/blog\/wp-content\/uploads\/2026\/04\/Annecy-en-3-jours.jpg","width":2121,"height":707,"caption":"Boats on the banks of Lake Annecy in Annecy in Haute-Savoie, France"},{"@type":"BreadcrumbList","@id":"https:\/\/www.locationlacannecy.fr\/blog\/annecy-en-3-jours\/#breadcrumb","itemListElement":[{"@type":"ListItem","position":1,"name":"Home","item":"https:\/\/www.locationlacannecy.fr\/blog\/"},{"@type":"ListItem","position":2,"name":"Que faire \u00e0 Annecy en 3 jours\u00a0? Un itin\u00e9raire complet et des conseils pour un s\u00e9jour d\u2019anthologie"}]},{"@type":"WebSite","@id":"https:\/\/www.locationlacannecy.fr\/blog\/#website","url":"https:\/\/www.locationlacannecy.fr\/blog\/","name":"https:\/\/www.locationlacannecy.fr\/blog\/","description":"by LLA Selections \/\/ Location Lac Annecy","publisher":{"@id":"https:\/\/www.locationlacannecy.fr\/blog\/#organization"},"alternateName":"https:\/\/www.locationlacannecy.fr","potentialAction":[{"@type":"SearchAction","target":{"@type":"EntryPoint","urlTemplate":"https:\/\/www.locationlacannecy.fr\/blog\/?s={search_term_string}"},"query-input":{"@type":"PropertyValueSpecification","valueRequired":true,"valueName":"search_term_string"}}],"inLanguage":"fr"},{"@type":"Organization","@id":"https:\/\/www.locationlacannecy.fr\/blog\/#organization","name":"Blog de Location lac Annecy","url":"https:\/\/www.locationlacannecy.fr\/blog\/","logo":{"@type":"ImageObject","inLanguage":"fr","@id":"https:\/\/www.locationlacannecy.fr\/blog\/#\/schema\/logo\/image\/","url":"https:\/\/www.locationlacannecy.fr\/blog\/wp-content\/uploads\/2023\/01\/LLA-Selections-Publication-Facebook.png","contentUrl":"https:\/\/www.locationlacannecy.fr\/blog\/wp-content\/uploads\/2023\/01\/LLA-Selections-Publication-Facebook.png","width":940,"height":788,"caption":"Blog de Location lac Annecy"},"image":{"@id":"https:\/\/www.locationlacannecy.fr\/blog\/#\/schema\/logo\/image\/"},"sameAs":["https:\/\/www.facebook.com\/locationlacannecy","https:\/\/www.instagram.com\/locationsaisonnierealpes\/","https:\/\/www.linkedin.com\/company\/location-lac-annecy-lla\/"]},{"@type":"Person","@id":"https:\/\/www.locationlacannecy.fr\/blog\/#\/schema\/person\/8def4a0d3f1a4265698eb6f51243a746","name":"Thibaut","image":{"@type":"ImageObject","inLanguage":"fr","@id":"https:\/\/secure.gravatar.com\/avatar\/1657d3e03cb74dfd00a369778744d0f6773802ba2d5232a1fad7d484cfa7dcbe?s=96&d=mm&r=g","url":"https:\/\/secure.gravatar.com\/avatar\/1657d3e03cb74dfd00a369778744d0f6773802ba2d5232a1fad7d484cfa7dcbe?s=96&d=mm&r=g","contentUrl":"https:\/\/secure.gravatar.com\/avatar\/1657d3e03cb74dfd00a369778744d0f6773802ba2d5232a1fad7d484cfa7dcbe?s=96&d=mm&r=g","caption":"Thibaut"},"url":"https:\/\/www.locationlacannecy.fr\/blog\/author\/thibaut\/"}]}},"_links":{"self":[{"href":"https:\/\/www.locationlacannecy.fr\/blog\/wp-json\/wp\/v2\/posts\/8721","targetHints":{"allow":["GET"]}}],"collection":[{"href":"https:\/\/www.locationlacannecy.fr\/blog\/wp-json\/wp\/v2\/posts"}],"about":[{"href":"https:\/\/www.locationlacannecy.fr\/blog\/wp-json\/wp\/v2\/types\/post"}],"author":[{"embeddable":true,"href":"https:\/\/www.locationlacannecy.fr\/blog\/wp-json\/wp\/v2\/users\/6"}],"replies":[{"embeddable":true,"href":"https:\/\/www.locationlacannecy.fr\/blog\/wp-json\/wp\/v2\/comments?post=8721"}],"version-history":[{"count":16,"href":"https:\/\/www.locationlacannecy.fr\/blog\/wp-json\/wp\/v2\/posts\/8721\/revisions"}],"predecessor-version":[{"id":8790,"href":"https:\/\/www.locationlacannecy.fr\/blog\/wp-json\/wp\/v2\/posts\/8721\/revisions\/8790"}],"wp:featuredmedia":[{"embeddable":true,"href":"https:\/\/www.locationlacannecy.fr\/blog\/wp-json\/wp\/v2\/media\/8765"}],"wp:attachment":[{"href":"https:\/\/www.locationlacannecy.fr\/blog\/wp-json\/wp\/v2\/media?parent=8721"}],"wp:term":[{"taxonomy":"category","embeddable":true,"href":"https:\/\/www.locationlacannecy.fr\/blog\/wp-json\/wp\/v2\/categories?post=8721"},{"taxonomy":"post_tag","embeddable":true,"href":"https:\/\/www.locationlacannecy.fr\/blog\/wp-json\/wp\/v2\/tags?post=8721"}],"curies":[{"name":"wp","href":"https:\/\/api.w.org\/{rel}","templated":true}]}}