{"id":8726,"date":"2026-04-16T14:46:20","date_gmt":"2026-04-16T14:46:20","guid":{"rendered":"https:\/\/www.locationlacannecy.fr\/blog\/?p=8726"},"modified":"2026-04-27T05:58:27","modified_gmt":"2026-04-27T05:58:27","slug":"activite-annecy-en-famille","status":"publish","type":"post","link":"https:\/\/www.locationlacannecy.fr\/blog\/activite-annecy-en-famille\/","title":{"rendered":"Venir \u00e0 Annecy en famille : les activit\u00e9s, les visites et des conseils pour un s\u00e9jour inoubliable avec vos enfants"},"content":{"rendered":"\t\t<div data-elementor-type=\"wp-post\" data-elementor-id=\"8726\" class=\"elementor elementor-8726\" data-elementor-post-type=\"post\">\n\t\t\t\t<div class=\"elementor-element elementor-element-1c4db4bb e-flex e-con-boxed e-con e-parent\" data-id=\"1c4db4bb\" data-element_type=\"container\" data-e-type=\"container\">\n\t\t\t\t\t<div class=\"e-con-inner\">\n\t\t\t\t<div class=\"elementor-element elementor-element-74bcaf21 elementor-widget elementor-widget-text-editor\" data-id=\"74bcaf21\" data-element_type=\"widget\" data-e-type=\"widget\" data-widget_type=\"text-editor.default\">\n\t\t\t\t<div class=\"elementor-widget-container\">\n\t\t\t\t\t\t\t\t\t<p>Nich\u00e9e entre son lac et de magnifiques montagnes, <strong>Annecy<\/strong> est une destination parfaite pour un s\u00e9jour familial\u00a0; surnomm\u00e9e la <strong>Venise des Alpes,<\/strong> la ville s\u00e9duit par son cadre naturel exceptionnel, ses canaux fleuris, son lac r\u00e9put\u00e9 aux eaux cristallines et son atmosph\u00e8re \u00e0 la fois paisible et sportive. Une fois \u00e0 Annecy, vos enfants peuvent combiner activit\u00e9s en plein air, d\u00e9couvertes culturelles et d\u00e9tente dans un environnement des plus agr\u00e9ables.<\/p><p>Que vous veniez pour un week-end ou pour plusieurs jours, Annecy et sa r\u00e9gion propose une multitude d\u2019exp\u00e9riences adapt\u00e9es \u00e0 tous les \u00e2ges, avec un parfait \u00e9quilibre entre nature, loisirs et culture. Venez alors d\u00e9couvrir avec nous un lieu parfait pour profiter d\u2019un s\u00e9jour en famille\u00a0!<\/p>\t\t\t\t\t\t\t\t<\/div>\n\t\t\t\t<\/div>\n\t\t\t\t\t<\/div>\n\t\t\t\t<\/div>\n\t\t<div class=\"elementor-element elementor-element-32cfcfa e-flex e-con-boxed e-con e-parent\" data-id=\"32cfcfa\" data-element_type=\"container\" data-e-type=\"container\">\n\t\t\t\t\t<div class=\"e-con-inner\">\n\t\t\t\t<div class=\"elementor-element elementor-element-66e44667 elementor-widget elementor-widget-table-of-contents\" data-id=\"66e44667\" data-element_type=\"widget\" data-e-type=\"widget\" data-settings=\"{&quot;headings_by_tags&quot;:[&quot;h2&quot;],&quot;exclude_headings_by_selector&quot;:[],&quot;marker_view&quot;:&quot;bullets&quot;,&quot;icon&quot;:{&quot;value&quot;:&quot;far fa-circle&quot;,&quot;library&quot;:&quot;fa-regular&quot;,&quot;rendered_tag&quot;:&quot;&lt;svg class=\\&quot;e-font-icon-svg e-far-circle\\&quot; viewBox=\\&quot;0 0 512 512\\&quot; xmlns=\\&quot;http:\\\/\\\/www.w3.org\\\/2000\\\/svg\\&quot;&gt;&lt;path d=\\&quot;M256 8C119 8 8 119 8 256s111 248 248 248 248-111 248-248S393 8 256 8zm0 448c-110.5 0-200-89.5-200-200S145.5 56 256 56s200 89.5 200 200-89.5 200-200 200z\\&quot;&gt;&lt;\\\/path&gt;&lt;\\\/svg&gt;&quot;},&quot;no_headings_message&quot;:&quot;Aucun titre n\\u2019a \\u00e9t\\u00e9 trouv\\u00e9 sur cette page.&quot;,&quot;hierarchical_view&quot;:&quot;yes&quot;,&quot;min_height&quot;:{&quot;unit&quot;:&quot;px&quot;,&quot;size&quot;:&quot;&quot;,&quot;sizes&quot;:[]},&quot;min_height_tablet&quot;:{&quot;unit&quot;:&quot;px&quot;,&quot;size&quot;:&quot;&quot;,&quot;sizes&quot;:[]},&quot;min_height_mobile&quot;:{&quot;unit&quot;:&quot;px&quot;,&quot;size&quot;:&quot;&quot;,&quot;sizes&quot;:[]}}\" data-widget_type=\"table-of-contents.default\">\n\t\t\t\t<div class=\"elementor-widget-container\">\n\t\t\t\t\t\t\t\t\t<div class=\"elementor-toc__header\">\n\t\t\t\t\t\t<div class=\"elementor-toc__header-title\">\n\t\t\t\tSOMMAIRE\t\t\t<\/div>\n\t\t\t\t\t\t\t\t<\/div>\n\t\t\t\t<div id=\"elementor-toc__66e44667\" class=\"elementor-toc__body\">\n\t\t\t<div class=\"elementor-toc__spinner-container\">\n\t\t\t\t<svg class=\"elementor-toc__spinner eicon-animation-spin e-font-icon-svg e-eicon-loading\" aria-hidden=\"true\" viewBox=\"0 0 1000 1000\" xmlns=\"http:\/\/www.w3.org\/2000\/svg\"><path d=\"M500 975V858C696 858 858 696 858 500S696 142 500 142 142 304 142 500H25C25 237 238 25 500 25S975 237 975 500 763 975 500 975Z\"><\/path><\/svg>\t\t\t<\/div>\n\t\t<\/div>\n\t\t\t\t\t\t<\/div>\n\t\t\t\t<\/div>\n\t\t\t\t\t<\/div>\n\t\t\t\t<\/div>\n\t\t<div class=\"elementor-element elementor-element-2038c7c3 e-flex e-con-boxed e-con e-parent\" data-id=\"2038c7c3\" data-element_type=\"container\" data-e-type=\"container\">\n\t\t\t\t\t<div class=\"e-con-inner\">\n\t\t\t\t<div class=\"elementor-element elementor-element-1e886409 elementor-widget elementor-widget-heading\" data-id=\"1e886409\" data-element_type=\"widget\" data-e-type=\"widget\" data-widget_type=\"heading.default\">\n\t\t\t\t<div class=\"elementor-widget-container\">\n\t\t\t\t\t<h2 class=\"elementor-heading-title elementor-size-default\">Les meilleures activit\u00e9s de plein air pour la famille \u00e0 Annecy<\/h2>\t\t\t\t<\/div>\n\t\t\t\t<\/div>\n\t\t\t\t<div class=\"elementor-element elementor-element-57c0269a elementor-widget elementor-widget-text-editor\" data-id=\"57c0269a\" data-element_type=\"widget\" data-e-type=\"widget\" data-widget_type=\"text-editor.default\">\n\t\t\t\t<div class=\"elementor-widget-container\">\n\t\t\t\t\t\t\t\t\t<p>Le printemps comme l\u2019\u00e9t\u00e9 \u00e9tant particuli\u00e8rement propices aux sorties en famille, Annecy constitue un v\u00e9ritable paradis pour les activit\u00e9s en ext\u00e9rieur\u00a0; parmi les diff\u00e9rentes\u00a0<a href=\"https:\/\/www.locationlacannecy.fr\/blog\/une-journee-a-annecy-que-faire\/\"><strong>choses \u00e0 faire et voir \u00e0 Annecy<\/strong><\/a>, on retrouve le <strong>lac d\u2019Annecy<\/strong>, qui permet \u00e0 toute la famille de se baigner, notamment quand le beau temps le permet, et de profiter de plages tranquilles, avec des zones am\u00e9nag\u00e9es o\u00f9 vous pourrez pratiquer des activit\u00e9s nautiques, comme le paddle, le p\u00e9dalo ou le kayak, des activit\u00e9s qui vous permettront de d\u00e9couvrir le lac \u00e0 votre rythme et de mani\u00e8re ludique.<\/p><p>Autre activit\u00e9 \u00e0 faire en famille, notamment si vous pr\u00e9voyez de prendre vos v\u00e9los\u00a0: faire <strong>le <a href=\"https:\/\/www.locationlacannecy.fr\/blog\/tour-lac-annecy\/\">tour du lac<\/a> en empruntant la piste cyclable<\/strong> qui en fait le tour\u00a0! Cette voie s\u00e9curis\u00e9e et facile d\u2019acc\u00e8s permet aux enfants comme aux adultes de rouler sereinement tout en profitant de paysages magnifiques entre les Alpes du nord et des eaux turquoise. En longeant les rives, par ailleurs, les familles peuvent faire des pauses strat\u00e9giques dans des villages charmants comme <a href=\"https:\/\/www.locationlacannecy.fr\/blog\/talloires-lac-annecy\/\"><strong>Talloires<\/strong><\/a> ou <a href=\"https:\/\/www.locationlacannecy.fr\/blog\/guide-votre-sejour-a-duingt\/\"><strong>Duingt<\/strong><\/a>, o\u00f9 il est possible de se baigner ou de pique-niquer.<\/p><p>Pour les familles en qu\u00eate d\u2019aventure, les montagnes environnantes offrent de nombreuses possibilit\u00e9s de balades faciles et de randonn\u00e9es toutes plus surprenantes les unes que les autres\u00a0: par exemple, depuis la commune de<a href=\"https:\/\/www.locationlacannecy.fr\/blog\/guide-pratique-sur-sevrier\/\"> <strong>S\u00e9vrier<\/strong><\/a>, plusieurs itin\u00e9raires de randonn\u00e9e permettent de s\u2019\u00e9vader rapidement en pleine nature, entre lac et montagne\u00a0; si vous pr\u00e9f\u00e9rez les balades sans d\u00e9nivel\u00e9, vous pouvez faire le tour du lac d\u2019Annecy, dont le sentier principal atteint les quarante kilom\u00e8tres, ce qui permet de d\u00e9couvrir des villages, mais aussi des zones naturelles prot\u00e9g\u00e9es et des for\u00eats ombrag\u00e9es. Pour en savoir plus sur les randonn\u00e9es \u00e0 faire autour d\u2019Annecy, <a href=\"https:\/\/www.locationlacannecy.fr\/blog\/randonnees-lac-dannecy\/\">voici un article<\/a> qui ravira les marcheurs de tout horizon\u00a0!<\/p>\t\t\t\t\t\t\t\t<\/div>\n\t\t\t\t<\/div>\n\t\t\t\t<div class=\"elementor-element elementor-element-f9b8b8e elementor-widget elementor-widget-image\" data-id=\"f9b8b8e\" data-element_type=\"widget\" data-e-type=\"widget\" data-widget_type=\"image.default\">\n\t\t\t\t<div class=\"elementor-widget-container\">\n\t\t\t\t\t\t\t\t\t\t\t\t\t\t\t<img fetchpriority=\"high\" decoding=\"async\" width=\"1254\" height=\"627\" src=\"https:\/\/www.locationlacannecy.fr\/blog\/wp-content\/uploads\/2026\/04\/famille-annecy.jpg\" class=\"attachment-full size-full wp-image-8774\" alt=\"\" srcset=\"https:\/\/www.locationlacannecy.fr\/blog\/wp-content\/uploads\/2026\/04\/famille-annecy.jpg 1254w, https:\/\/www.locationlacannecy.fr\/blog\/wp-content\/uploads\/2026\/04\/famille-annecy-300x150.jpg 300w, https:\/\/www.locationlacannecy.fr\/blog\/wp-content\/uploads\/2026\/04\/famille-annecy-1024x512.jpg 1024w, https:\/\/www.locationlacannecy.fr\/blog\/wp-content\/uploads\/2026\/04\/famille-annecy-768x384.jpg 768w\" sizes=\"(max-width: 1254px) 100vw, 1254px\" \/>\t\t\t\t\t\t\t\t\t\t\t\t\t\t\t<\/div>\n\t\t\t\t<\/div>\n\t\t\t\t\t<\/div>\n\t\t\t\t<\/div>\n\t\t<div class=\"elementor-element elementor-element-3d7d0df e-flex e-con-boxed e-con e-parent\" data-id=\"3d7d0df\" data-element_type=\"container\" data-e-type=\"container\">\n\t\t\t\t\t<div class=\"e-con-inner\">\n\t\t\t\t<div class=\"elementor-element elementor-element-794dc5b elementor-widget elementor-widget-heading\" data-id=\"794dc5b\" data-element_type=\"widget\" data-e-type=\"widget\" data-widget_type=\"heading.default\">\n\t\t\t\t<div class=\"elementor-widget-container\">\n\t\t\t\t\t<h2 class=\"elementor-heading-title elementor-size-default\">Id\u00e9es de visites culturelles et historiques avec des enfants \u00e0 Annecy<\/h2>\t\t\t\t<\/div>\n\t\t\t\t<\/div>\n\t\t\t\t<div class=\"elementor-element elementor-element-379bb82 elementor-widget elementor-widget-text-editor\" data-id=\"379bb82\" data-element_type=\"widget\" data-e-type=\"widget\" data-widget_type=\"text-editor.default\">\n\t\t\t\t<div class=\"elementor-widget-container\">\n\t\t\t\t\t\t\t\t\t<p>Annecy ne se limite pas \u00e0 ses paysages naturels et son lac aux eaux claires\u00a0: la ville propose \u00e9galement de nombreuses activit\u00e9s culturelles adapt\u00e9es aux familles. Par exemple, il suffit de se promener dans la <strong>vieille ville <\/strong>(ou plus pr\u00e9cis\u00e9ment <strong>Annecy-le-Vieux<\/strong>) pour constater un v\u00e9ritable d\u00e9cor de carte postale, avec ses ponts, ses fa\u00e7ades atypiques et ses canaux. Au milieu de ces derniers, le <strong>Palais de l\u2019Isle, <\/strong>un monument embl\u00e9matique de la vieille ville, attire particuli\u00e8rement l\u2019attention des plus jeunes du fait de sa forme originale qui rappelle les petits ch\u00e2teaux pos\u00e9s sur l\u2019eau que l\u2019on retrouve dans les contes. \u00c0 quelques pas de celui-l\u00e0, le <strong>ch\u00e2teau d\u2019Annecy<\/strong> est id\u00e9al \u00e0 visiter si vous souhaitez vous plonger dans l\u2019histoire m\u00e9di\u00e9vale, l\u2019art et les traditions alpines, tout en profitant d\u2019une vue \u00e0 couper le souffle sur la ville et le lac.<\/p><p>Enfin, sachez qu\u2019il est possible d\u2019agr\u00e9menter votre visite de la ville d\u2019Annecy en participant \u00e0 des <strong>visites guid\u00e9es ludiques<\/strong> ou des <strong>parcours interactifs<\/strong> organis\u00e9s par des associations et l\u2019office de tourisme d\u2019Annecy, sp\u00e9cialement con\u00e7us pour les enfants. Des activit\u00e9s parfaites pour apprendre tout en s\u2019amusant, que vous soyez petits ou grands, et de conna\u00eetre l\u2019histoire d\u2019Annecy par le biais de jeux.\u00a0<\/p>\t\t\t\t\t\t\t\t<\/div>\n\t\t\t\t<\/div>\n\t\t\t\t<div class=\"elementor-element elementor-element-550722a elementor-widget elementor-widget-image\" data-id=\"550722a\" data-element_type=\"widget\" data-e-type=\"widget\" data-widget_type=\"image.default\">\n\t\t\t\t<div class=\"elementor-widget-container\">\n\t\t\t\t\t\t\t\t\t\t\t\t\t\t\t<img decoding=\"async\" width=\"1254\" height=\"627\" src=\"https:\/\/www.locationlacannecy.fr\/blog\/wp-content\/uploads\/2026\/04\/enfants-annecy-famille.jpg\" class=\"attachment-full size-full wp-image-8772\" alt=\"\" srcset=\"https:\/\/www.locationlacannecy.fr\/blog\/wp-content\/uploads\/2026\/04\/enfants-annecy-famille.jpg 1254w, https:\/\/www.locationlacannecy.fr\/blog\/wp-content\/uploads\/2026\/04\/enfants-annecy-famille-300x150.jpg 300w, https:\/\/www.locationlacannecy.fr\/blog\/wp-content\/uploads\/2026\/04\/enfants-annecy-famille-1024x512.jpg 1024w, https:\/\/www.locationlacannecy.fr\/blog\/wp-content\/uploads\/2026\/04\/enfants-annecy-famille-768x384.jpg 768w\" sizes=\"(max-width: 1254px) 100vw, 1254px\" \/>\t\t\t\t\t\t\t\t\t\t\t\t\t\t\t<\/div>\n\t\t\t\t<\/div>\n\t\t\t\t\t<\/div>\n\t\t\t\t<\/div>\n\t\t<div class=\"elementor-element elementor-element-80f1a84 e-flex e-con-boxed e-con e-parent\" data-id=\"80f1a84\" data-element_type=\"container\" data-e-type=\"container\">\n\t\t\t\t\t<div class=\"e-con-inner\">\n\t\t\t\t<div class=\"elementor-element elementor-element-549734c elementor-widget elementor-widget-heading\" data-id=\"549734c\" data-element_type=\"widget\" data-e-type=\"widget\" data-widget_type=\"heading.default\">\n\t\t\t\t<div class=\"elementor-widget-container\">\n\t\t\t\t\t<h2 class=\"elementor-heading-title elementor-size-default\">O\u00f9 manger et se reposer en famille \u00e0 Annecy ?<\/h2>\t\t\t\t<\/div>\n\t\t\t\t<\/div>\n\t\t\t\t<div class=\"elementor-element elementor-element-a003471 elementor-widget elementor-widget-text-editor\" data-id=\"a003471\" data-element_type=\"widget\" data-e-type=\"widget\" data-widget_type=\"text-editor.default\">\n\t\t\t\t<div class=\"elementor-widget-container\">\n\t\t\t\t\t\t\t\t\t<p>Annecy ainsi que ses alentours proposent une large offre de restaurants et de lieux de d\u00e9tente adapt\u00e9s aux familles. Dans la vieille ville, par exemple, de nombreuses adresses, comme le <strong><a href=\"https:\/\/closdessens.com\/\">Clos des Sens<\/a><\/strong>, accueillent petits et grands dans une ambiance conviviale avec des menus h\u00e9t\u00e9roclites qui mettent l\u2019accent sur les saveurs et les sp\u00e9cialit\u00e9s locales. Pour les amateurs de gastronomie italienne et ceux qui veulent se faire plaisir, <strong><a href=\"https:\/\/www.les4gourmets.com\/\">Les Quatre Gourmets<\/a><\/strong>, un restaurant de caract\u00e8re,\u00a0vous fera appr\u00e9cier cette cuisine qui d\u00e9passe les fronti\u00e8res avec des ingr\u00e9dients d\u2019exception qui raviront les papilles de toute la famille.<\/p><p>Si vous recherchez plut\u00f4t quelque chose de plus d\u00e9tendu entre deux activit\u00e9s, les <strong>bords du lac<\/strong> sont \u00e9galement parfaits pour une pause d\u00e9tente. Il est d\u2019ailleurs possible de s\u2019installer en terrasse face \u00e0 l\u2019eau, de profiter d\u2019une glace artisanale ou de pique-niquer dans les espaces verts am\u00e9nag\u00e9s.<\/p>\t\t\t\t\t\t\t\t<\/div>\n\t\t\t\t<\/div>\n\t\t\t\t<div class=\"elementor-element elementor-element-e2d0294 elementor-align-center elementor-widget elementor-widget-button\" data-id=\"e2d0294\" data-element_type=\"widget\" data-e-type=\"widget\" data-widget_type=\"button.default\">\n\t\t\t\t<div class=\"elementor-widget-container\">\n\t\t\t\t\t\t\t\t\t<div class=\"elementor-button-wrapper\">\n\t\t\t\t\t<a class=\"elementor-button elementor-button-link elementor-size-sm\" href=\"https:\/\/www.locationlacannecy.fr\/blog\/les-restaurants-de-la-ville-dannecy-et-ses-rives\/\">\n\t\t\t\t\t\t<span class=\"elementor-button-content-wrapper\">\n\t\t\t\t\t\t\t\t\t<span class=\"elementor-button-text\">Restaurants Annecy<\/span>\n\t\t\t\t\t<\/span>\n\t\t\t\t\t<\/a>\n\t\t\t\t<\/div>\n\t\t\t\t\t\t\t\t<\/div>\n\t\t\t\t<\/div>\n\t\t\t\t\t<\/div>\n\t\t\t\t<\/div>\n\t\t<div class=\"elementor-element elementor-element-91662fd e-flex e-con-boxed e-con e-parent\" data-id=\"91662fd\" data-element_type=\"container\" data-e-type=\"container\">\n\t\t\t\t\t<div class=\"e-con-inner\">\n\t\t\t\t<div class=\"elementor-element elementor-element-e85a9c9 elementor-widget elementor-widget-heading\" data-id=\"e85a9c9\" data-element_type=\"widget\" data-e-type=\"widget\" data-widget_type=\"heading.default\">\n\t\t\t\t<div class=\"elementor-widget-container\">\n\t\t\t\t\t<h2 class=\"elementor-heading-title elementor-size-default\">Quelques conseils pratiques pour organiser votre s\u00e9jour en famille \u00e0 Annecy<\/h2>\t\t\t\t<\/div>\n\t\t\t\t<\/div>\n\t\t\t\t<div class=\"elementor-element elementor-element-61ead79 elementor-widget elementor-widget-text-editor\" data-id=\"61ead79\" data-element_type=\"widget\" data-e-type=\"widget\" data-widget_type=\"text-editor.default\">\n\t\t\t\t<div class=\"elementor-widget-container\">\n\t\t\t\t\t\t\t\t\t<p>Organiser un s\u00e9jour en famille \u00e0 Annecy demande un minimum de pr\u00e9paration afin de profiter pleinement de toutes les activit\u00e9s que vous pr\u00e9voyez. En outre, il est conseill\u00e9 de <strong>choisir un h\u00e9bergement proche du centre-ville ou du lac<\/strong> afin de faciliter les d\u00e9placements. Afin de vous faciliter la t\u00e2che, <a href=\"https:\/\/www.locationlacannecy.fr\/\">rendez-vous sur notre site<\/a> afin de trouver le pied-\u00e0-terre qui vous conviendra lors de votre s\u00e9jour en famille \u00e0 Annecy\u00a0!<\/p><p>Si vous vous demandez quelle est la meilleure p\u00e9riode pour visiter Annecy en famille, sachez qu\u2019elle se situe entre <strong>mai et septembre<\/strong>, lorsque les temp\u00e9ratures sont agr\u00e9ables et que toutes les activit\u00e9s en plein air sont accessibles, m\u00eame si le printemps et le d\u00e9but de l\u2019automne offrent \u00e9galement un excellent compromis, notamment si vous pr\u00e9f\u00e9rez la tranquillit\u00e9, loin des foules estivales.<\/p><p>Enfin, il est conseill\u00e9 de privil\u00e9gier les <strong>d\u00e9placements \u00e0 pied ou \u00e0 v\u00e9lo<\/strong>, la r\u00e9gion \u00e9tant parfaitement adapt\u00e9e pour ses modes de d\u00e9placement.<\/p>\t\t\t\t\t\t\t\t<\/div>\n\t\t\t\t<\/div>\n\t\t\t\t<div class=\"elementor-element elementor-element-f6e75fc elementor-widget elementor-widget-grid\" data-id=\"f6e75fc\" data-element_type=\"widget\" data-e-type=\"widget\" data-widget_type=\"grid.default\">\n\t\t\t\t<div class=\"elementor-widget-container\">\n\t\t\t\t\t\t\t<div class=\"its--row alojamientos-recomendados\">\n\n\t\t\t<div class=\"alojamientos-recomendados-container\">\n\n\t\t\t\t\t\n\t\t\t\t\t<a href=\"https:\/\/www.locationlacannecy.fr\/location\/maison-saint-jorioz-cosy-spirit-5-maison-au-calme-avec-vue-123506.html\" rel=\"nofollow\" style=\"width: 23%;\">\n\t\t\t\t\t\t<div class=\"apartamento-box\">\n\t\t\t\t\t\t\t<div class=\"imagen_recomendados\">\n\t\t\t\t\t\t\t\t<img decoding=\"async\" src=\"https:\/\/crs.avantio.com\/fotos\/2\/14041365219c289bbf1e388afa5cdd540371e75aa9\/big165579757892666f31bf503c05d3495bc5fdc0593d.jpg\" alt=\"Cosy spirit 5*,Maison au Calme avec vue\">\n\t\t\t\t\t\t\t<\/div>\n\t\t\t\t\t\t\t<div class=\"info\">\n\t\t\t\t\t\t\t\t<div class=\"ubicacion\">\n\t\t\t\t\t\t\t\t\t<i class=\"fa-solid fa-location-dot icono-mapa\"><\/i><span class=\"ubicacion-texto\">Saint-Jorioz - Haute-Savoie <\/span>\n\t\t\t\t\t\t\t\t<\/div>\n\t\t\t\t\t\t\t\t<H4 class=\"titulo-alojamiento\">\n\t\t\t\t\t\t\t\t\tCosy spirit 5*,Maison au Calme avec vue\t\t\t\t\t\t\t\t<\/H4>\n\t\t\t\t\t\t\t\t<p class=\"precio-alojamiento\">\u00c0 partir de <span class=\"precio\">294.00\u20ac<\/span> par nuit<\/p>\n\t\t\t\t\t\t\t<\/div>\n\t\t\t\t\t\t<\/div>\n\t\t\t\t\t<\/a> \n\t\t\t\t\t\t\n\t\t\t\t\t<a href=\"https:\/\/www.locationlacannecy.fr\/location\/appartement-duingt-les-libellules-pieds-dans-l-eau-124515.html\" rel=\"nofollow\" style=\"width: 23%;\">\n\t\t\t\t\t\t<div class=\"apartamento-box\">\n\t\t\t\t\t\t\t<div class=\"imagen_recomendados\">\n\t\t\t\t\t\t\t\t<img decoding=\"async\" src=\"https:\/\/crs.avantio.com\/fotos\/2\/1404059553ce938fb0fd741081ee4fe083eef48b6c\/big15159291561ab045bf62c3df581ba8cfe7f281b59c.jpg\" alt=\"LES LIBELLULES - Pieds dans l'eau\">\n\t\t\t\t\t\t\t<\/div>\n\t\t\t\t\t\t\t<div class=\"info\">\n\t\t\t\t\t\t\t\t<div class=\"ubicacion\">\n\t\t\t\t\t\t\t\t\t<i class=\"fa-solid fa-location-dot icono-mapa\"><\/i><span class=\"ubicacion-texto\">Duingt - Haute-Savoie <\/span>\n\t\t\t\t\t\t\t\t<\/div>\n\t\t\t\t\t\t\t\t<H4 class=\"titulo-alojamiento\">\n\t\t\t\t\t\t\t\t\tLES LIBELLULES - Pieds dans l'eau\t\t\t\t\t\t\t\t<\/H4>\n\t\t\t\t\t\t\t\t<p class=\"precio-alojamiento\">\u00c0 partir de <span class=\"precio\">125.44\u20ac<\/span> par nuit<\/p>\n\t\t\t\t\t\t\t<\/div>\n\t\t\t\t\t\t<\/div>\n\t\t\t\t\t<\/a> \n\t\t\t\t\t\t\n\t\t\t\t\t<a href=\"https:\/\/www.locationlacannecy.fr\/location\/maison-saint-jorioz-st-jorioz-villa-contemporaine-avec-piscine-et-vue-132368.html\" rel=\"nofollow\" style=\"width: 23%;\">\n\t\t\t\t\t\t<div class=\"apartamento-box\">\n\t\t\t\t\t\t\t<div class=\"imagen_recomendados\">\n\t\t\t\t\t\t\t\t<img decoding=\"async\" src=\"https:\/\/crs.avantio.com\/fotos\/2\/1422521162c8d22b74d21e51c2c42f5e16f178d91e\/big15956875451def68333949cb44ef32fa9dc387d5af.jpg\" alt=\"ST JORIOZ-Villa contemporaine avec Piscine et Vue\">\n\t\t\t\t\t\t\t<\/div>\n\t\t\t\t\t\t\t<div class=\"info\">\n\t\t\t\t\t\t\t\t<div class=\"ubicacion\">\n\t\t\t\t\t\t\t\t\t<i class=\"fa-solid fa-location-dot icono-mapa\"><\/i><span class=\"ubicacion-texto\">Saint-Jorioz - Haute-Savoie <\/span>\n\t\t\t\t\t\t\t\t<\/div>\n\t\t\t\t\t\t\t\t<H4 class=\"titulo-alojamiento\">\n\t\t\t\t\t\t\t\t\tST JORIOZ-Villa contemporaine avec Piscine et Vue\t\t\t\t\t\t\t\t<\/H4>\n\t\t\t\t\t\t\t\t<p class=\"precio-alojamiento\">\u00c0 partir de <span class=\"precio\">320.32\u20ac<\/span> par nuit<\/p>\n\t\t\t\t\t\t\t<\/div>\n\t\t\t\t\t\t<\/div>\n\t\t\t\t\t<\/a> \n\t\t\t\t\t\t\n\t\t\t\t\t<a href=\"https:\/\/www.locationlacannecy.fr\/location\/maison-saint-jorioz-st-jorioz-la-maison-du-port-180m-du-lac-8p-clim-266716.html\" rel=\"nofollow\" style=\"width: 23%;\">\n\t\t\t\t\t\t<div class=\"apartamento-box\">\n\t\t\t\t\t\t\t<div class=\"imagen_recomendados\">\n\t\t\t\t\t\t\t\t<img decoding=\"async\" src=\"https:\/\/crs.avantio.com\/fotos\/2\/1542126477dea3fcde3ed94415759343cade3c4706\/big1702559737dfd37dbc8a1156ec29369389303028d2.jpg\" alt=\"ST JORIOZ- La Maison du PORT 180m du lac. 8p Clim\">\n\t\t\t\t\t\t\t<\/div>\n\t\t\t\t\t\t\t<div class=\"info\">\n\t\t\t\t\t\t\t\t<div class=\"ubicacion\">\n\t\t\t\t\t\t\t\t\t<i class=\"fa-solid fa-location-dot icono-mapa\"><\/i><span class=\"ubicacion-texto\">Saint-Jorioz - Haute-Savoie <\/span>\n\t\t\t\t\t\t\t\t<\/div>\n\t\t\t\t\t\t\t\t<H4 class=\"titulo-alojamiento\">\n\t\t\t\t\t\t\t\t\tST JORIOZ- La Maison du PORT 180m du lac. 8p Clim\t\t\t\t\t\t\t\t<\/H4>\n\t\t\t\t\t\t\t\t<p class=\"precio-alojamiento\">\u00c0 partir de <span class=\"precio\">174.72\u20ac<\/span> par nuit<\/p>\n\t\t\t\t\t\t\t<\/div>\n\t\t\t\t\t\t<\/div>\n\t\t\t\t\t<\/a> \n\t\t\t\t\t\t\t\t<\/div>\n\t\t\t<\/div>\n\t\t\t\t\t\t<\/div>\n\t\t\t\t<\/div>\n\t\t\t\t\t<\/div>\n\t\t\t\t<\/div>\n\t\t<div class=\"elementor-element elementor-element-64652aa e-flex e-con-boxed e-con e-parent\" data-id=\"64652aa\" data-element_type=\"container\" data-e-type=\"container\">\n\t\t\t\t\t<div class=\"e-con-inner\">\n\t\t\t\t<div class=\"elementor-element elementor-element-12f08ed elementor-widget elementor-widget-heading\" data-id=\"12f08ed\" data-element_type=\"widget\" data-e-type=\"widget\" data-widget_type=\"heading.default\">\n\t\t\t\t<div class=\"elementor-widget-container\">\n\t\t\t\t\t<h2 class=\"elementor-heading-title elementor-size-default\">Planifiez d\u00e8s aujourd'hui votre visite en famille \u00e0 Annecy !<\/h2>\t\t\t\t<\/div>\n\t\t\t\t<\/div>\n\t\t\t\t<div class=\"elementor-element elementor-element-4e31694 elementor-widget elementor-widget-text-editor\" data-id=\"4e31694\" data-element_type=\"widget\" data-e-type=\"widget\" data-widget_type=\"text-editor.default\">\n\t\t\t\t<div class=\"elementor-widget-container\">\n\t\t\t\t\t\t\t\t\t<p><strong>Annecy est sans aucun doute l\u2019une des meilleures destinations<\/strong> pour un s\u00e9jour en famille en France. Entre lac et montagnes, avec des activit\u00e9s de plein air, un patrimoine historique et une gastronomie des plus all\u00e9chantes, la ville propose une diversit\u00e9 d\u2019exp\u00e9riences capable de s\u00e9duire toute la famille.<\/p><p>Que vous choisissiez de p\u00e9daler autour du lac, de d\u00e9couvrir la vieille ville, de vous aventurer en montagne ou simplement de profiter des plages, chaque moment pass\u00e9 \u00e0 Annecy devient une exp\u00e9rience m\u00e9morable. <a href=\"https:\/\/www.locationlacannecy.fr\/\"><strong>Planifiez d\u00e8s aujourd\u2019hui votre visite \u00e0 Annecy avec nous<\/strong><\/a> et offrez \u00e0 votre famille une escapade inoubliable au c\u0153ur des Alpes\u00a0!<\/p>\t\t\t\t\t\t\t\t<\/div>\n\t\t\t\t<\/div>\n\t\t\t\t\t<\/div>\n\t\t\t\t<\/div>\n\t\t<div class=\"elementor-element elementor-element-54fa114b e-flex e-con-boxed e-con e-parent\" data-id=\"54fa114b\" data-element_type=\"container\" data-e-type=\"container\">\n\t\t\t\t\t<div class=\"e-con-inner\">\n\t\t\t\t<div class=\"elementor-element elementor-element-51a41828 elementor-widget elementor-widget-template\" data-id=\"51a41828\" data-element_type=\"widget\" data-e-type=\"widget\" data-widget_type=\"template.default\">\n\t\t\t\t<div class=\"elementor-widget-container\">\n\t\t\t\t\t\t\t<div class=\"elementor-template\">\n\t\t\t\t\t<div data-elementor-type=\"container\" data-elementor-id=\"2863\" class=\"elementor elementor-2863 elementor-2924 elementor-2924\" data-elementor-post-type=\"elementor_library\">\n\t\t\t\t<div class=\"elementor-element elementor-element-794180e0 e-flex e-con-boxed e-con e-parent\" data-id=\"794180e0\" data-element_type=\"container\" data-e-type=\"container\">\n\t\t\t\t\t<div class=\"e-con-inner\">\n\t\t<div class=\"elementor-element elementor-element-7bd67a93 e-con-full e-flex e-con e-child\" data-id=\"7bd67a93\" data-element_type=\"container\" data-e-type=\"container\">\n\t\t\t\t<div class=\"elementor-element elementor-element-4d6f49e0 elementor-cta--skin-cover elementor-cta--valign-bottom elementor-animated-content elementor-bg-transform elementor-bg-transform-zoom-in elementor-widget elementor-widget-call-to-action\" data-id=\"4d6f49e0\" data-element_type=\"widget\" data-e-type=\"widget\" data-widget_type=\"call-to-action.default\">\n\t\t\t\t<div class=\"elementor-widget-container\">\n\t\t\t\t\t\t\t<div class=\"elementor-cta\">\n\t\t\t\t\t<div class=\"elementor-cta__bg-wrapper\">\n\t\t\t\t<div class=\"elementor-cta__bg elementor-bg\" style=\"background-image: url(https:\/\/www.locationlacannecy.fr\/blog\/wp-content\/uploads\/2025\/01\/location-saisonniere-lac-annecy-france-1.webp);\" role=\"img\" aria-label=\"location saisonni\u00e8re lac annecy france\"><\/div>\n\t\t\t\t<div class=\"elementor-cta__bg-overlay\"><\/div>\n\t\t\t<\/div>\n\t\t\t\t\t\t\t<div class=\"elementor-cta__content\">\n\t\t\t\t\n\t\t\t\t\n\t\t\t\t\n\t\t\t\t\t\t\t\t\t<div class=\"elementor-cta__button-wrapper elementor-cta__content-item elementor-content-item elementor-animated-item--grow\">\n\t\t\t\t\t<a class=\"elementor-cta__button elementor-button elementor-size-\" href=\"https:\/\/www.locationlacannecy.fr\/location-vacances-lac-annecy\/\">\n\t\t\t\t\t\tLOCATIONS LAC ANNECY\t\t\t\t\t<\/a>\n\t\t\t\t\t<\/div>\n\t\t\t\t\t\t\t<\/div>\n\t\t\t\t\t\t<\/div>\n\t\t\t\t\t\t<\/div>\n\t\t\t\t<\/div>\n\t\t\t\t<\/div>\n\t\t<div class=\"elementor-element elementor-element-6ae81fc2 e-con-full e-flex e-con e-child\" data-id=\"6ae81fc2\" data-element_type=\"container\" data-e-type=\"container\">\n\t\t\t\t<div class=\"elementor-element elementor-element-d5b7aa0 elementor-cta--skin-cover elementor-cta--valign-bottom elementor-animated-content elementor-bg-transform elementor-bg-transform-zoom-in elementor-widget elementor-widget-call-to-action\" data-id=\"d5b7aa0\" data-element_type=\"widget\" data-e-type=\"widget\" data-widget_type=\"call-to-action.default\">\n\t\t\t\t<div class=\"elementor-widget-container\">\n\t\t\t\t\t\t\t<div class=\"elementor-cta\">\n\t\t\t\t\t<div class=\"elementor-cta__bg-wrapper\">\n\t\t\t\t<div class=\"elementor-cta__bg elementor-bg\" style=\"background-image: url(https:\/\/www.locationlacannecy.fr\/blog\/wp-content\/uploads\/2024\/12\/appartements-vacances-lac-annecy.webp);\" role=\"img\" aria-label=\"appartements vacances lac annecy\"><\/div>\n\t\t\t\t<div class=\"elementor-cta__bg-overlay\"><\/div>\n\t\t\t<\/div>\n\t\t\t\t\t\t\t<div class=\"elementor-cta__content\">\n\t\t\t\t\n\t\t\t\t\n\t\t\t\t\n\t\t\t\t\t\t\t\t\t<div class=\"elementor-cta__button-wrapper elementor-cta__content-item elementor-content-item elementor-animated-item--grow\">\n\t\t\t\t\t<a class=\"elementor-cta__button elementor-button elementor-size-\" href=\"https:\/\/www.locationlacannecy.fr\/appartements-vacances-lac-annecy\/\">\n\t\t\t\t\t\tAPPARTEMENTS LAC ANNECY\t\t\t\t\t<\/a>\n\t\t\t\t\t<\/div>\n\t\t\t\t\t\t\t<\/div>\n\t\t\t\t\t\t<\/div>\n\t\t\t\t\t\t<\/div>\n\t\t\t\t<\/div>\n\t\t\t\t<\/div>\n\t\t<div class=\"elementor-element elementor-element-42fcb376 e-con-full e-flex e-con e-child\" data-id=\"42fcb376\" data-element_type=\"container\" data-e-type=\"container\">\n\t\t\t\t<div class=\"elementor-element elementor-element-4b19f703 elementor-cta--skin-cover elementor-cta--valign-bottom elementor-animated-content elementor-bg-transform elementor-bg-transform-zoom-in elementor-widget elementor-widget-call-to-action\" data-id=\"4b19f703\" data-element_type=\"widget\" data-e-type=\"widget\" data-widget_type=\"call-to-action.default\">\n\t\t\t\t<div class=\"elementor-widget-container\">\n\t\t\t\t\t\t\t<div class=\"elementor-cta\">\n\t\t\t\t\t<div class=\"elementor-cta__bg-wrapper\">\n\t\t\t\t<div class=\"elementor-cta__bg elementor-bg\" style=\"background-image: url(https:\/\/www.locationlacannecy.fr\/blog\/wp-content\/uploads\/2024\/12\/maisons-vacances-lac-annecy.webp);\" role=\"img\" aria-label=\"maisons-vacances-lac-annecy\"><\/div>\n\t\t\t\t<div class=\"elementor-cta__bg-overlay\"><\/div>\n\t\t\t<\/div>\n\t\t\t\t\t\t\t<div class=\"elementor-cta__content\">\n\t\t\t\t\n\t\t\t\t\n\t\t\t\t\n\t\t\t\t\t\t\t\t\t<div class=\"elementor-cta__button-wrapper elementor-cta__content-item elementor-content-item elementor-animated-item--grow\">\n\t\t\t\t\t<a class=\"elementor-cta__button elementor-button elementor-size-\" href=\"https:\/\/www.locationlacannecy.fr\/location\/maisons-lac-annecy-c19z1932\/\">\n\t\t\t\t\t\tMAISONS LAC ANNECY\t\t\t\t\t<\/a>\n\t\t\t\t\t<\/div>\n\t\t\t\t\t\t\t<\/div>\n\t\t\t\t\t\t<\/div>\n\t\t\t\t\t\t<\/div>\n\t\t\t\t<\/div>\n\t\t\t\t<\/div>\n\t\t\t\t\t<\/div>\n\t\t\t\t<\/div>\n\t\t\t\t<\/div>\n\t\t\t\t<\/div>\n\t\t\t\t\t\t<\/div>\n\t\t\t\t<\/div>\n\t\t\t\t\t<\/div>\n\t\t\t\t<\/div>\n\t\t<div class=\"elementor-element elementor-element-52112ab e-flex e-con-boxed e-con e-parent\" data-id=\"52112ab\" data-element_type=\"container\" data-e-type=\"container\">\n\t\t\t\t\t<div class=\"e-con-inner\">\n\t\t\t\t<div class=\"elementor-element elementor-element-162ed691 elementor-widget elementor-widget-spacer\" data-id=\"162ed691\" data-element_type=\"widget\" data-e-type=\"widget\" data-widget_type=\"spacer.default\">\n\t\t\t\t<div class=\"elementor-widget-container\">\n\t\t\t\t\t\t\t<div class=\"elementor-spacer\">\n\t\t\t<div class=\"elementor-spacer-inner\"><\/div>\n\t\t<\/div>\n\t\t\t\t\t\t<\/div>\n\t\t\t\t<\/div>\n\t\t\t\t\t<\/div>\n\t\t\t\t<\/div>\n\t\t<div class=\"elementor-element elementor-element-1e57b78f e-flex e-con-boxed e-con e-parent\" data-id=\"1e57b78f\" data-element_type=\"container\" data-e-type=\"container\">\n\t\t\t\t\t<div class=\"e-con-inner\">\n\t\t\t\t<div class=\"elementor-element elementor-element-652be91c elementor-shape-rounded elementor-grid-0 e-grid-align-center elementor-widget elementor-widget-social-icons\" data-id=\"652be91c\" data-element_type=\"widget\" data-e-type=\"widget\" data-widget_type=\"social-icons.default\">\n\t\t\t\t<div class=\"elementor-widget-container\">\n\t\t\t\t\t\t\t<div class=\"elementor-social-icons-wrapper elementor-grid\" role=\"list\">\n\t\t\t\t\t\t\t<span class=\"elementor-grid-item\" role=\"listitem\">\n\t\t\t\t\t<a class=\"elementor-icon elementor-social-icon elementor-social-icon-facebook elementor-repeater-item-d8d1a27\" href=\"https:\/\/www.facebook.com\/locationsaisonnieredeluxealpesetlacs\" target=\"_blank\">\n\t\t\t\t\t\t<span class=\"elementor-screen-only\">Facebook<\/span>\n\t\t\t\t\t\t<svg aria-hidden=\"true\" class=\"e-font-icon-svg e-fab-facebook\" viewBox=\"0 0 512 512\" xmlns=\"http:\/\/www.w3.org\/2000\/svg\"><path d=\"M504 256C504 119 393 8 256 8S8 119 8 256c0 123.78 90.69 226.38 209.25 245V327.69h-63V256h63v-54.64c0-62.15 37-96.48 93.67-96.48 27.14 0 55.52 4.84 55.52 4.84v61h-31.28c-30.8 0-40.41 19.12-40.41 38.73V256h68.78l-11 71.69h-57.78V501C413.31 482.38 504 379.78 504 256z\"><\/path><\/svg>\t\t\t\t\t<\/a>\n\t\t\t\t<\/span>\n\t\t\t\t\t\t\t<span class=\"elementor-grid-item\" role=\"listitem\">\n\t\t\t\t\t<a class=\"elementor-icon elementor-social-icon elementor-social-icon-instagram elementor-repeater-item-da4dbdd\" href=\"https:\/\/www.instagram.com\/lla_selections\/\" target=\"_blank\">\n\t\t\t\t\t\t<span class=\"elementor-screen-only\">Instagram<\/span>\n\t\t\t\t\t\t<svg aria-hidden=\"true\" class=\"e-font-icon-svg e-fab-instagram\" viewBox=\"0 0 448 512\" xmlns=\"http:\/\/www.w3.org\/2000\/svg\"><path d=\"M224.1 141c-63.6 0-114.9 51.3-114.9 114.9s51.3 114.9 114.9 114.9S339 319.5 339 255.9 287.7 141 224.1 141zm0 189.6c-41.1 0-74.7-33.5-74.7-74.7s33.5-74.7 74.7-74.7 74.7 33.5 74.7 74.7-33.6 74.7-74.7 74.7zm146.4-194.3c0 14.9-12 26.8-26.8 26.8-14.9 0-26.8-12-26.8-26.8s12-26.8 26.8-26.8 26.8 12 26.8 26.8zm76.1 27.2c-1.7-35.9-9.9-67.7-36.2-93.9-26.2-26.2-58-34.4-93.9-36.2-37-2.1-147.9-2.1-184.9 0-35.8 1.7-67.6 9.9-93.9 36.1s-34.4 58-36.2 93.9c-2.1 37-2.1 147.9 0 184.9 1.7 35.9 9.9 67.7 36.2 93.9s58 34.4 93.9 36.2c37 2.1 147.9 2.1 184.9 0 35.9-1.7 67.7-9.9 93.9-36.2 26.2-26.2 34.4-58 36.2-93.9 2.1-37 2.1-147.8 0-184.8zM398.8 388c-7.8 19.6-22.9 34.7-42.6 42.6-29.5 11.7-99.5 9-132.1 9s-102.7 2.6-132.1-9c-19.6-7.8-34.7-22.9-42.6-42.6-11.7-29.5-9-99.5-9-132.1s-2.6-102.7 9-132.1c7.8-19.6 22.9-34.7 42.6-42.6 29.5-11.7 99.5-9 132.1-9s102.7-2.6 132.1 9c19.6 7.8 34.7 22.9 42.6 42.6 11.7 29.5 9 99.5 9 132.1s2.7 102.7-9 132.1z\"><\/path><\/svg>\t\t\t\t\t<\/a>\n\t\t\t\t<\/span>\n\t\t\t\t\t\t\t<span class=\"elementor-grid-item\" role=\"listitem\">\n\t\t\t\t\t<a class=\"elementor-icon elementor-social-icon elementor-social-icon-youtube elementor-repeater-item-5c9b14b\" href=\"https:\/\/www.youtube.com\/@locationlacannecy-location7330\" target=\"_blank\">\n\t\t\t\t\t\t<span class=\"elementor-screen-only\">Youtube<\/span>\n\t\t\t\t\t\t<svg aria-hidden=\"true\" class=\"e-font-icon-svg e-fab-youtube\" viewBox=\"0 0 576 512\" xmlns=\"http:\/\/www.w3.org\/2000\/svg\"><path d=\"M549.655 124.083c-6.281-23.65-24.787-42.276-48.284-48.597C458.781 64 288 64 288 64S117.22 64 74.629 75.486c-23.497 6.322-42.003 24.947-48.284 48.597-11.412 42.867-11.412 132.305-11.412 132.305s0 89.438 11.412 132.305c6.281 23.65 24.787 41.5 48.284 47.821C117.22 448 288 448 288 448s170.78 0 213.371-11.486c23.497-6.321 42.003-24.171 48.284-47.821 11.412-42.867 11.412-132.305 11.412-132.305s0-89.438-11.412-132.305zm-317.51 213.508V175.185l142.739 81.205-142.739 81.201z\"><\/path><\/svg>\t\t\t\t\t<\/a>\n\t\t\t\t<\/span>\n\t\t\t\t\t<\/div>\n\t\t\t\t\t\t<\/div>\n\t\t\t\t<\/div>\n\t\t\t\t\t<\/div>\n\t\t\t\t<\/div>\n\t\t\t\t<\/div>\n\t\t","protected":false},"excerpt":{"rendered":"<p>Nich\u00e9e entre son lac et de magnifiques montagnes, Annecy est une destination parfaite pour un s\u00e9jour familial\u00a0; surnomm\u00e9e la Venise des Alpes, la ville s\u00e9duit par son cadre naturel exceptionnel, ses canaux fleuris, son lac r\u00e9put\u00e9 aux eaux cristallines et son atmosph\u00e8re \u00e0 la fois paisible et sportive. Une fois \u00e0 Annecy, vos enfants peuvent [&hellip;]<\/p>\n","protected":false},"author":6,"featured_media":8770,"comment_status":"closed","ping_status":"open","sticky":false,"template":"","format":"standard","meta":{"footnotes":""},"categories":[78,15],"tags":[],"class_list":["post-8726","post","type-post","status-publish","format-standard","has-post-thumbnail","hentry","category-activites","category-lac-annecy"],"yoast_head":"<!-- This site is optimized with the Yoast SEO plugin v27.4 - https:\/\/yoast.com\/product\/yoast-seo-wordpress\/ -->\n<title>Venir \u00e0 Annecy en famille : meilleures activit\u00e9s \u00e0 faire<\/title>\n<meta name=\"description\" content=\"D\u00e9couvrez les meilleures activit\u00e9s \u00e0 faire \u00e0 Annecy avec des enfants. Trouvez des activit\u00e9s originales et vivez une aventure inoubliable.\" \/>\n<meta name=\"robots\" content=\"index, follow, max-snippet:-1, max-image-preview:large, max-video-preview:-1\" \/>\n<link rel=\"canonical\" href=\"https:\/\/www.locationlacannecy.fr\/blog\/activite-annecy-en-famille\/\" \/>\n<meta property=\"og:locale\" content=\"fr_FR\" \/>\n<meta property=\"og:type\" content=\"article\" \/>\n<meta property=\"og:title\" content=\"Venir \u00e0 Annecy en famille : meilleures activit\u00e9s \u00e0 faire\" \/>\n<meta property=\"og:description\" content=\"D\u00e9couvrez les meilleures activit\u00e9s \u00e0 faire \u00e0 Annecy avec des enfants. Trouvez des activit\u00e9s originales et vivez une aventure inoubliable.\" \/>\n<meta property=\"og:url\" content=\"https:\/\/www.locationlacannecy.fr\/blog\/activite-annecy-en-famille\/\" \/>\n<meta property=\"og:site_name\" content=\"Tourisme au Lac d&#039;Annecy et dans les Alpes du Nord\" \/>\n<meta property=\"article:publisher\" content=\"https:\/\/www.facebook.com\/locationlacannecy\" \/>\n<meta property=\"article:published_time\" content=\"2026-04-16T14:46:20+00:00\" \/>\n<meta property=\"article:modified_time\" content=\"2026-04-27T05:58:27+00:00\" \/>\n<meta property=\"og:image\" content=\"https:\/\/www.locationlacannecy.fr\/blog\/wp-content\/uploads\/2026\/04\/Annecy-en-Famille.jpg\" \/>\n\t<meta property=\"og:image:width\" content=\"1254\" \/>\n\t<meta property=\"og:image:height\" content=\"418\" \/>\n\t<meta property=\"og:image:type\" content=\"image\/jpeg\" \/>\n<meta name=\"author\" content=\"Thibaut\" \/>\n<meta name=\"twitter:card\" content=\"summary_large_image\" \/>\n<meta name=\"twitter:label1\" content=\"Written by\" \/>\n\t<meta name=\"twitter:data1\" content=\"Thibaut\" \/>\n\t<meta name=\"twitter:label2\" content=\"Est. reading time\" \/>\n\t<meta name=\"twitter:data2\" content=\"8 minutes\" \/>\n<script type=\"application\/ld+json\" class=\"yoast-schema-graph\">{\"@context\":\"https:\\\/\\\/schema.org\",\"@graph\":[{\"@type\":\"Article\",\"@id\":\"https:\\\/\\\/www.locationlacannecy.fr\\\/blog\\\/activite-annecy-en-famille\\\/#article\",\"isPartOf\":{\"@id\":\"https:\\\/\\\/www.locationlacannecy.fr\\\/blog\\\/activite-annecy-en-famille\\\/\"},\"author\":{\"name\":\"Thibaut\",\"@id\":\"https:\\\/\\\/www.locationlacannecy.fr\\\/blog\\\/#\\\/schema\\\/person\\\/8def4a0d3f1a4265698eb6f51243a746\"},\"headline\":\"Venir \u00e0 Annecy en famille : les activit\u00e9s, les visites et des conseils pour un s\u00e9jour inoubliable avec vos enfants\",\"datePublished\":\"2026-04-16T14:46:20+00:00\",\"dateModified\":\"2026-04-27T05:58:27+00:00\",\"mainEntityOfPage\":{\"@id\":\"https:\\\/\\\/www.locationlacannecy.fr\\\/blog\\\/activite-annecy-en-famille\\\/\"},\"wordCount\":1280,\"publisher\":{\"@id\":\"https:\\\/\\\/www.locationlacannecy.fr\\\/blog\\\/#organization\"},\"image\":{\"@id\":\"https:\\\/\\\/www.locationlacannecy.fr\\\/blog\\\/activite-annecy-en-famille\\\/#primaryimage\"},\"thumbnailUrl\":\"https:\\\/\\\/www.locationlacannecy.fr\\\/blog\\\/wp-content\\\/uploads\\\/2026\\\/04\\\/Annecy-en-Famille.jpg\",\"articleSection\":[\"Activit\u00e9s\",\"Lac d'Annecy\"],\"inLanguage\":\"fr\"},{\"@type\":\"WebPage\",\"@id\":\"https:\\\/\\\/www.locationlacannecy.fr\\\/blog\\\/activite-annecy-en-famille\\\/\",\"url\":\"https:\\\/\\\/www.locationlacannecy.fr\\\/blog\\\/activite-annecy-en-famille\\\/\",\"name\":\"Venir \u00e0 Annecy en famille : meilleures activit\u00e9s \u00e0 faire\",\"isPartOf\":{\"@id\":\"https:\\\/\\\/www.locationlacannecy.fr\\\/blog\\\/#website\"},\"primaryImageOfPage\":{\"@id\":\"https:\\\/\\\/www.locationlacannecy.fr\\\/blog\\\/activite-annecy-en-famille\\\/#primaryimage\"},\"image\":{\"@id\":\"https:\\\/\\\/www.locationlacannecy.fr\\\/blog\\\/activite-annecy-en-famille\\\/#primaryimage\"},\"thumbnailUrl\":\"https:\\\/\\\/www.locationlacannecy.fr\\\/blog\\\/wp-content\\\/uploads\\\/2026\\\/04\\\/Annecy-en-Famille.jpg\",\"datePublished\":\"2026-04-16T14:46:20+00:00\",\"dateModified\":\"2026-04-27T05:58:27+00:00\",\"description\":\"D\u00e9couvrez les meilleures activit\u00e9s \u00e0 faire \u00e0 Annecy avec des enfants. Trouvez des activit\u00e9s originales et vivez une aventure inoubliable.\",\"breadcrumb\":{\"@id\":\"https:\\\/\\\/www.locationlacannecy.fr\\\/blog\\\/activite-annecy-en-famille\\\/#breadcrumb\"},\"inLanguage\":\"fr\",\"potentialAction\":[{\"@type\":\"ReadAction\",\"target\":[\"https:\\\/\\\/www.locationlacannecy.fr\\\/blog\\\/activite-annecy-en-famille\\\/\"]}]},{\"@type\":\"ImageObject\",\"inLanguage\":\"fr\",\"@id\":\"https:\\\/\\\/www.locationlacannecy.fr\\\/blog\\\/activite-annecy-en-famille\\\/#primaryimage\",\"url\":\"https:\\\/\\\/www.locationlacannecy.fr\\\/blog\\\/wp-content\\\/uploads\\\/2026\\\/04\\\/Annecy-en-Famille.jpg\",\"contentUrl\":\"https:\\\/\\\/www.locationlacannecy.fr\\\/blog\\\/wp-content\\\/uploads\\\/2026\\\/04\\\/Annecy-en-Famille.jpg\",\"width\":1254,\"height\":418,\"caption\":\"Annecy, France - August 26, 2013: Tourists on the bike path around the lake. The bike path is separated from the roadway, and runs along the lakeside for 36 kilometers (22 miles). Along the bike path, customers can rent bikes and take advantage of a repair service.\"},{\"@type\":\"BreadcrumbList\",\"@id\":\"https:\\\/\\\/www.locationlacannecy.fr\\\/blog\\\/activite-annecy-en-famille\\\/#breadcrumb\",\"itemListElement\":[{\"@type\":\"ListItem\",\"position\":1,\"name\":\"Home\",\"item\":\"https:\\\/\\\/www.locationlacannecy.fr\\\/blog\\\/\"},{\"@type\":\"ListItem\",\"position\":2,\"name\":\"Venir \u00e0 Annecy en famille : les activit\u00e9s, les visites et des conseils pour un s\u00e9jour inoubliable avec vos enfants\"}]},{\"@type\":\"WebSite\",\"@id\":\"https:\\\/\\\/www.locationlacannecy.fr\\\/blog\\\/#website\",\"url\":\"https:\\\/\\\/www.locationlacannecy.fr\\\/blog\\\/\",\"name\":\"https:\\\/\\\/www.locationlacannecy.fr\\\/blog\\\/\",\"description\":\"by LLA Selections \\\/\\\/ Location Lac Annecy\",\"publisher\":{\"@id\":\"https:\\\/\\\/www.locationlacannecy.fr\\\/blog\\\/#organization\"},\"alternateName\":\"https:\\\/\\\/www.locationlacannecy.fr\",\"potentialAction\":[{\"@type\":\"SearchAction\",\"target\":{\"@type\":\"EntryPoint\",\"urlTemplate\":\"https:\\\/\\\/www.locationlacannecy.fr\\\/blog\\\/?s={search_term_string}\"},\"query-input\":{\"@type\":\"PropertyValueSpecification\",\"valueRequired\":true,\"valueName\":\"search_term_string\"}}],\"inLanguage\":\"fr\"},{\"@type\":\"Organization\",\"@id\":\"https:\\\/\\\/www.locationlacannecy.fr\\\/blog\\\/#organization\",\"name\":\"Blog de Location lac Annecy\",\"url\":\"https:\\\/\\\/www.locationlacannecy.fr\\\/blog\\\/\",\"logo\":{\"@type\":\"ImageObject\",\"inLanguage\":\"fr\",\"@id\":\"https:\\\/\\\/www.locationlacannecy.fr\\\/blog\\\/#\\\/schema\\\/logo\\\/image\\\/\",\"url\":\"https:\\\/\\\/www.locationlacannecy.fr\\\/blog\\\/wp-content\\\/uploads\\\/2023\\\/01\\\/LLA-Selections-Publication-Facebook.png\",\"contentUrl\":\"https:\\\/\\\/www.locationlacannecy.fr\\\/blog\\\/wp-content\\\/uploads\\\/2023\\\/01\\\/LLA-Selections-Publication-Facebook.png\",\"width\":940,\"height\":788,\"caption\":\"Blog de Location lac Annecy\"},\"image\":{\"@id\":\"https:\\\/\\\/www.locationlacannecy.fr\\\/blog\\\/#\\\/schema\\\/logo\\\/image\\\/\"},\"sameAs\":[\"https:\\\/\\\/www.facebook.com\\\/locationlacannecy\",\"https:\\\/\\\/www.instagram.com\\\/locationsaisonnierealpes\\\/\",\"https:\\\/\\\/www.linkedin.com\\\/company\\\/location-lac-annecy-lla\\\/\"]},{\"@type\":\"Person\",\"@id\":\"https:\\\/\\\/www.locationlacannecy.fr\\\/blog\\\/#\\\/schema\\\/person\\\/8def4a0d3f1a4265698eb6f51243a746\",\"name\":\"Thibaut\",\"image\":{\"@type\":\"ImageObject\",\"inLanguage\":\"fr\",\"@id\":\"https:\\\/\\\/secure.gravatar.com\\\/avatar\\\/1657d3e03cb74dfd00a369778744d0f6773802ba2d5232a1fad7d484cfa7dcbe?s=96&d=mm&r=g\",\"url\":\"https:\\\/\\\/secure.gravatar.com\\\/avatar\\\/1657d3e03cb74dfd00a369778744d0f6773802ba2d5232a1fad7d484cfa7dcbe?s=96&d=mm&r=g\",\"contentUrl\":\"https:\\\/\\\/secure.gravatar.com\\\/avatar\\\/1657d3e03cb74dfd00a369778744d0f6773802ba2d5232a1fad7d484cfa7dcbe?s=96&d=mm&r=g\",\"caption\":\"Thibaut\"},\"url\":\"https:\\\/\\\/www.locationlacannecy.fr\\\/blog\\\/author\\\/thibaut\\\/\"}]}<\/script>\n<!-- \/ Yoast SEO plugin. -->","yoast_head_json":{"title":"Venir \u00e0 Annecy en famille : meilleures activit\u00e9s \u00e0 faire","description":"D\u00e9couvrez les meilleures activit\u00e9s \u00e0 faire \u00e0 Annecy avec des enfants. Trouvez des activit\u00e9s originales et vivez une aventure inoubliable.","robots":{"index":"index","follow":"follow","max-snippet":"max-snippet:-1","max-image-preview":"max-image-preview:large","max-video-preview":"max-video-preview:-1"},"canonical":"https:\/\/www.locationlacannecy.fr\/blog\/activite-annecy-en-famille\/","og_locale":"fr_FR","og_type":"article","og_title":"Venir \u00e0 Annecy en famille : meilleures activit\u00e9s \u00e0 faire","og_description":"D\u00e9couvrez les meilleures activit\u00e9s \u00e0 faire \u00e0 Annecy avec des enfants. Trouvez des activit\u00e9s originales et vivez une aventure inoubliable.","og_url":"https:\/\/www.locationlacannecy.fr\/blog\/activite-annecy-en-famille\/","og_site_name":"Tourisme au Lac d&#039;Annecy et dans les Alpes du Nord","article_publisher":"https:\/\/www.facebook.com\/locationlacannecy","article_published_time":"2026-04-16T14:46:20+00:00","article_modified_time":"2026-04-27T05:58:27+00:00","og_image":[{"width":1254,"height":418,"url":"https:\/\/www.locationlacannecy.fr\/blog\/wp-content\/uploads\/2026\/04\/Annecy-en-Famille.jpg","type":"image\/jpeg"}],"author":"Thibaut","twitter_card":"summary_large_image","twitter_misc":{"Written by":"Thibaut","Est. reading time":"8 minutes"},"schema":{"@context":"https:\/\/schema.org","@graph":[{"@type":"Article","@id":"https:\/\/www.locationlacannecy.fr\/blog\/activite-annecy-en-famille\/#article","isPartOf":{"@id":"https:\/\/www.locationlacannecy.fr\/blog\/activite-annecy-en-famille\/"},"author":{"name":"Thibaut","@id":"https:\/\/www.locationlacannecy.fr\/blog\/#\/schema\/person\/8def4a0d3f1a4265698eb6f51243a746"},"headline":"Venir \u00e0 Annecy en famille : les activit\u00e9s, les visites et des conseils pour un s\u00e9jour inoubliable avec vos enfants","datePublished":"2026-04-16T14:46:20+00:00","dateModified":"2026-04-27T05:58:27+00:00","mainEntityOfPage":{"@id":"https:\/\/www.locationlacannecy.fr\/blog\/activite-annecy-en-famille\/"},"wordCount":1280,"publisher":{"@id":"https:\/\/www.locationlacannecy.fr\/blog\/#organization"},"image":{"@id":"https:\/\/www.locationlacannecy.fr\/blog\/activite-annecy-en-famille\/#primaryimage"},"thumbnailUrl":"https:\/\/www.locationlacannecy.fr\/blog\/wp-content\/uploads\/2026\/04\/Annecy-en-Famille.jpg","articleSection":["Activit\u00e9s","Lac d'Annecy"],"inLanguage":"fr"},{"@type":"WebPage","@id":"https:\/\/www.locationlacannecy.fr\/blog\/activite-annecy-en-famille\/","url":"https:\/\/www.locationlacannecy.fr\/blog\/activite-annecy-en-famille\/","name":"Venir \u00e0 Annecy en famille : meilleures activit\u00e9s \u00e0 faire","isPartOf":{"@id":"https:\/\/www.locationlacannecy.fr\/blog\/#website"},"primaryImageOfPage":{"@id":"https:\/\/www.locationlacannecy.fr\/blog\/activite-annecy-en-famille\/#primaryimage"},"image":{"@id":"https:\/\/www.locationlacannecy.fr\/blog\/activite-annecy-en-famille\/#primaryimage"},"thumbnailUrl":"https:\/\/www.locationlacannecy.fr\/blog\/wp-content\/uploads\/2026\/04\/Annecy-en-Famille.jpg","datePublished":"2026-04-16T14:46:20+00:00","dateModified":"2026-04-27T05:58:27+00:00","description":"D\u00e9couvrez les meilleures activit\u00e9s \u00e0 faire \u00e0 Annecy avec des enfants. Trouvez des activit\u00e9s originales et vivez une aventure inoubliable.","breadcrumb":{"@id":"https:\/\/www.locationlacannecy.fr\/blog\/activite-annecy-en-famille\/#breadcrumb"},"inLanguage":"fr","potentialAction":[{"@type":"ReadAction","target":["https:\/\/www.locationlacannecy.fr\/blog\/activite-annecy-en-famille\/"]}]},{"@type":"ImageObject","inLanguage":"fr","@id":"https:\/\/www.locationlacannecy.fr\/blog\/activite-annecy-en-famille\/#primaryimage","url":"https:\/\/www.locationlacannecy.fr\/blog\/wp-content\/uploads\/2026\/04\/Annecy-en-Famille.jpg","contentUrl":"https:\/\/www.locationlacannecy.fr\/blog\/wp-content\/uploads\/2026\/04\/Annecy-en-Famille.jpg","width":1254,"height":418,"caption":"Annecy, France - August 26, 2013: Tourists on the bike path around the lake. The bike path is separated from the roadway, and runs along the lakeside for 36 kilometers (22 miles). Along the bike path, customers can rent bikes and take advantage of a repair service."},{"@type":"BreadcrumbList","@id":"https:\/\/www.locationlacannecy.fr\/blog\/activite-annecy-en-famille\/#breadcrumb","itemListElement":[{"@type":"ListItem","position":1,"name":"Home","item":"https:\/\/www.locationlacannecy.fr\/blog\/"},{"@type":"ListItem","position":2,"name":"Venir \u00e0 Annecy en famille : les activit\u00e9s, les visites et des conseils pour un s\u00e9jour inoubliable avec vos enfants"}]},{"@type":"WebSite","@id":"https:\/\/www.locationlacannecy.fr\/blog\/#website","url":"https:\/\/www.locationlacannecy.fr\/blog\/","name":"https:\/\/www.locationlacannecy.fr\/blog\/","description":"by LLA Selections \/\/ Location Lac Annecy","publisher":{"@id":"https:\/\/www.locationlacannecy.fr\/blog\/#organization"},"alternateName":"https:\/\/www.locationlacannecy.fr","potentialAction":[{"@type":"SearchAction","target":{"@type":"EntryPoint","urlTemplate":"https:\/\/www.locationlacannecy.fr\/blog\/?s={search_term_string}"},"query-input":{"@type":"PropertyValueSpecification","valueRequired":true,"valueName":"search_term_string"}}],"inLanguage":"fr"},{"@type":"Organization","@id":"https:\/\/www.locationlacannecy.fr\/blog\/#organization","name":"Blog de Location lac Annecy","url":"https:\/\/www.locationlacannecy.fr\/blog\/","logo":{"@type":"ImageObject","inLanguage":"fr","@id":"https:\/\/www.locationlacannecy.fr\/blog\/#\/schema\/logo\/image\/","url":"https:\/\/www.locationlacannecy.fr\/blog\/wp-content\/uploads\/2023\/01\/LLA-Selections-Publication-Facebook.png","contentUrl":"https:\/\/www.locationlacannecy.fr\/blog\/wp-content\/uploads\/2023\/01\/LLA-Selections-Publication-Facebook.png","width":940,"height":788,"caption":"Blog de Location lac Annecy"},"image":{"@id":"https:\/\/www.locationlacannecy.fr\/blog\/#\/schema\/logo\/image\/"},"sameAs":["https:\/\/www.facebook.com\/locationlacannecy","https:\/\/www.instagram.com\/locationsaisonnierealpes\/","https:\/\/www.linkedin.com\/company\/location-lac-annecy-lla\/"]},{"@type":"Person","@id":"https:\/\/www.locationlacannecy.fr\/blog\/#\/schema\/person\/8def4a0d3f1a4265698eb6f51243a746","name":"Thibaut","image":{"@type":"ImageObject","inLanguage":"fr","@id":"https:\/\/secure.gravatar.com\/avatar\/1657d3e03cb74dfd00a369778744d0f6773802ba2d5232a1fad7d484cfa7dcbe?s=96&d=mm&r=g","url":"https:\/\/secure.gravatar.com\/avatar\/1657d3e03cb74dfd00a369778744d0f6773802ba2d5232a1fad7d484cfa7dcbe?s=96&d=mm&r=g","contentUrl":"https:\/\/secure.gravatar.com\/avatar\/1657d3e03cb74dfd00a369778744d0f6773802ba2d5232a1fad7d484cfa7dcbe?s=96&d=mm&r=g","caption":"Thibaut"},"url":"https:\/\/www.locationlacannecy.fr\/blog\/author\/thibaut\/"}]}},"_links":{"self":[{"href":"https:\/\/www.locationlacannecy.fr\/blog\/wp-json\/wp\/v2\/posts\/8726","targetHints":{"allow":["GET"]}}],"collection":[{"href":"https:\/\/www.locationlacannecy.fr\/blog\/wp-json\/wp\/v2\/posts"}],"about":[{"href":"https:\/\/www.locationlacannecy.fr\/blog\/wp-json\/wp\/v2\/types\/post"}],"author":[{"embeddable":true,"href":"https:\/\/www.locationlacannecy.fr\/blog\/wp-json\/wp\/v2\/users\/6"}],"replies":[{"embeddable":true,"href":"https:\/\/www.locationlacannecy.fr\/blog\/wp-json\/wp\/v2\/comments?post=8726"}],"version-history":[{"count":10,"href":"https:\/\/www.locationlacannecy.fr\/blog\/wp-json\/wp\/v2\/posts\/8726\/revisions"}],"predecessor-version":[{"id":8784,"href":"https:\/\/www.locationlacannecy.fr\/blog\/wp-json\/wp\/v2\/posts\/8726\/revisions\/8784"}],"wp:featuredmedia":[{"embeddable":true,"href":"https:\/\/www.locationlacannecy.fr\/blog\/wp-json\/wp\/v2\/media\/8770"}],"wp:attachment":[{"href":"https:\/\/www.locationlacannecy.fr\/blog\/wp-json\/wp\/v2\/media?parent=8726"}],"wp:term":[{"taxonomy":"category","embeddable":true,"href":"https:\/\/www.locationlacannecy.fr\/blog\/wp-json\/wp\/v2\/categories?post=8726"},{"taxonomy":"post_tag","embeddable":true,"href":"https:\/\/www.locationlacannecy.fr\/blog\/wp-json\/wp\/v2\/tags?post=8726"}],"curies":[{"name":"wp","href":"https:\/\/api.w.org\/{rel}","templated":true}]}}